{"id":43462,"date":"2011-11-26T16:44:36","date_gmt":"2011-11-26T14:44:36","guid":{"rendered":"http:\/\/www.korhanyilmaz.com\/?p=43462"},"modified":"2011-11-26T23:03:22","modified_gmt":"2011-11-26T21:03:22","slug":"chpli-onder-sava-dava","status":"publish","type":"post","link":"http:\/\/www.korhanyilmaz.com\/?p=43462","title":{"rendered":"CHP&#8217;li \u00d6nder Sav&#8217;a dava!"},"content":{"rendered":"<p style=\"text-align: justify;\"><a href=\"http:\/\/www.korhanyilmaz.com\/wp-content\/uploads\/2011\/11\/7385.jpg\"  class=\"lightview\"><img loading=\"lazy\" decoding=\"async\" class=\"aligncenter size-full wp-image-43463\" title=\"\" src=\"http:\/\/www.korhanyilmaz.com\/wp-content\/uploads\/2011\/11\/7385.jpg\" alt=\"\" width=\"313\" height=\"212\" \/><\/a><\/p>\n<p style=\"text-align: justify;\">Eski CHP Genel Sekreteri \u00d6nder Sav hakk\u0131nda, hacca gitmek isteyen bir partiliye y\u00f6nelik s\u00f6zleri nedeniyle, 6 aydan 1 y\u0131la kadar hapis cezas\u0131 istemiyle dava a\u00e7\u0131ld\u0131.<\/p>\n<p style=\"text-align: justify;\">CHP Genel Sekreteri oldu\u011fu 17 May\u0131s 2008 tarihinde Ankara&#8217;n\u0131n Elmada\u011f il\u00e7esinde \u00e7e\u015fitli ziyaretlerde bulunan \u00d6nder Sav&#8217;\u0131n, belediye ba\u015fkan\u0131n\u0131n makam odas\u0131nda bir partiliye y\u00f6nelik s\u00f6zleri hakk\u0131nda Elmada\u011f Cumhuriyet Savc\u0131l\u0131\u011f\u0131 inceleme ba\u015flatm\u0131\u015ft\u0131.\u00a0<!--more--><\/p>\n<p style=\"text-align: justify;\">\u00c7e\u015fitli su\u00e7 duyurular\u0131 sonras\u0131 yap\u0131lan inceleme sonras\u0131 Sav&#8217;\u0131n, &#8220;dini de\u011ferleri alenen a\u015fa\u011f\u0131lad\u0131\u011f\u0131&#8221; g\u00f6r\u00fc\u015f\u00fcne varan savc\u0131l\u0131k, haz\u0131rlad\u0131\u011f\u0131 iddianameyi mahkemeye sundu.<\/p>\n<p style=\"text-align: justify;\">\u0130ddianamede, s\u00f6z konusu ziyaret s\u0131ras\u0131nda, parti \u00fcyesi Mustafa \u00dcnal&#8217;\u0131n (72) hacca gitme istedi\u011fini bildirdi\u011fi Sav&#8217;\u0131n &#8220;Bo\u015f ver, Araplara para kapt\u0131rma&#8221; dedi\u011fi hat\u0131rlat\u0131ld\u0131.<\/p>\n<p style=\"text-align: justify;\">\u00dcnal&#8217;\u0131n &#8220;bir aya\u011f\u0131m \u00e7ukurda&#8221; demesi \u00fczerine Sav&#8217;\u0131n, &#8216;Bakars\u0131n Muhammed seni b\u0131rakmaz, sen yine \u015fey yapma. Elinden tutar, seni geri g\u00f6ndermez&#8221; ifadelerini kulland\u0131\u011f\u0131 aktar\u0131lan iddianamede, bu konu\u015fmalar\u0131n\u0131n halka a\u00e7\u0131k toplant\u0131y\u0131 izleyen bas\u0131n mensuplar\u0131 taraf\u0131ndan da kameraya kaydedildi\u011fi vurguland\u0131.<\/p>\n<p style=\"text-align: justify;\">Konuya ili\u015fkin ulusal televizyon ve gazetelerde \u00e7e\u015fitli haberler yer ald\u0131\u011f\u0131 da bildirilen iddianamede, \u015f\u00fcphelinin savunmas\u0131, tan\u0131k anlat\u0131mlar\u0131, g\u00f6rsel ve yaz\u0131l\u0131 bas\u0131nda yer alan haberlerin dosyaya eklendi\u011fi bilgisine yer verilerek, \u00d6nder Sav&#8217;\u0131n &#8220;Dini de\u011ferleri alenen a\u015fa\u011f\u0131lamak kast\u0131yla, \u0130slam dini ve onu temsil eden de\u011ferleri a\u015fa\u011f\u0131layan s\u00f6zler s\u00f6yledi\u011fi, tamam\u0131na yak\u0131n\u0131 M\u00fcsl\u00fcman olan bir toplumda bu t\u00fcr konu\u015fmalar\u0131n kamu bar\u0131\u015f\u0131n\u0131 bozacak nitelikte oldu\u011fu ve dini de\u011ferleri alenen a\u015fa\u011f\u0131lama su\u00e7unu i\u015fledi\u011fi&#8221; kaydedildi.<\/p>\n<p style=\"text-align: justify;\">Sav&#8217;\u0131n TCK&#8217;n\u0131n 216\/3, 53\/1-2 ve CMK&#8217;nun 325. maddeleri gere\u011fince 6 aydan 1 y\u0131la kadar hapisle cezaland\u0131r\u0131lmas\u0131 talep edilen iddianame, Elmada\u011f Sulh Ceza\u00a0Mahkemesine g\u00f6nderildi.<\/p>\n<p style=\"text-align: justify;\"><a href=\"http:\/\/www.cnnturk.com\/2011\/turkiye\/11\/26\/chpli.onder.sava.dava\/638252.0\/index.html\" target=\"_blank\">Kaynak : CNN T\u00dcRK<\/a><\/p>\n","protected":false},"excerpt":{"rendered":"<p style=\"text-align: justify;\">\n<p style=\"text-align: justify;\">Eski CHP Genel Sekreteri \u00d6nder Sav hakk\u0131nda, hacca gitmek isteyen bir partiliye y\u00f6nelik s\u00f6zleri nedeniyle, 6 aydan 1 y\u0131la kadar hapis cezas\u0131 istemiyle dava a\u00e7\u0131ld\u0131.<\/p>\n<p style=\"text-align: justify;\">CHP Genel Sekreteri oldu\u011fu 17 May\u0131s 2008 tarihinde Ankara&#8217;n\u0131n Elmada\u011f il\u00e7esinde \u00e7e\u015fitli ziyaretlerde bulunan \u00d6nder Sav&#8217;\u0131n, belediye ba\u015fkan\u0131n\u0131n makam odas\u0131nda bir partiliye y\u00f6nelik <\/p>\n","protected":false},"author":1,"featured_media":0,"comment_status":"open","ping_status":"open","sticky":false,"template":"","format":"standard","meta":{"footnotes":""},"categories":[105],"tags":[],"class_list":["post-43462","post","type-post","status-publish","format-standard","hentry","category-gundem","odd"],"_links":{"self":[{"href":"http:\/\/www.korhanyilmaz.com\/index.php?rest_route=\/wp\/v2\/posts\/43462","targetHints":{"allow":["GET"]}}],"collection":[{"href":"http:\/\/www.korhanyilmaz.com\/index.php?rest_route=\/wp\/v2\/posts"}],"about":[{"href":"http:\/\/www.korhanyilmaz.com\/index.php?rest_route=\/wp\/v2\/types\/post"}],"author":[{"embeddable":true,"href":"http:\/\/www.korhanyilmaz.com\/index.php?rest_route=\/wp\/v2\/users\/1"}],"replies":[{"embeddable":true,"href":"http:\/\/www.korhanyilmaz.com\/index.php?rest_route=%2Fwp%2Fv2%2Fcomments&post=43462"}],"version-history":[{"count":0,"href":"http:\/\/www.korhanyilmaz.com\/index.php?rest_route=\/wp\/v2\/posts\/43462\/revisions"}],"wp:attachment":[{"href":"http:\/\/www.korhanyilmaz.com\/index.php?rest_route=%2Fwp%2Fv2%2Fmedia&parent=43462"}],"wp:term":[{"taxonomy":"category","embeddable":true,"href":"http:\/\/www.korhanyilmaz.com\/index.php?rest_route=%2Fwp%2Fv2%2Fcategories&post=43462"},{"taxonomy":"post_tag","embeddable":true,"href":"http:\/\/www.korhanyilmaz.com\/index.php?rest_route=%2Fwp%2Fv2%2Ftags&post=43462"}],"curies":[{"name":"wp","href":"https:\/\/api.w.org\/{rel}","templated":true}]}}