{"id":43446,"date":"2011-11-26T02:01:31","date_gmt":"2011-11-26T00:01:31","guid":{"rendered":"http:\/\/www.korhanyilmaz.com\/?p=43446"},"modified":"2011-11-26T18:04:44","modified_gmt":"2011-11-26T16:04:44","slug":"chpde-alt-zeminmuhalefeti","status":"publish","type":"post","link":"http:\/\/www.korhanyilmaz.com\/?p=43446","title":{"rendered":"CHP&#8217;de &#8216;Alt Zemin&#8217;muhalefeti"},"content":{"rendered":"<p style=\"text-align: center;\"><a href=\"http:\/\/www.korhanyilmaz.com\/wp-content\/uploads\/2011\/11\/7382.jpg\"  class=\"lightview\"><img loading=\"lazy\" decoding=\"async\" class=\"aligncenter  wp-image-43447\" src=\"http:\/\/www.korhanyilmaz.com\/wp-content\/uploads\/2011\/11\/7382.jpg\" alt=\"\" width=\"320\" height=\"214\" \/><\/a><\/p>\n<p style=\"text-align: justify;\">Muhalifler \u0130stanbul ve Ankara&#8217;da iki toplant\u0131 yapt\u0131. Baykal&#8217;\u0131n Meclis&#8217;te A Blok Alt Zemin&#8217;deki odas\u0131 muhaliflerin yeni \u00fcss\u00fc.<\/p>\n<p style=\"text-align: justify;\">ANKARA- CHP Tunceli Milletvekili H\u00fcseyin Ayg\u00fcn\u2019\u00fcn a\u00e7\u0131klamas\u0131yla ba\u015flayan Dersim tart\u0131\u015fmas\u0131 CHP\u2019de cad\u0131 kazan\u0131n\u0131n alt\u0131n\u0131 alevledi. Ayg\u00fcn\u2019e kar\u015f\u0131 12 bildiricinin Genel Merkez\u2019i g\u00f6reve \u00e7a\u011f\u0131rmas\u0131na kar\u015f\u0131n CHP lideri Kemal K\u0131l\u0131\u00e7daro\u011flu\u2019nun izledi\u011fi \u2018Dersim politikas\u0131\u2019 partide \u00e7atla\u011f\u0131 derinle\u015ftirirken, \u00e7ok say\u0131da tepkili milletvekili muhalif hareket ba\u015flatt\u0131. Muhaliflerin TBMM\u2019deki yeni \u00fcss\u00fc Deniz Baykal\u2019\u0131n A Blok Alt Zemin\u2019deki odas\u0131.<!--more--><\/p>\n<p style=\"text-align: justify;\">Ba\u015fbakan Tayyip Erdo\u011fan\u2019\u0131n CHP\u2019yi ele\u015ftirerek, Dersim olaylar\u0131yla ilgili baz\u0131 belgeleri a\u00e7\u0131klamas\u0131n\u0131n ard\u0131ndan, K\u0131l\u0131\u00e7daro\u011flu\u2019nun \u201c\u00d6z\u00fcr dilemek yetmez, el konulan mallar\u0131n\u0131 da geri ver. Belgeler zaten biliniyor, devletin elindeki belgeleri a\u00e7\u0131kla\u201d diyerek yan\u0131t vermesi, CHP\u2019de K\u0131l\u0131\u00e7daro\u011flu\u2019nun iddialar\u0131n arkas\u0131nda durdu\u011fu izlenimini yaratt\u0131. Bu durum, bir\u00e7ok partiliyi ve milletvekilini rahats\u0131z etti. Genel Ba\u015fkan K\u0131l\u0131\u00e7daro\u011flu\u2019nun, CHP\u2019nin ge\u00e7mi\u015fini yarg\u0131layarak, parti ilkelerine yak\u0131\u015fmayan tav\u0131r sergiledi\u011fini savunan CHP\u2019li muhalifler, daha \u00f6nce bir bildiri yay\u0131mlayan milletvekillerinin yan\u0131nda yer alarak harekete ge\u00e7ti.<\/p>\n<p style=\"text-align: justify;\"><strong>\u2018K\u0131l\u0131\u00e7daro\u011flu\u2019nun s\u00f6zleri barda\u011f\u0131 ta\u015f\u0131rd\u0131\u2019<\/strong><\/p>\n<p style=\"text-align: justify;\">\u00d6nceki g\u00fcn eski CHP milletvekilleri Esfender Korkmaz\u2019\u0131n giri\u015fimiyle \u0130stanbul\u2019da, Akif Ekici\u2019nin giri\u015fimiyle Ankara\u2019da iki toplant\u0131 yap\u0131ld\u0131. Benzer toplant\u0131lar\u0131n \u00e7e\u015fitli illerde yap\u0131ld\u0131\u011f\u0131 bilgisi kulislere yans\u0131d\u0131. Toplant\u0131lara \u00e7ok say\u0131da eski milletvekili, eski belediye ba\u015fkan\u0131 ve eski Parti Meclisi \u00fcyesi kat\u0131ld\u0131. Her iki toplant\u0131da da K\u0131l\u0131\u00e7daro\u011flu\u2019nun partinin misyonu ve vizyonunu temsil edemedi\u011fi gerek\u00e7esiyle kendisine kar\u015f\u0131 muhalefetin sertle\u015ftirilmesi karar\u0131 a\u011f\u0131rl\u0131k kazand\u0131. \u201cK\u0131l\u0131\u00e7daro\u011flu\u2019nun Dersim a\u00e7\u0131klamalar\u0131yla bardak ta\u015ft\u0131. CHP kendi kalesine gol at\u0131yor\u201d diyen muhalifler ola\u011fan\u00fcst\u00fc Genel Kurul da dahil olmak \u00fczere baz\u0131 se\u00e7enekleri g\u00fcndemine ald\u0131.<\/p>\n<p style=\"text-align: justify;\">Muhalifler bu \u00e7er\u00e7evede ilk olarak, milletvekillerine \u00e7a\u011fr\u0131 yaparak, partinin ge\u00e7mi\u015fine ve \u00e7izgisine y\u00f6nelik ele\u015ftiriler kar\u015f\u0131s\u0131nda seslerini y\u00fckseltmelerini isteyecek.<\/p>\n<p style=\"text-align: justify;\">\u0130kinci ad\u0131m olarak da ola\u011fan kurultay i\u00e7in takvimin ba\u015flad\u0131\u011f\u0131n\u0131 belirterek, bu s\u00fcre\u00e7te parti i\u00e7i demokrasinin korunmas\u0131 i\u00e7in m\u00fccadele edecek. \u0130\u00e7lerinde Ankara il \u00f6rg\u00fct\u00fcn\u00fcn de bulundu\u011fu g\u00f6revden al\u0131nan baz\u0131 il ve il\u00e7e \u00f6rg\u00fctlerinin mahkemeye ba\u015fvurdu\u011funu \u00f6\u011frenen muhalifler, bu s\u00fcreci mercek alt\u0131na ald\u0131. \u0130l ve il\u00e7e delege se\u00e7imlerinde ve il kongrelerinde partinin \u00e7izgisine uygun adaylar\u0131n se\u00e7ilmesi i\u00e7in \u00e7aba g\u00f6sterilecek. Te\u015fkilatlarda benzeri g\u00f6revden almalar\u0131n ya\u015fanmas\u0131na engel olunacak.<\/p>\n<p style=\"text-align: justify;\">Bu arada \u00e7ok fazla \u00f6rg\u00fct\u00fcn g\u00f6revden al\u0131nd\u0131\u011f\u0131n\u0131 s\u00f6yleyen muhalifler, \u00f6rg\u00fctlerin s\u0131k\u0131nt\u0131 i\u00e7erisinde oldu\u011funu ve Genel Merkez\u2019e tepkilerin dikkat \u00e7ekti\u011fini vurgulad\u0131.<\/p>\n<p style=\"text-align: justify;\"><strong>Ola\u011fan\u00fcst\u00fc kongreye gitme ihtimali<\/strong><\/p>\n<p style=\"text-align: justify;\">Bu \u00e7er\u00e7evede daha \u00f6nce ola\u011fan\u00fcst\u00fc kongre i\u00e7in imza toplamakta zorlanan muhaliflerin, i\u00e7lerinde Kastamonu ve Osmaniye te\u015fkilatlar\u0131n\u0131n da yer ald\u0131\u011f\u0131 baz\u0131 delegelerden olumlu sinyal ald\u0131\u011f\u0131 belirtildi. Bu \u00e7er\u00e7evede yeterli destek al\u0131narak ola\u011fan\u00fcst\u00fc kongreye gidilebilece\u011fi kaydedildi.<\/p>\n<p style=\"text-align: justify;\">Partide t\u00fcm bu geli\u015fmeler ya\u015fan\u0131rken muhaliflerin TBMM\u2019deki yeni \u00fcss\u00fc de eski Genel Ba\u015fkan Deniz Baykal\u2019\u0131n A Blok Alt Zemin\u2019de bulunan odas\u0131 oldu. Son bir haftada odaya gelen CHP\u2019li ziyaret\u00e7ilerin say\u0131s\u0131ndaki art\u0131\u015f dikkat \u00e7ekti.<\/p>\n<p style=\"text-align: justify;\"><a href=\"http:\/\/www.radikal.com.tr\/Radikal.aspx?aType=RadikalHaberDetayV3&amp;ArticleID=1070704&amp;Date=26.11.2011&amp;CategoryID=78\" target=\"_blank\">Kaynak : Radikal.com.tr<\/a><\/p>\n","protected":false},"excerpt":{"rendered":"<p style=\"text-align: center;\">\n<p style=\"text-align: justify;\">Muhalifler \u0130stanbul ve Ankara&#8217;da iki toplant\u0131 yapt\u0131. Baykal&#8217;\u0131n Meclis&#8217;te A Blok Alt Zemin&#8217;deki odas\u0131 muhaliflerin yeni \u00fcss\u00fc.<\/p>\n<p style=\"text-align: justify;\">ANKARA- CHP Tunceli Milletvekili H\u00fcseyin Ayg\u00fcn\u2019\u00fcn a\u00e7\u0131klamas\u0131yla ba\u015flayan Dersim tart\u0131\u015fmas\u0131 CHP\u2019de cad\u0131 kazan\u0131n\u0131n alt\u0131n\u0131 alevledi. Ayg\u00fcn\u2019e kar\u015f\u0131 12 bildiricinin Genel Merkez\u2019i g\u00f6reve \u00e7a\u011f\u0131rmas\u0131na kar\u015f\u0131n CHP lideri Kemal K\u0131l\u0131\u00e7daro\u011flu\u2019nun izledi\u011fi \u2018Dersim politikas\u0131\u2019 <\/p>\n","protected":false},"author":1,"featured_media":0,"comment_status":"open","ping_status":"open","sticky":false,"template":"","format":"standard","meta":{"footnotes":""},"categories":[105],"tags":[],"class_list":["post-43446","post","type-post","status-publish","format-standard","hentry","category-gundem","odd"],"_links":{"self":[{"href":"http:\/\/www.korhanyilmaz.com\/index.php?rest_route=\/wp\/v2\/posts\/43446","targetHints":{"allow":["GET"]}}],"collection":[{"href":"http:\/\/www.korhanyilmaz.com\/index.php?rest_route=\/wp\/v2\/posts"}],"about":[{"href":"http:\/\/www.korhanyilmaz.com\/index.php?rest_route=\/wp\/v2\/types\/post"}],"author":[{"embeddable":true,"href":"http:\/\/www.korhanyilmaz.com\/index.php?rest_route=\/wp\/v2\/users\/1"}],"replies":[{"embeddable":true,"href":"http:\/\/www.korhanyilmaz.com\/index.php?rest_route=%2Fwp%2Fv2%2Fcomments&post=43446"}],"version-history":[{"count":0,"href":"http:\/\/www.korhanyilmaz.com\/index.php?rest_route=\/wp\/v2\/posts\/43446\/revisions"}],"wp:attachment":[{"href":"http:\/\/www.korhanyilmaz.com\/index.php?rest_route=%2Fwp%2Fv2%2Fmedia&parent=43446"}],"wp:term":[{"taxonomy":"category","embeddable":true,"href":"http:\/\/www.korhanyilmaz.com\/index.php?rest_route=%2Fwp%2Fv2%2Fcategories&post=43446"},{"taxonomy":"post_tag","embeddable":true,"href":"http:\/\/www.korhanyilmaz.com\/index.php?rest_route=%2Fwp%2Fv2%2Ftags&post=43446"}],"curies":[{"name":"wp","href":"https:\/\/api.w.org\/{rel}","templated":true}]}}