{"id":43437,"date":"2011-11-26T15:52:26","date_gmt":"2011-11-26T13:52:26","guid":{"rendered":"http:\/\/www.korhanyilmaz.com\/?p=43437"},"modified":"2011-11-26T17:57:12","modified_gmt":"2011-11-26T15:57:12","slug":"haksizliklari-bundan-sonra-aninda-paylasacagim","status":"publish","type":"post","link":"http:\/\/www.korhanyilmaz.com\/?p=43437","title":{"rendered":"\u201cDenetmenlerin stajyer oldu\u011fundan bile \u015f\u00fcpheliyim\u201d"},"content":{"rendered":"<p style=\"text-align: center;\"><a href=\"http:\/\/www.korhanyilmaz.com\/wp-content\/uploads\/2011\/11\/7380.jpg\"  class=\"lightview\"><img loading=\"lazy\" decoding=\"async\" class=\"aligncenter  wp-image-43438\" src=\"http:\/\/www.korhanyilmaz.com\/wp-content\/uploads\/2011\/11\/7380.jpg\" alt=\"\" width=\"360\" height=\"240\" \/><\/a><\/p>\n<p style=\"text-align: justify;\">Belediye Ba\u015fkan\u0131 Aziz Kocao\u011flu, \u0130zmir Belediyesi&#8217;ne d\u00fczenlenen operasyonu sert s\u00f6zlerle ele\u015ftirdi. Operasyon nedeniyle gitti\u011fi Paris&#8217;teki EXPO toplant\u0131s\u0131nda konu\u015fturulmayaca\u011f\u0131n\u0131 iddia eden Kocao\u011flu, 7,5 y\u0131ld\u0131r kendisiyle pinpon topu gibi oynand\u0131\u011f\u0131n\u0131, kendisine kap\u0131s\u0131n\u0131 kapatan, y\u00fcz\u00fcn\u00fc ek\u015fiten genel m\u00fcd\u00fcrler oldu\u011funu savundu.<!--more--><\/p>\n<p style=\"text-align: justify;\">\u0130ZM\u0130R &#8211; \u0130zmir B\u00fcy\u00fck\u015fehir Belediye Ba\u015fkan\u0131 Aziz Kocao\u011flu, belediyeye y\u00f6nelik d\u00fczenlenen operasyonla ilgili olarak, Bu d\u00f6nem allem, kallem oldu. Ya bakan ya vali konu\u015facakt\u0131. Orada olsam da o k\u00fcrs\u00fcye \u00e7\u0131kmayacakt\u0131m. Ben konu\u015fmayacakt\u0131m, konu\u015fturulmayacakt\u0131m. D\u00f6rt \u00fclkenin belediye ba\u015fkan\u0131 konu\u015ftu. Kendini anlatt\u0131. Kalks\u0131n bir yetkili &#8216;konu\u015fturulacakt\u0131&#8217; desin, asaca\u011f\u0131m kendimi nam olsun diye\u201d ifadelerini kulland\u0131.<\/p>\n<p style=\"text-align: justify;\">\u0130zmir B\u00fcy\u00fck\u015fehir Belediye Ba\u015fkan\u0131 Aziz Kocao\u011flu, belediyeye y\u00f6nelik d\u00fczenlenen operasyonla ilgili olarak, \u201cBizi tefti\u015f etmek i\u00e7in g\u00f6nderilen vergi denetmenlerinin stajyer oldu\u011fundan bile \u015f\u00fcpheliyim. Kurdun s\u00fcr\u00fcye dald\u0131\u011f\u0131 gibi \u0130zmir B\u00fcy\u00fck\u015fehir Belediyesi&#8217;ne dald\u0131lar\u201d dedi. Kocao\u011flu, \u0130zmir B\u00fcy\u00fck\u015fehir Belediyesi&#8217;nin Torbal\u0131 il\u00e7esinde 13,5 milyon liral\u0131k yat\u0131r\u0131mla ger\u00e7ekle\u015ftirece\u011fi 146 kilometrelik kanalizasyon \u015febekesinin temel atma t\u00f6renine kat\u0131ld\u0131.<\/p>\n<p style=\"text-align: justify;\">T\u00f6rende yapt\u0131\u011f\u0131 konu\u015fmada, \u0130zmir B\u00fcy\u00fck\u015fehir Belediye Ba\u015fkanl\u0131\u011f\u0131 koltu\u011funa oturduktan sonra ilk 2 sene boyunca g\u00fcnde 2 saat uykuyla ya\u015fad\u0131\u011f\u0131n\u0131, her \u015feyden \u00f6nce \u0130zmir&#8217;i \u00f6\u011frenmeye \u00e7al\u0131\u015ft\u0131\u011f\u0131n\u0131 belirten Kocao\u011flu, \u00e7al\u0131\u015fmalar\u0131nda daima bir matematik \u00f6\u011fretmeninin s\u00f6yledi\u011fi \u201cYapamam deme, yapan senden \u00fcst\u00fcn de\u011fildir\u201d s\u00f6z\u00fcn\u00fc d\u00fcstur edindi\u011fini kaydetti. Ak Parti iktidar\u0131n\u0131 s\u00fcrekli olarak \u0130zmir B\u00fcy\u00fck\u015fehir Belediyesi \u00fczerinden siyaset y\u00fcr\u00fctmekle su\u00e7layan Kocao\u011flu, \u201c\u0130ktidar partisinin \u00f6nce 2009 yerel se\u00e7imlerini, \u0130zmir B\u00fcy\u00fck\u015fehir Belediyesi \u00fczerinden y\u00fcr\u00fctmeye \u00e7al\u0131\u015ft\u0131\u011f\u0131n\u0131 ancak \u0130zmirlilerin bu oyuna gelmeyerek, kentin 28 il\u00e7esinde CHP&#8217;li belediye ba\u015fkanlar\u0131n\u0131 se\u00e7ti\u011fini\u201d dile getirdi.<\/p>\n<p style=\"text-align: justify;\">Kocao\u011flu, bu y\u0131l yap\u0131lan genel se\u00e7imler \u00f6ncesinde ise \u0130zmir b\u00fcy\u00fck\u015fehir Belediyesi ve ba\u011fl\u0131 \u015firketlerine y\u00f6nelik operasyon d\u00fczenlendi\u011fini hat\u0131rlatarak, bu operasyon s\u0131ras\u0131nda EXPO organizasyonu i\u00e7in Paris&#8217;e niyet mektubu g\u00f6t\u00fcrmeye haz\u0131rland\u0131\u011f\u0131n\u0131 ancak operasyon olunca \u0130zmir&#8217;de kald\u0131klar\u0131n\u0131 hat\u0131rlatarak, benzer \u015fekilde bir ka\u00e7 g\u00fcn \u00f6nce de 60 ki\u015filik bir heyetle EXPO adayl\u0131k sunumu i\u00e7in Paris&#8217;te bulunduklar\u0131 s\u0131rada ikinci kez operasyon d\u00fczenlendi\u011fini ve sunuma kat\u0131lamadan ilk u\u00e7akla \u0130zmir&#8217;e d\u00f6nmek zorunda kald\u0131\u011f\u0131n\u0131 kaydetti.<\/p>\n<p style=\"text-align: justify;\"><strong>\u201cDenetmenlerin stajyer oldu\u011fundan bile \u015f\u00fcpheliyim\u201d\u00a0<\/strong><\/p>\n<p style=\"text-align: justify;\">Bu operasyonda, \u00d6zel Kalem M\u00fcd\u00fcr\u00fc Levent \u0130\u015fler&#8217;in, kendisine kapal\u0131 zarf verdi\u011fi i\u00e7in \u201cg\u00f6z hapsine\u201d al\u0131nd\u0131\u011f\u0131n\u0131, d\u00fcn de serbest b\u0131rak\u0131ld\u0131\u011f\u0131n\u0131 savunan Kocao\u011flu, \u015f\u00f6yle konu\u015ftu: \u201cHerkese evrak kapal\u0131 zarfla gider. Savc\u0131n\u0131n g\u00f6nderdi\u011fi evra\u011f\u0131 m\u00fcba\u015fir okuyarak m\u0131 ba\u015fsavc\u0131ya g\u00f6t\u00fcr\u00fcyor? Bunun bir tek anlam\u0131 var. &#8216;Kap\u0131ya dayand\u0131m, son kap\u0131ya geldim, seni istiyorum&#8217; diyor. Savc\u0131 konu\u015fmaz, dosya haz\u0131rlar. Sal\u0131 sabah\u0131 operasyon oldu. \u00c7ar\u015famba g\u00fcn\u00fc savc\u0131 r\u00f6portaj veriyor. Adalet sadece \u0130zmir B\u00fcy\u00fck\u015fehir Belediye Ba\u015fkan\u0131na, siyasilere b\u00fcrokratlara laz\u0131m de\u011fil. \u0130sim benzerli\u011finden dolay\u0131 g\u00f6t\u00fcr\u00fclen \u00e7ift\u00e7iye, albaya da laz\u0131m. Adalet m\u00fclk\u00fcn temelidir. \u015eimdi diyorlar ki, &#8216;zamanlama iyi olmad\u0131&#8217;; zamanlamas\u0131 de\u011fil, bu operasyon k\u00f6kten yanl\u0131\u015f. Nereden bakarsan bak yanl\u0131\u015f. &#8216;Neden gocunuyorsun&#8217; diyorlar. Gocunmuyorum. Bug\u00fcne kadar bir m\u00fcfetti\u015f raporuna dayanarak operasyon yap\u0131l\u0131p da hangi belge topland\u0131. Toplad\u0131n\u0131z g\u00f6t\u00fcrd\u00fcn\u00fcz, ne buldunuz? Biz soru\u015fturmaya kar\u015f\u0131 de\u011filiz. Yasalar\u0131 da biliyoruz. \u00c7ete stat\u00fcs\u00fcne sokularak \u00f6zel yetkili savc\u0131larla yap\u0131lan haks\u0131z eyleme kar\u015f\u0131y\u0131z. Adaletin \u00e7i\u011fnenmesine kar\u015f\u0131y\u0131z. Biz inceleme yap\u0131lmas\u0131na kar\u015f\u0131 de\u011filiz. Bizi tefti\u015f etmek i\u00e7in g\u00f6nderilen vergi denetmenlerinin stajyer oldu\u011fundan bile \u015f\u00fcpheliyim. Kurdun s\u00fcr\u00fcye dalmas\u0131 gibi \u0130zmir B\u00fcy\u00fck\u015fehir Belediyesine dald\u0131lar.\u201d<\/p>\n<p style=\"text-align: justify;\"><strong>\u201cParis&#8217;te konu\u015fturulmayacakt\u0131m\u201d\u00a0<\/strong><\/p>\n<p style=\"text-align: justify;\">Operasyon nedeniyle EXPO sunumana kat\u0131lamad\u0131\u011f\u0131n\u0131 ancak orada kalsa bile zaten kent ad\u0131na konu\u015fturulmayaca\u011f\u0131n\u0131 ileri s\u00fcren Kocao\u011flu, \u201cBu d\u00f6nem allem, kallem oldu. Ya bakan ya vali konu\u015facakt\u0131. Orada olsam da o k\u00fcrs\u00fcye \u00e7\u0131kmayacakt\u0131m. Ben konu\u015fmayacakt\u0131m, konu\u015fturulmayacakt\u0131m. D\u00f6rt \u00fclkenin belediye ba\u015fkan\u0131 konu\u015ftu. Kendini anlatt\u0131. Kalks\u0131n bir yetkili &#8216;konu\u015fturulacakt\u0131&#8217; desin, asaca\u011f\u0131m kendimi nam olsun diye\u201d ifadelerini kulland\u0131.<\/p>\n<p style=\"text-align: justify;\">Kenti kalk\u0131nd\u0131rmak i\u00e7in \u00e7al\u0131\u015ft\u0131\u011f\u0131n\u0131 ancak 7,5 y\u0131ld\u0131r kendisiyle pinpon topu gibi oynand\u0131\u011f\u0131n\u0131, kendisine kap\u0131s\u0131n\u0131 kapatan, y\u00fcz\u00fcn\u00fc ek\u015fiten genel m\u00fcd\u00fcrler oldu\u011funu savunan Kocao\u011flu, \u201cHazine M\u00fcste\u015far\u0131 \u0130brahim \u00c7anak\u00e7\u0131&#8217;y\u0131 telefonla ar\u0131yorum. Konu\u015famad\u0131m. Ben \u0130zmir B\u00fcy\u00fck\u015fehir Belediye Ba\u015fkan\u0131y\u0131m, ben vatan haini miyim? Benim telefonuma neden \u00e7\u0131km\u0131yorsun? Sen kimsin?\u201d dedi. Kocao\u011flu, \u0130zmir B\u00fcy\u00fck\u015fehir Belediyesi projelerinin hayata ge\u00e7irilmemesi i\u00e7in \u00e7e\u015fitli engeller \u00e7\u0131kar\u0131ld\u0131\u011f\u0131n\u0131 da \u00f6ne s\u00fcrerek, yapt\u0131klar\u0131 bir yol \u00e7al\u0131\u015fmas\u0131nda 35 metrelik yolun Yeni Girne&#8217;ye ba\u011flanaca\u011f\u0131n\u0131 ancak karayollar\u0131n\u0131n ba\u011flant\u0131 b\u00f6l\u00fcm\u00fcn\u00fc barikatla kapatt\u0131\u011f\u0131n\u0131 iddia etti.<\/p>\n<p style=\"text-align: justify;\">T\u00fcrkiye&#8217;de hi\u00e7bir kurum ve kurulu\u015fun \u0130zmir B\u00fcy\u00fck\u015fehir Belediyesi kadar lime lime aranmad\u0131\u011f\u0131n\u0131 savunan Kocao\u011flu, d\u00fczenlenen ikinci operasyonda tutuklanan evrak memurlar\u0131 ve sendikac\u0131lar\u0131n iddianame beklemeden serbest b\u0131rak\u0131lmas\u0131n\u0131 istedi.<\/p>\n<p style=\"text-align: justify;\"><strong>\u201cHaks\u0131zl\u0131klar\u0131 bundan sonra an\u0131nda payla\u015faca\u011f\u0131m\u201d\u00a0<\/strong><\/p>\n<p style=\"text-align: justify;\">Kocao\u011flu, bug\u00fcnden itibaren kendisine yap\u0131lan bir haks\u0131zl\u0131\u011f\u0131n, \u0130zmirlilere yap\u0131lan bir haks\u0131zl\u0131k olaca\u011f\u0131n\u0131 ve bu nedenle yap\u0131lacak haks\u0131zl\u0131klar\u0131 bundan sonra kentliyle an\u0131nda payla\u015faca\u011f\u0131n\u0131 savunarak, \u015funlar\u0131 s\u00f6yledi: \u201c7,5 senedir sineye \u00e7ekiyorum ama daha \u00e7ekmeyece\u011fim. San\u0131yorlar ki, Aziz Kocao\u011flu m\u00fccadele etmeyi bilmiyor. Biz hayat\u0131n b\u00fct\u00fcn zorlu yollar\u0131ndan ge\u00e7tik. Biz hakl\u0131y\u0131z, do\u011fruyuz, \u00e7al\u0131\u015fkan\u0131z, onurluyuz \u015ferefliyiz. Veremeyecek hesab\u0131m\u0131z yok olmad\u0131. Zaten bulsayd\u0131n\u0131z ka\u00e7 defa kullanm\u0131\u015ft\u0131n\u0131z. Ba\u015fkalar\u0131yla kar\u0131\u015ft\u0131rmay\u0131n beni. Biz vatan\u0131n b\u00f6l\u00fcnmez b\u00fct\u00fcnl\u00fc\u011f\u00fcnden yanay\u0131z. Bana \u00e7ete muamelesi yapamazs\u0131n\u0131z. Suyu buland\u0131r\u0131yorlar. \u0130zmir&#8217;in sevecen insanlar\u0131n\u0131n, adalet talebini t\u00fcm d\u00fcnyaya, T\u00fcrkiye&#8217;ye hayk\u0131r\u0131yorum. Adalet istiyorum. Kendim i\u00e7in de\u011fil, \u00fclkem i\u00e7in adalet istiyorum.\u201d<\/p>\n<p style=\"text-align: justify;\">Temel atma t\u00f6renine CHP Genel Ba\u015fkan Yard\u0131mc\u0131s\u0131 Birg\u00fcl Ayman G\u00fcler, CHP \u0130zmir milletvekilleri Alaaddin Y\u00fcksel, Mustafa Moro\u011flu, Erdal Aks\u00fcnger ve Aytun \u00c7\u0131ray da kat\u0131ld\u0131.<\/p>\n<p style=\"text-align: justify;\"><a href=\"http:\/\/www.radikal.com.tr\/Radikal.aspx?aType=RadikalDetayV3&amp;ArticleID=1070734&amp;Date=26.11.2011&amp;CategoryID=78\" target=\"_blank\">Kaynak : Radikal.com.tr<\/a><\/p>\n","protected":false},"excerpt":{"rendered":"<p style=\"text-align: center;\">\n<p style=\"text-align: justify;\">Belediye Ba\u015fkan\u0131 Aziz Kocao\u011flu, \u0130zmir Belediyesi&#8217;ne d\u00fczenlenen operasyonu sert s\u00f6zlerle ele\u015ftirdi. Operasyon nedeniyle gitti\u011fi Paris&#8217;teki EXPO toplant\u0131s\u0131nda konu\u015fturulmayaca\u011f\u0131n\u0131 iddia eden Kocao\u011flu, 7,5 y\u0131ld\u0131r kendisiyle pinpon topu gibi oynand\u0131\u011f\u0131n\u0131, kendisine kap\u0131s\u0131n\u0131 kapatan, y\u00fcz\u00fcn\u00fc ek\u015fiten genel m\u00fcd\u00fcrler oldu\u011funu savundu.<\/p>\n","protected":false},"author":1,"featured_media":0,"comment_status":"open","ping_status":"open","sticky":false,"template":"","format":"standard","meta":{"footnotes":""},"categories":[105],"tags":[],"class_list":["post-43437","post","type-post","status-publish","format-standard","hentry","category-gundem","odd"],"_links":{"self":[{"href":"http:\/\/www.korhanyilmaz.com\/index.php?rest_route=\/wp\/v2\/posts\/43437","targetHints":{"allow":["GET"]}}],"collection":[{"href":"http:\/\/www.korhanyilmaz.com\/index.php?rest_route=\/wp\/v2\/posts"}],"about":[{"href":"http:\/\/www.korhanyilmaz.com\/index.php?rest_route=\/wp\/v2\/types\/post"}],"author":[{"embeddable":true,"href":"http:\/\/www.korhanyilmaz.com\/index.php?rest_route=\/wp\/v2\/users\/1"}],"replies":[{"embeddable":true,"href":"http:\/\/www.korhanyilmaz.com\/index.php?rest_route=%2Fwp%2Fv2%2Fcomments&post=43437"}],"version-history":[{"count":0,"href":"http:\/\/www.korhanyilmaz.com\/index.php?rest_route=\/wp\/v2\/posts\/43437\/revisions"}],"wp:attachment":[{"href":"http:\/\/www.korhanyilmaz.com\/index.php?rest_route=%2Fwp%2Fv2%2Fmedia&parent=43437"}],"wp:term":[{"taxonomy":"category","embeddable":true,"href":"http:\/\/www.korhanyilmaz.com\/index.php?rest_route=%2Fwp%2Fv2%2Fcategories&post=43437"},{"taxonomy":"post_tag","embeddable":true,"href":"http:\/\/www.korhanyilmaz.com\/index.php?rest_route=%2Fwp%2Fv2%2Ftags&post=43437"}],"curies":[{"name":"wp","href":"https:\/\/api.w.org\/{rel}","templated":true}]}}