{"id":43433,"date":"2011-11-26T15:25:57","date_gmt":"2011-11-26T13:25:57","guid":{"rendered":"http:\/\/www.korhanyilmaz.com\/?p=43433"},"modified":"2011-11-26T16:28:39","modified_gmt":"2011-11-26T14:28:39","slug":"kckde-34-kisi-daha-tutuklandi","status":"publish","type":"post","link":"http:\/\/www.korhanyilmaz.com\/?p=43433","title":{"rendered":"KCK&#8217;de 34 ki\u015fi daha tutukland\u0131"},"content":{"rendered":"<p style=\"text-align: center;\"><a href=\"http:\/\/www.korhanyilmaz.com\/wp-content\/uploads\/2011\/11\/7379.jpg\"  class=\"lightview\"><img loading=\"lazy\" decoding=\"async\" class=\"aligncenter  wp-image-43434\" src=\"http:\/\/www.korhanyilmaz.com\/wp-content\/uploads\/2011\/11\/7379.jpg\" alt=\"\" width=\"322\" height=\"241\" \/><\/a><\/p>\n<p style=\"text-align: justify;\">\u0130stanbul&#8217;daki KCK soru\u015fturmas\u0131 kapsam\u0131nda adliyeye sevkedilen 43 ki\u015fiden 34&#8217;\u00fc tutukland\u0131, 9 ki\u015fi ise serbest b\u0131rak\u0131ld\u0131. Serbest b\u0131rak\u0131lanlar aras\u0131nda eski milletvekili Mahmut Al\u0131nak da yeral\u0131yor.<\/p>\n<p style=\"text-align: justify;\">\u0130stanbul- Be\u015fikta\u015f&#8217;taki \u0130stanbul Adliyesinde Cumhuriyet savc\u0131lar\u0131 taraf\u0131ndan ifadeleri al\u0131nd\u0131ktan sonra tutuklanmalar\u0131 istemiyle n\u00f6bet\u00e7i 11. A\u011f\u0131r Ceza Mahkemesi&#8217;ne sevk edilen 43 ki\u015fiden 34&#8217;\u00fc tutuklan\u0131rken 9 ki\u015fi serbest b\u0131rak\u0131ld\u0131.\u00a0<!--more--><\/p>\n<p style=\"text-align: justify;\">D\u00fcn sabah saatlerinde Be\u015fikta\u015f&#8217;taki \u0130stanbul Adliyesine sevk edilen 46 ki\u015finin ifadeleri, soru\u015fturmay\u0131 y\u00fcr\u00fcten \u00f6zel yetkili Cumhuriyet savc\u0131lar\u0131 Adnan \u00c7imen ve \u0130smail Tando\u011fan&#8217;\u0131n yan\u0131 s\u0131ra adliyede g\u00f6revli di\u011fer savc\u0131larca ak\u015fam saatlerinde tamamlanm\u0131\u015ft\u0131.<\/p>\n<p style=\"text-align: justify;\">Bu ki\u015filerden 41&#8217;i avukat, 43&#8217;\u00fc savc\u0131l\u0131k taraf\u0131ndan tutuklanmalar\u0131 istemiyle \u0130stanbul N\u00f6bet\u00e7i 11. A\u011f\u0131r Ceza Mahkemesine sevk edilmi\u015f, 3 ki\u015fi de serbest b\u0131rak\u0131lm\u0131\u015ft\u0131.<\/p>\n<p style=\"text-align: justify;\">Adliye \u00e7\u0131k\u0131\u015f\u0131nda bas\u0131n mensuplar\u0131na a\u00e7\u0131klama yapan \u0130zmir Barosu Ba\u015fkan\u0131 Sema Tekta\u015f \u015f\u00f6yle konu\u015ftu:<\/p>\n<p style=\"text-align: justify;\">&#8221;Biz avukatlar, ger\u00e7ekten \u00e7ok yara ald\u0131k, avukatl\u0131k mesle\u011fine yap\u0131lm\u0131\u015f bir sald\u0131r\u0131 ile kar\u015f\u0131 kar\u015f\u0131ya kald\u0131k. T\u00fcrkiye tarihinde ilk defa bu kadar b\u00fcy\u00fck avukat g\u00f6zalt\u0131s\u0131 ve arkas\u0131ndan da tutuklamas\u0131 ya\u015fand\u0131. D\u00fcn gece s\u00fcren sorgular sonunda bug\u00fcn a\u00e7\u0131kland\u0131, 8 avukat serbest b\u0131rak\u0131ld\u0131. Toplam 33 avukat arkada\u015f\u0131m\u0131z tutukland\u0131. Sadece mesleklerini yap\u0131yor olmaktan dolay\u0131. Biz sorgulara girdik. Sorgularda onlara sorulan sorular, sadece meslekleriyle ilgili sorulard\u0131, ba\u015fkaca hi\u00e7bir soru yoktu. Bu b\u00fcy\u00fck bir aymazl\u0131k ve hoyratl\u0131k. T\u00fcrkiye hala bir demokratik hukuk devleti olma \u00f6zelli\u011fini g\u00f6sterememi\u015f durumda. biz meslekta\u015flar\u0131m\u0131z\u0131n yan\u0131nday\u0131z. Avukatl\u0131k mesle\u011fini sonuna kadar savunaca\u011f\u0131z. Bu yap\u0131lanlar\u0131 kabul etmiyoruz.&#8221;<\/p>\n<p style=\"text-align: justify;\">Bu arada, aralar\u0131nda avukatlar\u0131n da bulundu\u011fu bu ki\u015filerin, mahkemede savunmalar\u0131 i\u00e7in \u0130stanbul Barosunca g\u00f6revlendirilen avukatlar\u0131 reddederek, kendi avukatlar\u0131n\u0131 talep ettikleri, bu san\u0131k avukatlar\u0131n\u0131n ise mahkemenin ba\u011f\u0131ms\u0131z ve tarafs\u0131z olmad\u0131\u011f\u0131n\u0131 iddia ederek, savunma yapmad\u0131klar\u0131 \u00f6\u011frenilmi\u015fti.<\/p>\n<p style=\"text-align: justify;\"><a href=\"http:\/\/www.cumhuriyet.com.tr\/?hn=295842&amp;kw=KCK'de+34+ki%FEi+daha+tutukland%FD\" target=\"_blank\">Kaynak : Cumhuriyet Haber Portal\u0131<\/a><\/p>\n","protected":false},"excerpt":{"rendered":"<p style=\"text-align: center;\">\n<p style=\"text-align: justify;\">\u0130stanbul&#8217;daki KCK soru\u015fturmas\u0131 kapsam\u0131nda adliyeye sevkedilen 43 ki\u015fiden 34&#8217;\u00fc tutukland\u0131, 9 ki\u015fi ise serbest b\u0131rak\u0131ld\u0131. Serbest b\u0131rak\u0131lanlar aras\u0131nda eski milletvekili Mahmut Al\u0131nak da yeral\u0131yor.<\/p>\n<p style=\"text-align: justify;\">\u0130stanbul- Be\u015fikta\u015f&#8217;taki \u0130stanbul Adliyesinde Cumhuriyet savc\u0131lar\u0131 taraf\u0131ndan ifadeleri al\u0131nd\u0131ktan sonra tutuklanmalar\u0131 istemiyle n\u00f6bet\u00e7i 11. A\u011f\u0131r Ceza Mahkemesi&#8217;ne sevk edilen 43 ki\u015fiden 34&#8217;\u00fc tutuklan\u0131rken 9 <\/p>\n","protected":false},"author":1,"featured_media":0,"comment_status":"open","ping_status":"open","sticky":false,"template":"","format":"standard","meta":{"footnotes":""},"categories":[105],"tags":[],"class_list":["post-43433","post","type-post","status-publish","format-standard","hentry","category-gundem","odd"],"_links":{"self":[{"href":"http:\/\/www.korhanyilmaz.com\/index.php?rest_route=\/wp\/v2\/posts\/43433","targetHints":{"allow":["GET"]}}],"collection":[{"href":"http:\/\/www.korhanyilmaz.com\/index.php?rest_route=\/wp\/v2\/posts"}],"about":[{"href":"http:\/\/www.korhanyilmaz.com\/index.php?rest_route=\/wp\/v2\/types\/post"}],"author":[{"embeddable":true,"href":"http:\/\/www.korhanyilmaz.com\/index.php?rest_route=\/wp\/v2\/users\/1"}],"replies":[{"embeddable":true,"href":"http:\/\/www.korhanyilmaz.com\/index.php?rest_route=%2Fwp%2Fv2%2Fcomments&post=43433"}],"version-history":[{"count":0,"href":"http:\/\/www.korhanyilmaz.com\/index.php?rest_route=\/wp\/v2\/posts\/43433\/revisions"}],"wp:attachment":[{"href":"http:\/\/www.korhanyilmaz.com\/index.php?rest_route=%2Fwp%2Fv2%2Fmedia&parent=43433"}],"wp:term":[{"taxonomy":"category","embeddable":true,"href":"http:\/\/www.korhanyilmaz.com\/index.php?rest_route=%2Fwp%2Fv2%2Fcategories&post=43433"},{"taxonomy":"post_tag","embeddable":true,"href":"http:\/\/www.korhanyilmaz.com\/index.php?rest_route=%2Fwp%2Fv2%2Ftags&post=43433"}],"curies":[{"name":"wp","href":"https:\/\/api.w.org\/{rel}","templated":true}]}}