{"id":43429,"date":"2011-11-26T16:02:15","date_gmt":"2011-11-26T14:02:15","guid":{"rendered":"http:\/\/www.korhanyilmaz.com\/?p=43429"},"modified":"2011-11-26T16:24:41","modified_gmt":"2011-11-26T14:24:41","slug":"ataturkten-ve-ismet-pasadan-ozur-diliyorum","status":"publish","type":"post","link":"http:\/\/www.korhanyilmaz.com\/?p=43429","title":{"rendered":"&#8216;Atat\u00fcrk&#8217;ten ve \u0130smet Pa\u015fa&#8217;dan \u00f6z\u00fcr diliyorum&#8217;"},"content":{"rendered":"<p style=\"text-align: center;\"><a href=\"http:\/\/www.korhanyilmaz.com\/wp-content\/uploads\/2011\/11\/7378.jpg\"  class=\"lightview\"><img loading=\"lazy\" decoding=\"async\" class=\"aligncenter  wp-image-43430\" src=\"http:\/\/www.korhanyilmaz.com\/wp-content\/uploads\/2011\/11\/7378.jpg\" alt=\"\" width=\"322\" height=\"241\" \/><\/a><\/p>\n<p style=\"text-align: justify;\">CHP Grup Ba\u015fkanvekili Muharrem \u0130nce, &#8221;Bir CHP milletvekili olarak ben de Atat\u00fcrk&#8217;ten ve \u0130smet Pa\u015fa&#8217;dan \u00f6z\u00fcr diliyorum. 9 y\u0131ld\u0131r bunlar\u0131 yenemedik, iktidar olamad\u0131k&#8221; dedi.<\/p>\n<p style=\"text-align: justify;\">Ankara- T\u00fcrk \u0130\u015f Toplant\u0131 Salonu&#8217;nda ger\u00e7ekle\u015ftirilen Birle\u015fik Kamu-\u0130\u015f Konfederasyonunun 2. Ola\u011fan Genel Kurulu&#8217;na kat\u0131lan Muharrem \u0130nce, burada yapt\u0131\u011f\u0131 konu\u015fmada, bu \u00fclkenin &#8221;adliyesinin, harbiyesinin, zaptiyesinin&#8221; i\u015fgal edildi\u011fini, &#8221;yazamayan bir medya, noterin \u00f6tesinde bir \u00c7ankaya, konu\u015fmayan bir \u00fcniversite, direnmeyen sivil toplum ve korkak bir T\u00fcrkiye&#8221; oldu\u011funu s\u00f6yledi.\u00a0<!--more--><\/p>\n<p style=\"text-align: justify;\">Dersim tart\u0131\u015fmas\u0131na da de\u011finen \u0130nce, \u015funlar\u0131 s\u00f6yledi:<\/p>\n<p style=\"text-align: justify;\">&#8221;(Alevilerin kan\u0131 size helaldir) diye fetva veren Ebu Suud efendiyi \u00f6ven bir ba\u015fbakan, Dersim&#8217;den \u00f6z\u00fcr diliyor. Olacak i\u015f de\u011fil. Daha iki g\u00fcn \u00f6nce s\u00f6ylediklerini hat\u0131rlayal\u0131m. Beni dedi, &#8216;Bir mezhebin mensuplar\u0131 mahkum etti&#8217; dedi. Bunun bir an i\u00e7in do\u011fru oldu\u011funu d\u00fc\u015f\u00fcnelim. Bu do\u011fru bile olsa bir ba\u015fbakan bunu s\u00f6yleyemez. Bu b\u00f6l\u00fcc\u00fcl\u00fc\u011f\u00fcn ta kendisidir. Abdullah \u00d6calan&#8217;dan daha tehlikelidir bu g\u00f6r\u00fc\u015f.<\/p>\n<p style=\"text-align: justify;\">Bir CHP milletvekili olarak ben de Atat\u00fcrk&#8217;ten ve \u0130smet Pa\u015fa&#8217;dan \u00f6z\u00fcr diliyorum. 9 y\u0131ld\u0131r bunlar\u0131 yenemedik, iktidar olamad\u0131k.&#8221;<\/p>\n<p style=\"text-align: justify;\">Genel kurula kat\u0131lan Atat\u00fcrk\u00e7\u00fc D\u00fc\u015f\u00fcnce Derne\u011fi (ADD) Genel Ba\u015fkan\u0131 Tansel \u00c7\u00f6la\u015fan da, &#8221;bug\u00fcn T\u00fcrkiye&#8217;nin kara bir d\u00f6nem ya\u015fad\u0131\u011f\u0131n\u0131, Atat\u00fcrk&#8217;\u00fcn, Atat\u00fcrk\u00e7\u00fc d\u00fc\u015f\u00fcncenin ve cumhuriyetin t\u00fcm de\u011ferlerinin ayaklar alt\u0131na al\u0131nmak istendi\u011fini&#8221; bildirdi.<\/p>\n<p style=\"text-align: justify;\">DSP Genel Sekreteri Hasan Er\u00e7elebi ise, bedelli askerlikle ilgili olarak &#8221;Bu tam bir vicdani reddir. Bu tam bir vatan hainli\u011fidir&#8221; dedi. Er\u00e7elebi, bu konudaki kanun teklifinin &#8221;vicdani ret kanun teklifi&#8221; oldu\u011funu a\u00e7\u0131klad\u0131.<\/p>\n<p style=\"text-align: justify;\">Er\u00e7elebi, Dersim&#8217;de Atat\u00fcrk ve arkada\u015flar\u0131n\u0131n katliam plan\u0131 ve program\u0131 haz\u0131rlam\u0131\u015f gibi g\u00f6sterildi\u011fini de belirterek, Dersim&#8217;de \u0130ngiliz ajanlar\u0131nca k\u0131\u015fk\u0131rt\u0131lanlar\u0131n ne zaman a\u00e7\u0131klanaca\u011f\u0131n\u0131 merak etti\u011fini s\u00f6yledi.<\/p>\n<p style=\"text-align: justify;\">\u0130P Genel Ba\u015fkan Yard\u0131mc\u0131s\u0131 Ceyhan Mumcu ise Dersim&#8217;le ilgili 12 ciltlik kitap oldu\u011funu ifade ederek, partisinin Ankara \u0130l Ba\u015fkan\u0131 Sefa Ko\u00e7o\u011flu&#8217;dan bu kitaplardan birer tak\u0131m\u0131 AKP ve CHP&#8217;ye hediye etmesini istedi.<\/p>\n<p style=\"text-align: justify;\">Yarg\u0131\u00e7lar ve Savc\u0131lar Sendikas\u0131 (Yarg\u0131-Sen) Ba\u015fkan\u0131 \u00d6mer Faruk Emina\u011fao\u011flu da &#8221;hukuk devletinin yarg\u0131 organlar\u0131 \u00fczerinden ihlal edildi\u011fini ve kuvvetler ayr\u0131l\u0131\u011f\u0131 olmad\u0131\u011f\u0131n\u0131, kuvvetlerin tek bir elde topland\u0131\u011f\u0131n\u0131&#8221; vurgulad\u0131. Genel Kurula CHP&#8217;li baz\u0131 milletvekilleri de kat\u0131ld\u0131.<\/p>\n<p style=\"text-align: justify;\"><a href=\"http:\/\/www.cumhuriyet.com.tr\/?hn=295912&amp;kw='Atat%FCrk'ten+ve+%DDsmet+Pa%FEa'dan+%F6z%FCr+diliyorum'\" target=\"_blank\">Kaynak : Cumhuriyet Haber Portal\u0131<\/a><\/p>\n","protected":false},"excerpt":{"rendered":"<p style=\"text-align: center;\">\n<p style=\"text-align: justify;\">CHP Grup Ba\u015fkanvekili Muharrem \u0130nce, &#8221;Bir CHP milletvekili olarak ben de Atat\u00fcrk&#8217;ten ve \u0130smet Pa\u015fa&#8217;dan \u00f6z\u00fcr diliyorum. 9 y\u0131ld\u0131r bunlar\u0131 yenemedik, iktidar olamad\u0131k&#8221; dedi.<\/p>\n<p style=\"text-align: justify;\">Ankara- T\u00fcrk \u0130\u015f Toplant\u0131 Salonu&#8217;nda ger\u00e7ekle\u015ftirilen Birle\u015fik Kamu-\u0130\u015f Konfederasyonunun 2. Ola\u011fan Genel Kurulu&#8217;na kat\u0131lan Muharrem \u0130nce, burada yapt\u0131\u011f\u0131 konu\u015fmada, bu \u00fclkenin &#8221;adliyesinin, harbiyesinin, zaptiyesinin&#8221; <\/p>\n","protected":false},"author":1,"featured_media":0,"comment_status":"open","ping_status":"open","sticky":false,"template":"","format":"standard","meta":{"footnotes":""},"categories":[105],"tags":[],"class_list":["post-43429","post","type-post","status-publish","format-standard","hentry","category-gundem","odd"],"_links":{"self":[{"href":"http:\/\/www.korhanyilmaz.com\/index.php?rest_route=\/wp\/v2\/posts\/43429","targetHints":{"allow":["GET"]}}],"collection":[{"href":"http:\/\/www.korhanyilmaz.com\/index.php?rest_route=\/wp\/v2\/posts"}],"about":[{"href":"http:\/\/www.korhanyilmaz.com\/index.php?rest_route=\/wp\/v2\/types\/post"}],"author":[{"embeddable":true,"href":"http:\/\/www.korhanyilmaz.com\/index.php?rest_route=\/wp\/v2\/users\/1"}],"replies":[{"embeddable":true,"href":"http:\/\/www.korhanyilmaz.com\/index.php?rest_route=%2Fwp%2Fv2%2Fcomments&post=43429"}],"version-history":[{"count":0,"href":"http:\/\/www.korhanyilmaz.com\/index.php?rest_route=\/wp\/v2\/posts\/43429\/revisions"}],"wp:attachment":[{"href":"http:\/\/www.korhanyilmaz.com\/index.php?rest_route=%2Fwp%2Fv2%2Fmedia&parent=43429"}],"wp:term":[{"taxonomy":"category","embeddable":true,"href":"http:\/\/www.korhanyilmaz.com\/index.php?rest_route=%2Fwp%2Fv2%2Fcategories&post=43429"},{"taxonomy":"post_tag","embeddable":true,"href":"http:\/\/www.korhanyilmaz.com\/index.php?rest_route=%2Fwp%2Fv2%2Ftags&post=43429"}],"curies":[{"name":"wp","href":"https:\/\/api.w.org\/{rel}","templated":true}]}}