{"id":43421,"date":"2011-11-20T08:30:22","date_gmt":"2011-11-20T06:30:22","guid":{"rendered":"http:\/\/www.korhanyilmaz.com\/?p=43421"},"modified":"2011-11-26T15:34:44","modified_gmt":"2011-11-26T13:34:44","slug":"meralar-daglar-tepeler-satilacak","status":"publish","type":"post","link":"http:\/\/www.korhanyilmaz.com\/?p=43421","title":{"rendered":"Meralar, da\u011flar, tepeler sat\u0131lacak!"},"content":{"rendered":"<p style=\"text-align: center;\"><a href=\"http:\/\/www.korhanyilmaz.com\/wp-content\/uploads\/2011\/11\/7376.jpg\"  class=\"lightview\"><img loading=\"lazy\" decoding=\"async\" class=\"aligncenter  wp-image-43422\" src=\"http:\/\/www.korhanyilmaz.com\/wp-content\/uploads\/2011\/11\/7376.jpg\" alt=\"\" width=\"359\" height=\"170\" \/><\/a><\/p>\n<p style=\"text-align: justify;\">AKP KHK\u2019lerle ve \u00e7\u0131kard\u0131\u011f\u0131 yasalarla \u00f6zelle\u015ftirmenin ve kamuya ait her \u015feyin sat\u0131lmas\u0131n\u0131n \u00f6n\u00fcndeki engelleri kald\u0131rd\u0131. \u015eimdi de Meclis\u2019e getirdi\u011fi bir tasar\u0131 ile 87 y\u0131ll\u0131k K\u00f6y Kanunu\u2019nda de\u011fi\u015fiklik yapmaya haz\u0131rlan\u0131yor. K\u00f6y Kanunu\u2019nda yap\u0131lmas\u0131 planlanan de\u011fi\u015fiklikle, k\u00f6yl\u00fcn\u00fcn ortak kullan\u0131m alanlar\u0131n\u0131n sat\u0131\u015f\u0131n\u0131n \u00f6n\u00fcndeki t\u00fcm engeller kalk\u0131yor.\u00a0<!--more--><\/p>\n<p style=\"text-align: justify;\">Gazeteport\u2019a a\u00e7\u0131klama yapan \u00c7ift\u00e7i Sendikalar\u0131 Konfederasyonu Genel Ba\u015fkan\u0131 Abdullah Aysu, Medeni Kanuna yer alan \u201cDevletin h\u00fck\u00fcm ve tasarrufu alt\u0131nda olan b\u00fct\u00fcn sahipsiz yerler, sular ile kayalar, tepeler, da\u011flar gibi tar\u0131ma elveri\u015fli olmayan yerler ve bunlardan \u00e7\u0131kan kaynaklar \u00f6zel m\u00fclkiyete konu olamaz\u201d ifadesine ra\u011fmen kanunla bu alanlar\u0131n \u00f6zel ki\u015filerin kullan\u0131m\u0131na tahsisinin yolu a\u00e7\u0131lm\u0131\u015f oldu\u011funu s\u00f6yledi.<\/p>\n<p style=\"text-align: justify;\">Ayd\u0131nl\u0131k\u2019a a\u00e7\u0131klama yapan CHP ve \u0130P y\u00f6neticileri de AKP d\u00f6neminde Cumhuriyet d\u00f6neminde kurulan tesislerin ya\u011fmaland\u0131\u011f\u0131n\u0131 ve yok pahas\u0131na yanda\u015flara sat\u0131ld\u0131\u011f\u0131n\u0131 ifade ettiler. \u00d6zelle\u015ftirme yoluyla T\u00fcrkiye\u2019de ciddi bir sermaye transferi ya\u015fand\u0131\u011f\u0131n\u0131 kaydeden siyasi parti y\u00f6neticileri \u015fu g\u00f6r\u00fc\u015fleri savundular.<\/p>\n<p style=\"text-align: justify;\"><strong>\u2018S\u0131ra do\u011fal kaynaklara geldi\u2019\u00a0<\/strong><\/p>\n<p style=\"text-align: justify;\">CHP Genel Ba\u015fkan Yard\u0131mc\u0131s\u0131 G\u00f6khan G\u00fcnayd\u0131n: AKP mal ve tesislerin sat\u0131\u015f\u0131n\u0131 bitirdi, \u015fimdi s\u0131ra hizmet ve do\u011fal kaynaklar\u0131n sat\u0131\u015f\u0131na geldi. 648 say\u0131l\u0131 KHK ile k\u00fclt\u00fcrel ve do\u011fal kaynaklar\u0131 koruyan S\u0130T kararlar\u0131n\u0131 ge\u00e7ersiz hale getirdiler. 4 bin HES ve mikro HES\u2019lerle sular\u0131, 2-B ile ormanlar\u0131 sat\u0131yorlar. Y\u00fcz binlerce \u00e7ift\u00e7inin ve on binlerce i\u015f\u00e7inin emek verdi\u011fi \u015eeker Fabrikalar\u0131 sat\u0131l\u0131yor. \u00d6n\u00fcm\u00fczdeki d\u00f6nem halk\u0131n ortak mal\u0131 olan tarihi ve do\u011fal kaynaklara y\u00f6nelik ya\u011fman\u0131n en \u00fcst seviyeye geldi\u011fi bir d\u00f6nem olacak.<\/p>\n<p style=\"text-align: justify;\"><strong>\u2018T\u00fcrkiye\u2019nin v\u00fccudunu sat\u0131yorlar\u2019\u00a0<\/strong><\/p>\n<p style=\"text-align: justify;\">\u0130P Genel Ba\u015fkan Yard\u0131mc\u0131s\u0131 B\u00fclent Esino\u011flu: AKP iktidara geldi\u011finden beri yapmad\u0131, hep satt\u0131. \u00d6zelle\u015ftirme ya\u011fma haline geldi. AKP vah\u015fice bir \u00f6zelle\u015ftirme politikas\u0131 uygulad\u0131. \u00d6zelle\u015ftirmeler yap\u0131lmadan alacaklar belirlendi. Mafyala\u015fm\u0131\u015f uluslararas\u0131 sermaye ile ortak hareket edilerek 90 y\u0131lda yap\u0131lanlar yok pahas\u0131na pe\u015fke\u015f \u00e7ekildi. \u015eimdi sular, ormanlar, do\u011fal kaynaklar sat\u0131l\u0131yor. \u015eimdi k\u00f6yl\u00fcn\u00fcn meras\u0131n\u0131, otlaklar\u0131n\u0131 satmaya haz\u0131rlan\u0131yorlar. T\u00fcrkiye\u2019nin v\u00fccudunu sat\u0131yorlar. Sat\u0131\u015flardan elde ettikleri gelirleri de yine yanda\u015flar\u0131n\u0131 zengin etmek i\u00e7in harc\u0131yorlar.<\/p>\n<p style=\"text-align: justify;\"><strong>\u2018Mirasyedi gibi\u2019\u00a0<\/strong><\/p>\n<p style=\"text-align: justify;\">CHP milletvekili Musa \u00c7am: AKP t\u00fcm Cumhuriyet d\u00f6neminde yaratt\u0131\u011f\u0131 de\u011ferleri satt\u0131. Elde kalanlar\u0131 da satmak i\u00e7in u\u011fra\u015f\u0131yor. Sular\u0131, yollar\u0131 sat\u0131yor. Tam bir mirasyedi gibi davran\u0131yor. O kadar ileri gittiler ki Atat\u00fcrk Orman \u00c7iftli\u011fini bile 1. derecede S\u0130T alan\u0131 olmaktan \u00e7\u0131kararak ba\u015fka hesaplar i\u00e7ine girdiler. Yak\u0131nda buralar\u0131 da konut alan\u0131 haline getirirlerse \u015fa\u015f\u0131rmam. AKP tam anlam\u0131yla bir sat\u0131\u015f \u015fampiyonu. Yak\u0131nda \u00fclkede satacak bir \u015fey de kalmayacak.<\/p>\n<p style=\"text-align: justify;\"><a href=\"http:\/\/www.aydinlikgazete.com\/index.php?option=com_content&amp;view=article&amp;id=5597:meralar-dalar-tepeler-satlacak&amp;catid=39:ekonomi&amp;Itemid=54\" target=\"_blank\">Kaynak : Aydinlikgazete.com<\/a><\/p>\n","protected":false},"excerpt":{"rendered":"<p style=\"text-align: center;\">\n<p style=\"text-align: justify;\">AKP KHK\u2019lerle ve \u00e7\u0131kard\u0131\u011f\u0131 yasalarla \u00f6zelle\u015ftirmenin ve kamuya ait her \u015feyin sat\u0131lmas\u0131n\u0131n \u00f6n\u00fcndeki engelleri kald\u0131rd\u0131. \u015eimdi de Meclis\u2019e getirdi\u011fi bir tasar\u0131 ile 87 y\u0131ll\u0131k K\u00f6y Kanunu\u2019nda de\u011fi\u015fiklik yapmaya haz\u0131rlan\u0131yor. K\u00f6y Kanunu\u2019nda yap\u0131lmas\u0131 planlanan de\u011fi\u015fiklikle, k\u00f6yl\u00fcn\u00fcn ortak kullan\u0131m alanlar\u0131n\u0131n sat\u0131\u015f\u0131n\u0131n \u00f6n\u00fcndeki t\u00fcm engeller kalk\u0131yor. <\/p>\n","protected":false},"author":1,"featured_media":0,"comment_status":"open","ping_status":"open","sticky":false,"template":"","format":"standard","meta":{"footnotes":""},"categories":[105],"tags":[],"class_list":["post-43421","post","type-post","status-publish","format-standard","hentry","category-gundem","odd"],"_links":{"self":[{"href":"http:\/\/www.korhanyilmaz.com\/index.php?rest_route=\/wp\/v2\/posts\/43421","targetHints":{"allow":["GET"]}}],"collection":[{"href":"http:\/\/www.korhanyilmaz.com\/index.php?rest_route=\/wp\/v2\/posts"}],"about":[{"href":"http:\/\/www.korhanyilmaz.com\/index.php?rest_route=\/wp\/v2\/types\/post"}],"author":[{"embeddable":true,"href":"http:\/\/www.korhanyilmaz.com\/index.php?rest_route=\/wp\/v2\/users\/1"}],"replies":[{"embeddable":true,"href":"http:\/\/www.korhanyilmaz.com\/index.php?rest_route=%2Fwp%2Fv2%2Fcomments&post=43421"}],"version-history":[{"count":0,"href":"http:\/\/www.korhanyilmaz.com\/index.php?rest_route=\/wp\/v2\/posts\/43421\/revisions"}],"wp:attachment":[{"href":"http:\/\/www.korhanyilmaz.com\/index.php?rest_route=%2Fwp%2Fv2%2Fmedia&parent=43421"}],"wp:term":[{"taxonomy":"category","embeddable":true,"href":"http:\/\/www.korhanyilmaz.com\/index.php?rest_route=%2Fwp%2Fv2%2Fcategories&post=43421"},{"taxonomy":"post_tag","embeddable":true,"href":"http:\/\/www.korhanyilmaz.com\/index.php?rest_route=%2Fwp%2Fv2%2Ftags&post=43421"}],"curies":[{"name":"wp","href":"https:\/\/api.w.org\/{rel}","templated":true}]}}