{"id":43413,"date":"2011-11-25T22:12:17","date_gmt":"2011-11-25T20:12:17","guid":{"rendered":"http:\/\/www.korhanyilmaz.com\/?p=43413"},"modified":"2011-11-26T14:35:39","modified_gmt":"2011-11-26T12:35:39","slug":"nifak-tohumu-ekmenin-sonu","status":"publish","type":"post","link":"http:\/\/www.korhanyilmaz.com\/?p=43413","title":{"rendered":"Nifak tohumu ekmenin sonu"},"content":{"rendered":"<p style=\"text-align: center;\">\n<p style=\"text-align: center;\"><a href=\"http:\/\/www.korhanyilmaz.com\/wp-content\/uploads\/2011\/11\/73751.jpg\"  class=\"lightview\"><img loading=\"lazy\" decoding=\"async\" class=\"aligncenter  wp-image-43415\" src=\"http:\/\/www.korhanyilmaz.com\/wp-content\/uploads\/2011\/11\/73751.jpg\" alt=\"\" width=\"350\" height=\"278\" \/><\/a><\/p>\n<p style=\"text-align: justify;\">Ba\u015fbakan Tayyip Erdo\u011fan\u2019\u0131 mezhep siyaseti yapmakla su\u00e7layan CHP\u2019li Akkiraz a\u011f\u0131r konu\u015ftu:<\/p>\n<p style=\"text-align: justify;\">Ka\u00e7 tane Alevi vali emniyet m\u00fcd\u00fcr\u00fc var? Bunlar\u0131 devletin d\u0131\u015f\u0131na ittin. \u2018Zamane Sultan Selim\u2019 diyebiliriz sana.<\/p>\n<p style=\"text-align: justify;\"><strong>\u0130lk bas\u0131n toplant\u0131s\u0131<\/strong><\/p>\n<p style=\"text-align: justify;\">TBMM\u2019de bas\u0131n toplant\u0131s\u0131 d\u00fczenleyen CHP Milletvekili Sabahat Akkiraz, Dersim \u00fczerinden Erdo\u011fan\u2019a y\u00fcklendi.<!--more--><\/p>\n<p style=\"text-align: justify;\">Ba\u015fbakan\u2019a \u201cKa\u00e7 tane Alevi m\u00fcste\u015far, vali, emniyet m\u00fcd\u00fcr\u00fc oldu\u011funu\u201d soran Akkiraz \u015f\u00f6yle devam etti:<\/p>\n<p style=\"text-align: justify;\"><strong>Ac\u0131ya sayg\u0131 duyun<\/strong><\/p>\n<p style=\"text-align: justify;\">\u201cSen bu insanlar\u0131 devletin d\u0131\u015f\u0131na ittin. Yani \u2018zamane Yavuz Sultan Selimi\u2019 diyebiliriz sana. D\u00fcn da\u011f ba\u015flar\u0131nda ya\u015famaya mahkum edilmi\u015ftik, bug\u00fcn \u015fehrin varo\u015flar\u0131na&#8230; \u0130stedi\u011fimiz tek \u015fey, ac\u0131lar\u0131m\u0131za sayg\u0131 duyulmas\u0131.\u201d<\/p>\n<p style=\"text-align: justify;\"><strong>Dersim \u00fczerinden Ba\u015fbakan\u2019a y\u00fcklendi<\/strong><\/p>\n<p style=\"text-align: justify;\">Erdo\u011fan\u2019\u0131 mezhep siyaseti yapmakla su\u00e7layan CHP\u2019li Akkiraz a\u011f\u0131r konu\u015ftu: Ka\u00e7 Alevi vali, emniyet m\u00fcd\u00fcr\u00fc var? Sen bunlar\u0131n hepsini devletin d\u0131\u015f\u0131na ittin.<\/p>\n<p style=\"text-align: justify;\">CHP \u0130stanbul Milletvekili Sabahat Akkiraz, \u201c(CHP Dersim ile y\u00fczle\u015fsin) deniliyor. Peki siz Mara\u015f ve Sivas katliamlar\u0131yla y\u00fczle\u015ftiniz mi?\u201d diye sordu. Akkiraz, TBMM\u2019de d\u00fczenledi\u011fi bas\u0131n toplant\u0131s\u0131nda, yar\u0131n (bug\u00fcn) Muharrem ay\u0131 orucunun ba\u015flayaca\u011f\u0131n\u0131 s\u00f6yledi. T\u00fcrkiye\u2019de milyonlarca vatanda\u015f bu orucu tutarken, devletin bu vatanda\u015flar\u0131 g\u00f6rmedi\u011fini iddia eden Akkiraz, \u201cBelediyeler, kamu ve \u00f6zel sekt\u00f6r bakmaktad\u0131r, bilmektedir ama g\u00f6rmemektedir\u201d dedi. Akkiraz, bu durumun genel olarak Alevi toplumuna kar\u015f\u0131 geli\u015ftirilen bir siyaset yapma bi\u00e7imi oldu\u011funu savunarak, \u015f\u00f6yle konu\u015ftu: \u201c(Biz ay\u0131r\u0131mlar\u0131 ortadan kald\u0131r\u0131yoruz, her\u015feyle y\u00fczle\u015fiyoruz) dense de iktidar asla Alevilik ile y\u00fcz y\u00fcze gelemiyor, y\u00fczle\u015femiyor. \u2018Cem evi yoktur, c\u00fcmb\u00fc\u015f evi vard\u0131r\u2019 demi\u015flerdi. \u2018Alevilere Sivas\u2019ta m\u00fcze yapt\u0131r\u0131lacak otel yoktur, biz oray\u0131 bilim ve k\u00fclt\u00fcr merkezi yapt\u0131k, siz de b\u00f6yle kabul edeceksiniz\u2019 deyip, katillerle \u015fehitlerin isimlerini yan yana yazm\u0131\u015flard\u0131r. D\u00fcnya Ticaret Merkezi\u2019ni yok eden ter\u00f6ristler ile orada \u00f6len vatanda\u015flar\u0131n isimlerinin yan yana yaz\u0131ld\u0131\u011f\u0131n\u0131 g\u00f6rd\u00fcn\u00fcz m\u00fc? G\u00f6rmediniz. Belediyeleriniz milyonlarca dolar harcay\u0131p \u00e7ok g\u00fczel ve g\u00f6rkemli ramazan etkinlikleri yapt\u0131. Yar\u0131n (bug\u00fcn) muharrem orucu ba\u015flayacak. G\u00f6rece\u011fiz bakal\u0131m, hangi partiden olursa olsun, o b\u00fcy\u00fck\u015fehir belediyeleri ne yapacak? A\u015fure da\u011f\u0131tmakla ya da bir gece etkinlikte Hz H\u00fcseyin\u2019i anlatmakla bundan kurtulamazs\u0131n\u0131z.\u201d<\/p>\n<p style=\"text-align: justify;\"><strong>Zamane Sultan Selim\u2019i<\/strong><\/p>\n<p style=\"text-align: justify;\">\u201cCHP Dersim ile y\u00fczle\u015fsin\u201d denildi\u011fini ifade eden Akkiraz, \u015funlar\u0131 s\u00f6yledi: \u201cPeki siz Mara\u015f katliam\u0131 ile y\u00fczle\u015ftiniz mi? Sivas katliam\u0131yla y\u00fczle\u015ftiniz mi? Peki sizler Meclis\u2019te kimlerle yan yana oturuyorsunuz? Sivas\u2019ta 7 ya\u015f\u0131ndaki Koray\u2019\u0131 yakan katillerin avukat\u0131 bug\u00fcn sizin bakan\u0131n\u0131z de\u011fil mi? Onunla yan yana otururken mutluluk duyuyor musunuz? Cemevleri y\u0131k\u0131l\u0131yor, ta\u015flan\u0131yor siz hala y\u00fczle\u015fmekten bahsediyorsunuz.\u201d \u201cKa\u00e7 Alevi m\u00fcste\u015far, vali, emniyet m\u00fcd\u00fcr\u00fc ya da genel m\u00fcd\u00fcr oldu\u011funu\u201d soran CHP\u2019li Akkiraz, \u201cSen bu insanlar\u0131 devletin d\u0131\u015f\u0131na ittin. Yani \u2018zamane Yavuz Sultan Selimi\u2019 diyebiliriz sana. D\u00fcn da\u011f ba\u015flar\u0131nda ya\u015famaya mahkum edilmi\u015ftik, bug\u00fcn \u015fehrin varo\u015flar\u0131na, i\u015fsizli\u011fe ve a\u00e7l\u0131\u011fa mahkum ediliyoruz. AKP iktidar\u0131 asla Alevilikle y\u00fcz y\u00fcze gelmiyor. Y\u00fczle\u015femiyor. Yani Alevileri biliyorlar. Bak\u0131yorlar ama g\u00f6rm\u00fcyorlar\u201d dedi. Bir bas\u0131n mensubunun, \u201cDersim konusunda CHP\u2019nin de \u00f6z\u00fcr dilemesi gerekti\u011fini ifade edenler var, ne diyorsunuz?\u201d sorusu \u00fczerine Akkiraz, \u201cCHP ile ilgili metnin i\u00e7inde cevaplar\u0131m\u0131z var\u201d demekle yetindi. \u201cSizce CHP \u00f6z\u00fcr dilemeli mi?\u201d sorusuna da Akkiraz, \u201c\u00c7ok \u015feyler s\u00f6ylendi. Ba\u015fkan\u0131m\u0131z ba\u015fta olmak \u00fczere, e\u011fer y\u00fczle\u015filmesi gerekiyorsa benim metnimin i\u00e7inde de y\u00fczle\u015filmesi gerekenler var\u201d dedi.<\/p>\n<p style=\"text-align: justify;\"><strong>\u201cB\u00f6l\u00fcnme projelerinden ba\u011f\u0131ms\u0131z d\u00fc\u015f\u00fcn\u00fclemez\u201d<\/strong><\/p>\n<p style=\"text-align: justify;\">CHP Mersin Milletvekili \u0130sa G\u00f6k, Dersim olaylar\u0131ndan sonra \u0130stiklal Mahkemeleri\u2019nin de tart\u0131\u015fmaya a\u00e7\u0131lmak istenmesini ABD\u2019nin T\u00fcrkiye \u00fczerindeki b\u00f6l\u00fcnme planlar\u0131ndan ayr\u0131 d\u00fc\u015f\u00fcn\u00fclemeyece\u011fini s\u00f6yledi. G\u00f6k, tart\u0131\u015f\u0131lmas\u0131 gereken konular\u0131n ba\u015f\u0131nda yak\u0131n tarihimizde ba\u015fta Sivas Mad\u0131mak\u2019ta ya\u015fanan, \u00c7orum ve Mara\u015f\u2019taki olaylar ve AKP zihniyeti oldu\u011funu kaydetti. G\u00f6k, Dersim olaylar\u0131ndan sonra \u0130stiklal Mahkemeleri\u2019nin g\u00fcndeme getirilmesini siyasi provokasyon olarak nitelendirdi. \u0130sa G\u00f6k, \u201cCHP\u2019li bir milletvekilinin ba\u015flatt\u0131\u011f\u0131 tart\u0131\u015fmalar\u0131n iktidar partisi taraf\u0131ndan devam ettirilmek istenmesini ayn\u0131 zamanda CHP i\u00e7indeki bu s\u00f6ylem sahiplerinin ortaya att\u0131\u011f\u0131 fikirlerin AKP ile ba\u011flant\u0131s\u0131z oldu\u011funu s\u00f6ylemek, ABD\u2019nin T\u00fcrkiye \u00fczerindeki planlar\u0131 ile ba\u011flant\u0131s\u0131z oldu\u011funu ifade etmek b\u00fcy\u00fck cahillik olur. Bunlar bilin\u00e7li ve planl\u0131 olarak g\u00fcndeme getirilen s\u00f6ylemlerdi. AKP e\u011fer baz\u0131 \u015feyleri tart\u0131\u015facaksa o zaman yak\u0131n tarihteki Sivas Mad\u0131mak, \u00c7orum ve Mara\u015f olaylar\u0131n\u0131 da hat\u0131rlamal\u0131d\u0131r. Ayn\u0131 zamanda AKP zihniyeti de sorgulanmal\u0131d\u0131r\u201d \u015feklinde konu\u015ftu. B\u00f6yle bir d\u00f6nemde T\u00fcrk Hukuk sistemi i\u00e7erisinde olmayan \u0130stiklal Mahkemeleri\u2019nin g\u00fcndeme getirilmesinin manidar oldu\u011funu belirten G\u00f6k, \u015f\u00f6yle devam etti: \u201cBundan sonra neyi tart\u0131\u015fmaya a\u00e7acaks\u0131n\u0131z? T\u00fcrkiye Cumhuriyeti\u2019nin bug\u00fcn hukuk sistemi i\u00e7erisinde olmayan bir konuyu g\u00fcndeme getirdikten sonra Tekke ve zaviyelerin kapat\u0131lmas\u0131n\u0131 m\u0131 tart\u0131\u015fmaya a\u00e7acaks\u0131n\u0131z? Ard\u0131ndan Hilafetin ve saltanat\u0131n kald\u0131r\u0131lmas\u0131n\u0131 m\u0131 g\u00fcndeme getireceksiniz? Bunlar\u0131 d\u00fc\u015f\u00fcnd\u00fc\u011f\u00fcn\u00fczde yap\u0131lan tart\u0131\u015fmalar\u0131n masumane olmad\u0131\u011f\u0131n\u0131 da anlamak gerekecektir.\u201d<\/p>\n<p style=\"text-align: justify;\"><strong>\u201cAKP milleti ayr\u0131\u015ft\u0131rma \u00e7abas\u0131nda\u201d<\/strong><\/p>\n<p style=\"text-align: justify;\">Yurt Partisi Genel Ba\u015fkan\u0131 Sadettin Tantan, T\u00fcrk milletinin, \u201cDersim\u201d tart\u0131\u015fmalar\u0131yla ba\u015flayan s\u00fcre\u00e7 ve Ba\u015fbakan Tayyip Erdo\u011fan\u2019\u0131n \u201cDevlet ad\u0131na Dersimlilerden \u00f6z\u00fcr diliyorum\u201d s\u00f6zleriyle yeni bir g\u00fcndemle kar\u015f\u0131 kar\u015f\u0131ya kald\u0131\u011f\u0131n\u0131 belirtti. Tantan \u015funlar\u0131 s\u00f6yledi: \u201cOsmanl\u0131\u2019da ba\u015flay\u0131p Cumhuriyet\u2019le devam eden isyanlardan bir tanesi olan Dersim olay\u0131, siyasi malzeme olarak g\u00fcndeme ta\u015f\u0131nd\u0131. 1930\u2019lardaki Dersim olay\u0131na bak\u0131yoruz, Cumhuriyet\u2019in kurulu\u015fundaki kurulu\u015f felsefesi, i\u00e7eri\u011finde devlet &#8211; millet vasf\u0131n\u0131 vatan\u0131n her kar\u0131\u015f topra\u011f\u0131na i\u015flemek isteyen kadrolar ve o kadrolara d\u00f6nemin emperyal g\u00fcc\u00fc \u0130ngiltere\u2019nin deste\u011fiyle isyan eden baz\u0131 a\u015firetler. Bug\u00fcn de ya\u015fad\u0131\u011f\u0131m\u0131z yine T\u00fcrkiye Cumhuriyeti devleti ve milletini tan\u0131mayan ter\u00f6r \u00f6rg\u00fct\u00fc PKK\u2019n\u0131n \u015fehir yap\u0131lanmas\u0131 KCK\u2019n\u0131n emperyal g\u00fc\u00e7lerin deste\u011fiyle devlet in\u015fa projesi.\u201d Tantan \u015f\u00f6yle devam etti: Ba\u015fbakan, Dersim konusunu tart\u0131\u015faca\u011f\u0131na, sol- sa\u011f- din eksenli \u00f6rg\u00fctlenmelerin araks\u0131nda kimlerin oldu\u011funu ara\u015ft\u0131rmal\u0131, Meclis\u2019te ara\u015ft\u0131rma komisyonlar\u0131 kurdurmal\u0131, istihbarat birimlerinden bilgi ve belgeleri istemeli. Ama bunu yapmayan iktidar, milleti, etnik ve mezhepsel anlamda ayr\u0131\u015ft\u0131rma \u00e7al\u0131\u015fmalar\u0131n\u0131n i\u00e7inde yer alm\u0131\u015ft\u0131r. Say\u0131n Ba\u015fbakan \u201d Dersimliler\u2019den \u00f6z\u00fcr dileyece\u011fine \u201c Oslo\u2019da PKK\u2019n\u0131n aranan s\u00f6zde liderleriyle M\u0130T g\u00f6revlilerini nas\u0131l masaya oturttu\u011funu a\u00e7\u0131klas\u0131n!<\/p>\n<p style=\"text-align: justify;\"><strong>Vural: Tarihle hesapla\u015f\u0131lmaz tarihten ibret al\u0131n\u0131r<\/strong><\/p>\n<p style=\"text-align: justify;\">MHP Grup Ba\u015fkanvekili Oktay Vural, Meclis\u2019te d\u00fczenledi\u011fi bas\u0131n toplant\u0131s\u0131nda g\u00fcndemdeki konular\u0131 de\u011frelendirdi. MHP\u2019li Vural, Dersim tart\u0131\u015fmalar\u0131yla ilgili Ba\u015fbakan Erdo\u011fan\u2019a y\u00fcklendi. \u201cTarihle hesapla\u015f\u0131lmaz, tarihten ibret al\u0131n\u0131r\u201d diyen Vural \u015funlar\u0131 s\u00f6yledi: \u201cGe\u00e7mi\u015fteki olaylar\u0131n k\u00f6klerinden kopart\u0131larak bug\u00fcn\u00fcn siyasi tart\u0131\u015fmas\u0131na sokulmas\u0131n\u0131n nedeni nedir? Neyi ama\u00e7l\u0131yor Say\u0131n Ba\u015fbakan. Tarihi de\u011ferlendirmeleri tarih\u00e7iler yaps\u0131n. Dersim\u2019de ya\u015fananlar\u0131 anlatan Ba\u015fbakan adeta Dersim isyanc\u0131lar\u0131n\u0131n avukatl\u0131\u011f\u0131na soyunuyor. 1930\u2019u soyk\u0131r\u0131m, Atat\u00fcrk\u2019\u00fc de sava\u015f su\u00e7lusu ilan ederek ne mesaj\u0131 vermek istiyorsun?\u201d Dersim\u2019de Sultan Abd\u00fclhamit d\u00f6neminde isyanlar oldu\u011funu ifade eden Vural, elindeki tarih kitaplar\u0131ndan b\u00f6l\u00fcmler okuyarak, Seyit R\u0131za hakk\u0131nda Osmanl\u0131 d\u00f6neminde idam karar\u0131 oldu\u011funu anlatt\u0131. Vural, \u201cBa\u015fbakan\u2019\u0131n isyanlar\u0131 mazurla\u015ft\u0131ran, me\u015frula\u015ft\u0131ran tavr\u0131 var. Devletin i\u00e7inde devlet kurmu\u015flar. Oradaki insanlara zul\u00fcm yap\u0131yorlar. Yol, mektep gitmiyor. Kozano\u011fullar\u0131na yap\u0131lmad\u0131 m\u0131\u201d diye sordu. \u201cBa\u015fbakan acaba Ermeni soyk\u0131r\u0131m\u0131ndan dolay\u0131 \u00f6z\u00fcr dilemeye mi haz\u0131rlan\u0131yor\u201d diye soran Vural, Ba\u015fbakan Erdo\u011fan\u2019\u0131n a\u00e7\u0131klad\u0131\u011f\u0131 belgeleri de ele\u015ftirdi. Elindeki kitap ve dergileri g\u00f6steren Vural, Ba\u015fbakan\u2019\u0131n a\u00e7\u0131klad\u0131\u011f\u0131 belgelerin yeni olmad\u0131\u011f\u0131n\u0131, y\u0131llard\u0131r kamuoyunun bilgisinde bulundu\u011funu savundu.<\/p>\n<p style=\"text-align: justify;\"><a href=\"http:\/\/www.yg.yenicaggazetesi.com.tr\/habergoster.php?haber=59599\" target=\"_blank\">Kaynak : Yeni\u00e7a\u011f Gazetesi<\/a><\/p>\n","protected":false},"excerpt":{"rendered":"<p style=\"text-align: center;\">\n<p style=\"text-align: center;\">\n<p style=\"text-align: justify;\">Ba\u015fbakan Tayyip Erdo\u011fan\u2019\u0131 mezhep siyaseti yapmakla su\u00e7layan CHP\u2019li Akkiraz a\u011f\u0131r konu\u015ftu:<\/p>\n<p style=\"text-align: justify;\">Ka\u00e7 tane Alevi vali emniyet m\u00fcd\u00fcr\u00fc var? Bunlar\u0131 devletin d\u0131\u015f\u0131na ittin. \u2018Zamane Sultan Selim\u2019 diyebiliriz sana.<\/p>\n<p style=\"text-align: justify;\">\u0130lk bas\u0131n toplant\u0131s\u0131<\/p>\n<p style=\"text-align: justify;\">TBMM\u2019de bas\u0131n toplant\u0131s\u0131 d\u00fczenleyen CHP Milletvekili Sabahat Akkiraz, Dersim \u00fczerinden Erdo\u011fan\u2019a <\/p>\n","protected":false},"author":1,"featured_media":0,"comment_status":"open","ping_status":"open","sticky":false,"template":"","format":"standard","meta":{"footnotes":""},"categories":[105],"tags":[],"class_list":["post-43413","post","type-post","status-publish","format-standard","hentry","category-gundem","odd"],"_links":{"self":[{"href":"http:\/\/www.korhanyilmaz.com\/index.php?rest_route=\/wp\/v2\/posts\/43413","targetHints":{"allow":["GET"]}}],"collection":[{"href":"http:\/\/www.korhanyilmaz.com\/index.php?rest_route=\/wp\/v2\/posts"}],"about":[{"href":"http:\/\/www.korhanyilmaz.com\/index.php?rest_route=\/wp\/v2\/types\/post"}],"author":[{"embeddable":true,"href":"http:\/\/www.korhanyilmaz.com\/index.php?rest_route=\/wp\/v2\/users\/1"}],"replies":[{"embeddable":true,"href":"http:\/\/www.korhanyilmaz.com\/index.php?rest_route=%2Fwp%2Fv2%2Fcomments&post=43413"}],"version-history":[{"count":0,"href":"http:\/\/www.korhanyilmaz.com\/index.php?rest_route=\/wp\/v2\/posts\/43413\/revisions"}],"wp:attachment":[{"href":"http:\/\/www.korhanyilmaz.com\/index.php?rest_route=%2Fwp%2Fv2%2Fmedia&parent=43413"}],"wp:term":[{"taxonomy":"category","embeddable":true,"href":"http:\/\/www.korhanyilmaz.com\/index.php?rest_route=%2Fwp%2Fv2%2Fcategories&post=43413"},{"taxonomy":"post_tag","embeddable":true,"href":"http:\/\/www.korhanyilmaz.com\/index.php?rest_route=%2Fwp%2Fv2%2Ftags&post=43413"}],"curies":[{"name":"wp","href":"https:\/\/api.w.org\/{rel}","templated":true}]}}