{"id":43394,"date":"2011-11-25T12:59:49","date_gmt":"2011-11-25T10:59:49","guid":{"rendered":"http:\/\/www.korhanyilmaz.com\/?p=43394"},"modified":"2011-11-26T01:24:51","modified_gmt":"2011-11-25T23:24:51","slug":"pkk-eller-bir-sureligine-tetikten-cekildi","status":"publish","type":"post","link":"http:\/\/www.korhanyilmaz.com\/?p=43394","title":{"rendered":"PKK: Eller bir s\u00fcreli\u011fine tetikten \u00e7ekildi"},"content":{"rendered":"<p style=\"text-align: center;\"><a href=\"http:\/\/www.korhanyilmaz.com\/wp-content\/uploads\/2011\/11\/7371.jpg\"  class=\"lightview\"><img loading=\"lazy\" decoding=\"async\" class=\"aligncenter  wp-image-43395\" src=\"http:\/\/www.korhanyilmaz.com\/wp-content\/uploads\/2011\/11\/7371.jpg\" alt=\"\" width=\"360\" height=\"180\" \/><\/a><\/p>\n<p style=\"text-align: justify;\">PKK, &#8221;devlet ile Abdullah \u00d6calan aras\u0131nda m\u00fczakerelerin yeniden ba\u015flamas\u0131 i\u00e7in ellerin bir s\u00fcreli\u011fine tetikten \u00e7ekildi\u011fini&#8221; duyurdu.<\/p>\n<p style=\"text-align: justify;\">PKK&#8217;n\u0131n bu a\u00e7\u0131klamas\u0131n\u0131, Taraf Gazetesi Yaz\u0131 \u0130\u015fleri M\u00fcd\u00fcr\u00fc Kurtulu\u015f Tayiz k\u00f6\u015fesinden duyurdu.<!--more--><\/p>\n<p style=\"text-align: justify;\">Tayiz&#8217;in &#8220;Eller tetikten \u00e7ekildi ama g\u00f6r\u00fc\u015fme yok&#8221; ba\u015fl\u0131\u011f\u0131yla Taraf&#8217;ta yay\u0131mlanan (25 Kas\u0131m 2011) yaz\u0131s\u0131 \u015f\u00f6yle:<\/p>\n<p style=\"text-align: justify;\"><strong>\u2018Eller tetikten \u00e7ekildi ama g\u00f6r\u00fc\u015fme yok\u2019\u00a0<\/strong><\/p>\n<p style=\"text-align: justify;\">Mesud Barzani\u2019nin Ankara ziyareti, bar\u0131\u015f ad\u0131na kamuoyunda iyimser bir hava yaratt\u0131. Bu ziyaretin ard\u0131ndan PKK\u2019n\u0131n b\u00f6lgedeki sald\u0131r\u0131lar\u0131nda da bir azalma g\u00f6r\u00fcld\u00fc. Taraf\u2019\u0131n ge\u00e7en hafta \u201cKCK\u2019dan teti\u011fe dokunma talimat\u0131\u201d ve \u201cDevletle PKK aras\u0131nda ate\u015fkes pazarl\u0131\u011f\u0131\u201d ba\u015fl\u0131kl\u0131 haberleri, yeni bir ate\u015fkes heyecan\u0131 yaratt\u0131.<\/p>\n<p style=\"text-align: justify;\">PKK s\u00f6zc\u00fcs\u00fc Ahmet Deniz, bu haberlerle ilgili Taraf\u2019a yan\u0131t verdi. Ahmet Deniz, \u201cHPG\u2019nin (PKK\u2019n\u0131n silahl\u0131 kanad\u0131) bir s\u00fcreli\u011fine elleri tetikten \u00e7ekti\u011fi do\u011fru, bunu \u00d6calan ile devlet aras\u0131ndaki m\u00fczakerelerin yeniden ba\u015flamas\u0131na f\u0131rsat sunmak i\u00e7in yapt\u0131k\u201d dedi. Deniz, devlet ve PKK aras\u0131nda g\u00f6r\u00fc\u015fmelerin yeniden ba\u015flad\u0131\u011f\u0131 iddias\u0131n\u0131 ise \u015f\u00f6yle de\u011ferlendirdi: \u201c\u00d6rg\u00fct\u00fcm\u00fcz ve devlet aras\u0131nda \u015fu an bir diyalog yok, ate\u015fkes ve s\u0131n\u0131r \u00f6tesine \u00e7ekilme pazarl\u0131\u011f\u0131 da yok. Bu g\u00f6r\u00fc\u015fmeler h\u00fck\u00fcmet taraf\u0131ndan tek tarafl\u0131 olarak daha \u00f6nce kesildi. Ve yeniden ba\u015flamad\u0131.\u201d<\/p>\n<p style=\"text-align: justify;\">Ahmet Deniz, PKK\u2019n\u0131n g\u00f6r\u00fc\u015fmelerin yeniden ba\u015flamas\u0131ndan yana oldu\u011funu ve m\u00fczakerelerin \u0130mral\u0131\u2019da \u00d6calan ile s\u00fcrd\u00fcr\u00fclmesini istediklerini s\u00f6yledi. Taraf\u2019\u0131n \u201cKCK\u2019dan teti\u011fe dokunma talimat\u0131\u201dn\u0131 do\u011frulayan Ahmet Deniz, bunu, \u015f\u00f6yle a\u00e7\u0131kl\u0131yor: \u201cPKK \u015fiddeti kontrol alt\u0131nda tutabilen bir \u00f6rg\u00fct. Gerilladan bir s\u00fcreli\u011fine sessiz kalmas\u0131, eylemsiz durmas\u0131 istendi. Bunun amac\u0131 da \u00f6nderli\u011fimiz (\u00d6calan) \u00fczerinde artan tecrit uygulamas\u0131n\u0131n kald\u0131r\u0131lmas\u0131n\u0131 sa\u011flamak ve devletle Ba\u015fkan\u0131m\u0131z aras\u0131ndaki m\u00fczakereleri yeniden ba\u015flatmakt\u0131. Ancak, bu y\u00f6nde olumlu bir geli\u015fme ya\u015fanmad\u0131. \u00d6nderli\u011fimiz \u00fczerindeki tecrit uygulamas\u0131 s\u0131k\u0131la\u015ft\u0131r\u0131ld\u0131. KCK ad\u0131 alt\u0131nda da \u00d6calan\u2019\u0131n avukatlar\u0131 toplu olarak g\u00f6zalt\u0131na al\u0131nd\u0131. Ve KCK operasyonlar\u0131 \u00f6nderli\u011fimizi hedefler duruma geldi. Ayr\u0131ca h\u00fck\u00fcmet, yeni bir sald\u0131r\u0131 dalgas\u0131 ba\u015flatt\u0131. \u0130ki g\u00fcn \u00f6nce b\u00fct\u00fcn alanlar\u0131m\u0131za y\u00f6nelik yo\u011fun hava bombard\u0131man\u0131 yap\u0131ld\u0131. Psikolojik harek\u00e2tla da, bu asker\u00ee operasyonlar\u0131 peki\u015ftirmeye \u00e7al\u0131\u015f\u0131yor. Bu politikalar, K\u00fcrt sorununun demokratik ve bar\u0131\u015f\u00e7\u0131 y\u00f6ntemlerle \u00e7\u00f6z\u00fclmesine zarar veren yakla\u015f\u0131mlard\u0131r. Hareketimiz, son operasyonlar\u0131 b\u00f6yle de\u011ferlendiriyor. Biz \u00f6rg\u00fct olarak K\u00fcrt sorunun demokratik ve bar\u0131\u015f\u00e7\u0131l y\u00f6ntemlerle \u00e7\u00f6z\u00fclmesini tercih ediyoruz.\u201d<\/p>\n<p style=\"text-align: justify;\">PKK s\u00f6zc\u00fcs\u00fc Deniz, Irak K\u00fcrdistan B\u00f6lge Y\u00f6netimi Ba\u015fkan\u0131 Mesud Barzani ve Irak Cumhurba\u015fkan\u0131 Talabani arac\u0131l\u0131\u011f\u0131yla mesaj trafi\u011finin olup olmad\u0131\u011f\u0131 konusunda da \u015f\u00f6yle konu\u015ftu: \u201cK\u00fcrt liderlerle PKK aras\u0131nda bir diyalog s\u0131k\u0131nt\u0131s\u0131 yok. Barzani ve Talabani ile de temaslar\u0131m\u0131z oluyor. Ancak iddia edildi\u011fi gibi bu liderlerle PKK aras\u0131nda bir ate\u015fkes ve geri \u00e7ekilme pazarl\u0131\u011f\u0131 yap\u0131lm\u0131yor.\u201d<\/p>\n<p style=\"text-align: justify;\">Ahmet Deniz, PKK\u2019n\u0131n Suriye\u2019de kamp kurdu\u011fu iddialar\u0131n\u0131 da yalanlad\u0131. Suriye\u2019deki K\u00fcrtlerin PKK\u2019ya uzun y\u0131llard\u0131r destek verdi\u011fini savunan Deniz, Suriye s\u0131n\u0131rlar\u0131 i\u00e7inde son aylarda \u201ce\u011fitim\u201d veya \u201cgerilla kamp\u0131\u201d kurmad\u0131klar\u0131n\u0131n alt\u0131n\u0131 \u00e7izdi.<\/p>\n<p style=\"text-align: justify;\">KCK\u2019n\u0131n \u201cteti\u011fe dokunma\u201d talimat\u0131n\u0131n bundan sonras\u0131 i\u00e7in ge\u00e7erli olup olmad\u0131\u011f\u0131 sorusuna ise Ahmet Deniz, net bir yan\u0131t vermedi.<\/p>\n<p style=\"text-align: justify;\"><a href=\"http:\/\/haber.gazetevatan.com\/pkk-eller-bir-sureligine-tetikten-cekildi\/413351\/1\/Gundem\" target=\"_blank\">Kaynak : Vatan Gazetesi<\/a><\/p>\n","protected":false},"excerpt":{"rendered":"<p style=\"text-align: center;\">\n<p style=\"text-align: justify;\">PKK, &#8221;devlet ile Abdullah \u00d6calan aras\u0131nda m\u00fczakerelerin yeniden ba\u015flamas\u0131 i\u00e7in ellerin bir s\u00fcreli\u011fine tetikten \u00e7ekildi\u011fini&#8221; duyurdu.<\/p>\n<p style=\"text-align: justify;\">PKK&#8217;n\u0131n bu a\u00e7\u0131klamas\u0131n\u0131, Taraf Gazetesi Yaz\u0131 \u0130\u015fleri M\u00fcd\u00fcr\u00fc Kurtulu\u015f Tayiz k\u00f6\u015fesinden duyurdu.<\/p>\n","protected":false},"author":1,"featured_media":0,"comment_status":"open","ping_status":"open","sticky":false,"template":"","format":"standard","meta":{"footnotes":""},"categories":[105],"tags":[],"class_list":["post-43394","post","type-post","status-publish","format-standard","hentry","category-gundem","odd"],"_links":{"self":[{"href":"http:\/\/www.korhanyilmaz.com\/index.php?rest_route=\/wp\/v2\/posts\/43394","targetHints":{"allow":["GET"]}}],"collection":[{"href":"http:\/\/www.korhanyilmaz.com\/index.php?rest_route=\/wp\/v2\/posts"}],"about":[{"href":"http:\/\/www.korhanyilmaz.com\/index.php?rest_route=\/wp\/v2\/types\/post"}],"author":[{"embeddable":true,"href":"http:\/\/www.korhanyilmaz.com\/index.php?rest_route=\/wp\/v2\/users\/1"}],"replies":[{"embeddable":true,"href":"http:\/\/www.korhanyilmaz.com\/index.php?rest_route=%2Fwp%2Fv2%2Fcomments&post=43394"}],"version-history":[{"count":0,"href":"http:\/\/www.korhanyilmaz.com\/index.php?rest_route=\/wp\/v2\/posts\/43394\/revisions"}],"wp:attachment":[{"href":"http:\/\/www.korhanyilmaz.com\/index.php?rest_route=%2Fwp%2Fv2%2Fmedia&parent=43394"}],"wp:term":[{"taxonomy":"category","embeddable":true,"href":"http:\/\/www.korhanyilmaz.com\/index.php?rest_route=%2Fwp%2Fv2%2Fcategories&post=43394"},{"taxonomy":"post_tag","embeddable":true,"href":"http:\/\/www.korhanyilmaz.com\/index.php?rest_route=%2Fwp%2Fv2%2Ftags&post=43394"}],"curies":[{"name":"wp","href":"https:\/\/api.w.org\/{rel}","templated":true}]}}