{"id":43390,"date":"2011-11-25T15:35:05","date_gmt":"2011-11-25T13:35:05","guid":{"rendered":"http:\/\/www.korhanyilmaz.com\/?p=43390"},"modified":"2011-11-26T01:07:48","modified_gmt":"2011-11-25T23:07:48","slug":"bu-cifte-standart-ahlaksizliktir","status":"publish","type":"post","link":"http:\/\/www.korhanyilmaz.com\/?p=43390","title":{"rendered":"&#8220;Bu \u00e7ifte standart ahlaks\u0131zl\u0131kt\u0131r&#8221;"},"content":{"rendered":"<p style=\"text-align: center;\"><a href=\"http:\/\/www.korhanyilmaz.com\/wp-content\/uploads\/2011\/11\/7370.jpg\"  class=\"lightview\"><img loading=\"lazy\" decoding=\"async\" class=\"aligncenter  wp-image-43391\" src=\"http:\/\/www.korhanyilmaz.com\/wp-content\/uploads\/2011\/11\/7370.jpg\" alt=\"\" width=\"396\" height=\"180\" \/><\/a><\/p>\n<p style=\"text-align: justify;\">CHP lideri K\u0131l\u0131\u00e7daro\u011flu, \u0130zmir B\u00fcy\u00fck\u015fehir Belediyesi&#8217;ne yap\u0131lan operasyonu de\u011ferlendirdi.<\/p>\n<p style=\"text-align: justify;\">\u0130STANBUL &#8211; CHP Genel Ba\u015fkan\u0131 Kemal K\u0131l\u0131\u00e7daro\u011flu, \u0130zmir B\u00fcy\u00fck\u015fehir Belediye Ba\u015fkanl\u0131\u011f\u0131na y\u00f6nelik soru\u015fturmaya ili\u015fkin &#8221;\u00d6nce savc\u0131y\u0131 de\u011fi\u015ftirdiler, oraya birisini getirdiler, sabah\u0131n 6&#8217;s\u0131nda bask\u0131n yapt\u0131lar, y\u00f6neticilerini ald\u0131lar&#8221; dedi.\u00a0<!--more--><\/p>\n<p style=\"text-align: justify;\">K\u0131l\u0131\u00e7daro\u011flu, Adalar M\u00fczesi&#8217;nde yapt\u0131\u011f\u0131 konu\u015fmada, t\u00f6renin ba\u015f\u0131nda konu\u015fan \u015fair Ataol Behramo\u011flu&#8217;nun yeni \u015fiirler yazaca\u011f\u0131n\u0131 ifade etti\u011fini dile getirerek, Behramo\u011flu&#8217;nu &#8221;Dikkatli olun. Yazarken bir g\u00fcn kendinizi Silivri&#8217;de bulabilirsiniz&#8221; diye uyard\u0131.<\/p>\n<p style=\"text-align: justify;\">\u0130zmir Belediyesinin ta\u015feronu kald\u0131rmaya \u00e7al\u0131\u015ft\u0131\u011f\u0131n\u0131 belirten K\u0131l\u0131\u00e7daro\u011flu, \u015funlar\u0131 s\u00f6yledi:<\/p>\n<p style=\"text-align: justify;\">&#8221;Vay sen misin kald\u0131ran? \u00d6nce savc\u0131y\u0131 de\u011fi\u015ftirdiler, oraya birisini getirdiler, sabah\u0131n 6&#8217;s\u0131nda bask\u0131n yapt\u0131lar, y\u00f6neticilerini ald\u0131lar. Yanda\u015flara gelince sabah\u0131n 6&#8217;s\u0131nda al\u0131nmaz. Hatta polis nezaretinde gidip rapor almas\u0131 gerekirken kendisi gider raporunu al\u0131r g\u00f6t\u00fcr\u00fcr yarg\u0131ca. Bu \u00e7ifte standartt\u0131r. Bu \u00e7ifte standard\u0131n ad\u0131 ahlaks\u0131zl\u0131kt\u0131r. Yarg\u0131lamaysa herkes i\u00e7in e\u015fit olmal\u0131. Ki\u015filer g\u00f6zalt\u0131na al\u0131nacaksa herkes i\u00e7in e\u015fit olmal\u0131. Kelep\u00e7e vurulacaksa herkes i\u00e7in e\u015fit olmal\u0131. Birileri i\u00e7in ayr\u0131cal\u0131k, birileri i\u00e7in bask\u0131. Bu do\u011fru de\u011fil.&#8221;<\/p>\n<p style=\"text-align: justify;\">Konu\u015fmas\u0131n\u0131n ard\u0131ndan K\u0131l\u0131\u00e7daro\u011flu, Adalar M\u00fczesi&#8217;nin resmi a\u00e7\u0131l\u0131\u015f\u0131n\u0131 ger\u00e7ekle\u015ftirdi ve sergiyi gezdi.<\/p>\n<p style=\"text-align: justify;\">Kemal K\u0131l\u0131\u00e7daro\u011flu, daha sonra B\u00fcy\u00fck Rum Yetimhanesine giderek, burada incelemede bulundu. K\u0131l\u0131\u00e7daro\u011flu, gazetecilerin burada g\u00fcndeme ili\u015fkin soru sormak istemeleri \u00fczerine &#8221;Sal\u0131 g\u00fcn\u00fcn\u00fc bekleyin&#8221; dedi.<\/p>\n<p style=\"text-align: justify;\">K\u0131l\u0131\u00e7daro\u011flu, B\u00fcy\u00fckada&#8217;da ikamet eden Fenerbah\u00e7eli efsanevi futbolcu Lefter K\u00fc\u00e7\u00fckandonyadis&#8217;i de evinde ziyaret etti.<\/p>\n<p style=\"text-align: justify;\">K\u0131l\u0131\u00e7daro\u011flu, Heybeliada Ruhban Okulu ve H\u00fcseyin Rahmi G\u00fcnp\u0131nar M\u00fczesi ziyaretlerini ise iptal etti.<\/p>\n<p style=\"text-align: justify;\"><strong>D\u0130N\u0130 TEMS\u0130LC\u0130LERLE G\u00d6R\u00dc\u015eME<\/strong><\/p>\n<p style=\"text-align: justify;\">Bu arada, K\u0131l\u0131\u00e7daro\u011flu, B\u00fcy\u00fckada&#8217;ya geli\u015finde partililer taraf\u0131ndan kar\u015f\u0131land\u0131. Adalar Belediye Ba\u015fkanl\u0131\u011f\u0131 da ziyaret eden K\u0131l\u0131\u00e7daro\u011flu, burada T\u00fcrkiye Hahamba\u015f\u0131s\u0131 \u0130shak Haleva&#8217;n\u0131n da aralar\u0131nda bulundu\u011fu dini temsilcilerle g\u00f6r\u00fc\u015ft\u00fc.<\/p>\n<p style=\"text-align: justify;\"><a href=\"http:\/\/www.gazeteport.com.tr\/haber\/64831\/quotbu_cifte_standart_ahlaksizliktirquot\" target=\"_blank\">Kaynak : GAZETEPORT<\/a><\/p>\n","protected":false},"excerpt":{"rendered":"<p style=\"text-align: center;\">\n<p style=\"text-align: justify;\">CHP lideri K\u0131l\u0131\u00e7daro\u011flu, \u0130zmir B\u00fcy\u00fck\u015fehir Belediyesi&#8217;ne yap\u0131lan operasyonu de\u011ferlendirdi.<\/p>\n<p style=\"text-align: justify;\">\u0130STANBUL &#8211; CHP Genel Ba\u015fkan\u0131 Kemal K\u0131l\u0131\u00e7daro\u011flu, \u0130zmir B\u00fcy\u00fck\u015fehir Belediye Ba\u015fkanl\u0131\u011f\u0131na y\u00f6nelik soru\u015fturmaya ili\u015fkin &#8221;\u00d6nce savc\u0131y\u0131 de\u011fi\u015ftirdiler, oraya birisini getirdiler, sabah\u0131n 6&#8217;s\u0131nda bask\u0131n yapt\u0131lar, y\u00f6neticilerini ald\u0131lar&#8221; dedi. <\/p>\n","protected":false},"author":1,"featured_media":0,"comment_status":"open","ping_status":"open","sticky":false,"template":"","format":"standard","meta":{"footnotes":""},"categories":[105],"tags":[],"class_list":["post-43390","post","type-post","status-publish","format-standard","hentry","category-gundem","odd"],"_links":{"self":[{"href":"http:\/\/www.korhanyilmaz.com\/index.php?rest_route=\/wp\/v2\/posts\/43390","targetHints":{"allow":["GET"]}}],"collection":[{"href":"http:\/\/www.korhanyilmaz.com\/index.php?rest_route=\/wp\/v2\/posts"}],"about":[{"href":"http:\/\/www.korhanyilmaz.com\/index.php?rest_route=\/wp\/v2\/types\/post"}],"author":[{"embeddable":true,"href":"http:\/\/www.korhanyilmaz.com\/index.php?rest_route=\/wp\/v2\/users\/1"}],"replies":[{"embeddable":true,"href":"http:\/\/www.korhanyilmaz.com\/index.php?rest_route=%2Fwp%2Fv2%2Fcomments&post=43390"}],"version-history":[{"count":0,"href":"http:\/\/www.korhanyilmaz.com\/index.php?rest_route=\/wp\/v2\/posts\/43390\/revisions"}],"wp:attachment":[{"href":"http:\/\/www.korhanyilmaz.com\/index.php?rest_route=%2Fwp%2Fv2%2Fmedia&parent=43390"}],"wp:term":[{"taxonomy":"category","embeddable":true,"href":"http:\/\/www.korhanyilmaz.com\/index.php?rest_route=%2Fwp%2Fv2%2Fcategories&post=43390"},{"taxonomy":"post_tag","embeddable":true,"href":"http:\/\/www.korhanyilmaz.com\/index.php?rest_route=%2Fwp%2Fv2%2Ftags&post=43390"}],"curies":[{"name":"wp","href":"https:\/\/api.w.org\/{rel}","templated":true}]}}