{"id":43381,"date":"2011-11-25T19:41:40","date_gmt":"2011-11-25T17:41:40","guid":{"rendered":"http:\/\/www.korhanyilmaz.com\/?p=43381"},"modified":"2011-11-27T09:18:47","modified_gmt":"2011-11-27T07:18:47","slug":"arinc-varsa-bir-babayigit-darbe-yapmayi-aklindan-gecirsin","status":"publish","type":"post","link":"http:\/\/www.korhanyilmaz.com\/?p=43381","title":{"rendered":"Ar\u0131n\u00e7: Varsa bir babayi\u011fit; darbe yapmay\u0131 akl\u0131ndan ge\u00e7irsin"},"content":{"rendered":"<p style=\"text-align: center;\"><a href=\"http:\/\/www.korhanyilmaz.com\/wp-content\/uploads\/2011\/11\/7368.jpg\"  class=\"lightview\"><img loading=\"lazy\" decoding=\"async\" class=\"aligncenter  wp-image-43383\" src=\"http:\/\/www.korhanyilmaz.com\/wp-content\/uploads\/2011\/11\/7368.jpg\" alt=\"\" width=\"320\" height=\"215\" \/><\/a><\/p>\n<p style=\"text-align: justify;\">Ba\u015fbakan Yard\u0131mc\u0131s\u0131 B\u00fclent Ar\u0131n\u00e7, &#8220;Bundan sonra varsa bir babayi\u011fit; darbe yapmay\u0131 akl\u0131ndan ge\u00e7irsin bakal\u0131m. Varsa akl\u0131n\u0131 ka\u00e7\u0131rm\u0131\u015f 3-5 ki\u015fi, hala cuntac\u0131l\u0131k yaps\u0131n bakal\u0131m. Ge\u00e7ti o g\u00fcnler&#8221; dedi.<!--more--><\/p>\n<p style=\"text-align: justify;\">GEML\u0130K \u2013 B\u00fclent Ar\u0131n\u00e7, partisinin Gemlik \u0130l\u00e7e Kongresi&#8217;nde yapt\u0131\u011f\u0131 konu\u015fmada, uzun y\u0131llard\u0131r devam eden hizmetlerin sonu\u00e7 verdi\u011fini ifade ederek, bug\u00fcn sa\u011fl\u0131k hizmetlerinde \u00e7ok iyi bir noktada olduklar\u0131n\u0131 ve vatanda\u015flar\u0131n memnun oldu\u011funu s\u00f6yledi.<\/p>\n<p style=\"text-align: justify;\">\u0130ki g\u00fcnd\u00fcr \u00fcst \u00fcste okullar a\u00e7t\u0131\u011f\u0131n\u0131, d\u00fcn de \u00d6\u011fretmenler G\u00fcn\u00fc oldu\u011funu dile getiren Ar\u0131n\u00e7, \u201cHem Van depreminde hayat\u0131n\u0131 kaybeden 75 \u00f6\u011fretmenimize hem de hepimizin \u00f6\u011fretmenlerine Allah&#8217;\u0131n rahmetine kavu\u015fmu\u015flarsa rahmet diliyorum. Hayattaysalar da sa\u011fl\u0131k ve uzun \u00f6m\u00fcr diliyorum. \u00d6\u011fretmenler bizim annelerimiz, babalar\u0131m\u0131z gibidir\u201d diye konu\u015ftu.<\/p>\n<p style=\"text-align: justify;\"><strong>\u201c\u015eU AVRUPA&#8217;DAK\u0130 \u00dcLKELER\u0130N HAL\u0130NE BAKIN\u201d<\/strong><\/p>\n<p style=\"text-align: justify;\">Ar\u0131n\u00e7, barajlar, g\u00f6letler, yollar, sulama kanallar\u0131, hidroelektrik ve termik santraller yapt\u0131klar\u0131na dikkati \u00e7ekerek, \u015f\u00f6yle devam etti:<\/p>\n<p style=\"text-align: justify;\">\u201c\u00c7\u00fcnk\u00fc, T\u00fcrkiye&#8217;nin enerjiye ihtiyac\u0131 var. D\u0131\u015far\u0131dan almayaca\u011f\u0131z, kendi kendimize yatacak hale gelmemiz gerekiyor. G\u00fcmr\u00fck ve ticaretten tutunuz, sa\u011fl\u0131\u011fa kadar, ekonomiden tutun Merkez Bankas\u0131na kadar, her tarafta s\u00fcratli bir geli\u015fmeye t\u00fcm T\u00fcrkiye \u015fahit oluyor. T\u00fcrkiye&#8217;nin b\u00fcy\u00fcme h\u0131z\u0131 bizim d\u00f6nemimizde y\u00fczde 10&#8217;un alt\u0131nda kalmad\u0131. \u015eu Avrupa&#8217;daki \u00fclkelerin haline bak\u0131n\u0131z. Be\u015f paras\u0131z kald\u0131lar. Bor\u00e7lar\u0131n\u0131 d\u00f6nd\u00fcremez hale geldiler. Yunanistan&#8217;dan haberiniz var m\u0131? \u0130spanya&#8217;y\u0131, Portekiz&#8217;i duyuyor musunuz? \u0130rlanda&#8217;n\u0131n \u0130zlanda&#8217;n\u0131n ne hale geldi\u011fini biliyor musunuz? Yunanistan&#8217;da, \u0130talya&#8217;da, \u0130zlanda&#8217;da, \u0130spanya&#8217;da h\u00fck\u00fcmet gitti. Sebebini biliyor musunuz? Trilyon dolarl\u0131k bor\u00e7lar\u0131 var, hazineleri iflas etti. \u0130ki senedir kamu g\u00f6revlilerine maa\u015f \u00f6deyemez hale geldiler. \u0130\u015f\u00e7iler, sendikalar\u0131na eksi 20&#8217;ye imza att\u0131r\u0131yorlar. Ne derdi eskiler; &#8216;Halep oradaysa ar\u015f\u0131n burada&#8217;. Yunanistan oradaysa T\u00fcrkiye burada&#8230;\u201d<\/p>\n<p style=\"text-align: justify;\">T\u00fcrkiye&#8217;nin ihracat\u0131n\u0131n, milli gelirinin artt\u0131\u011f\u0131n\u0131, T\u00fcrk paras\u0131n\u0131n de\u011fer kazand\u0131\u011f\u0131n\u0131, enflasyonun en d\u00fc\u015f\u00fck rakamlarda oldu\u011funu, i\u015fsizli\u011fin azald\u0131\u011f\u0131n\u0131 vurgulayan Ar\u0131n\u00e7, \u201cAvrupa&#8217;da i\u015fsizlik y\u00fckseliyor. Avro b\u00f6lgesinde 17 tane \u00fclke var; hepsi birbirine bak\u0131p, &#8216;ne zaman bataca\u011f\u0131z&#8217; diye endi\u015fe i\u00e7indeler. T\u00fcrkiye hamdolsun, g\u00fc\u00e7l\u00fc b\u00fct\u00e7esiyle finans y\u00f6netimiyle ak\u0131ll\u0131 h\u00fck\u00fcmet idaresiyle bug\u00fcn \u00e7ok \u015f\u00fck\u00fcr \u00e7ok b\u00fcy\u00fck ba\u015far\u0131lara imza at\u0131yor\u201d dedi.<\/p>\n<p style=\"text-align: justify;\"><strong>\u201cVARSA B\u0130R BABAY\u0130\u011e\u0130T&#8230;\u201d<\/strong><\/p>\n<p style=\"text-align: justify;\">Ar\u0131n\u00e7, T\u00fcrkiye&#8217;de art\u0131k sosyal beraberli\u011fin, toplumsal karde\u015fli\u011fin \u00e7ok iyi bir noktada oldu\u011funu, ayr\u0131mc\u0131l\u0131\u011f\u0131 kald\u0131rd\u0131klar\u0131n\u0131, insan haklar\u0131 ihlallerine son verdiklerine de\u011finerek, \u015funlar\u0131 kaydetti:<\/p>\n<p style=\"text-align: justify;\">\u201cDemokrasi d\u00fc\u015fmanlar\u0131n\u0131n yarg\u0131 \u00f6n\u00fcne \u00e7\u0131kmas\u0131n\u0131 sa\u011flad\u0131k. Darbecileri koruyan h\u00fck\u00fcmleri, sizlerin de oylar\u0131yla referandumda kald\u0131rd\u0131k. \u015eimdi 12 Eyl\u00fclc\u00fcler, 28 \u015eubat\u00e7\u0131lar yarg\u0131 \u00f6n\u00fcnde hesap vermeye haz\u0131rlan\u0131yor. \u00c7ok g\u00fczel i\u015fler yap\u0131yoruz. Siz karar verdiniz. Sizin karar\u0131n\u0131zla 26 maddesi de\u011fi\u015fti anayasan\u0131n. Ge\u00e7ici 15. maddesini y\u00fcr\u00fcrl\u00fckten kald\u0131rd\u0131k. Bundan sonra varsa bir babayi\u011fit; darbe yapmay\u0131 akl\u0131ndan ge\u00e7irsin bakal\u0131m. Varsa akl\u0131n\u0131 ka\u00e7\u0131rm\u0131\u015f 3-5 ki\u015fi, hala cuntac\u0131l\u0131k yaps\u0131n bakal\u0131m. Ge\u00e7ti o g\u00fcnler. Bundan sonra demokrasi var. Bundan sonra halk iradesi, millet iradesi var. Bundan sonra sand\u0131k var, se\u00e7im var. Be\u011fenir y\u00fczde 50 verir, be\u011fenmez y\u00fczde 7&#8217;ye d\u00fc\u015f\u00fcr\u00fcr. Millet iradesi b\u00f6yle. 99 se\u00e7imlerinde birinci parti DSP idi, y\u00fczde 22 oy alm\u0131\u015ft\u0131. 3,5 sene sonra 2002 se\u00e7imlerinde oyu y\u00fczde 1,5&#8217;e d\u00fc\u015ft\u00fc. MHP y\u00fczde 18,5 alm\u0131\u015ft\u0131, 8,5&#8217;e d\u00fc\u015ft\u00fc. Anavatan Partisi 15,5 alm\u0131\u015ft\u0131, 5,5&#8217;e d\u00fc\u015ft\u00fc. Biz y\u00fczde 32 ile ba\u015flad\u0131k, y\u00fczde 47&#8217;ye, y\u00fczde 50&#8217;ye \u00e7\u0131kt\u0131k.\u201d<\/p>\n<p style=\"text-align: justify;\"><a href=\"http:\/\/www.radikal.com.tr\/Radikal.aspx?aType=RadikalDetayV3&amp;ArticleID=1070645&amp;Date=25.11.2011&amp;CategoryID=78\" target=\"_blank\">Kaynak : Radikal.com.tr<\/a><\/p>\n<hr \/>\n<p><a class=\"lightview\" style=\"text-align: -webkit-center;\" title=\" :::: width:550, height:413\" href=\"\/swf\/flvplayer.swf?file=cnnturk\/haber\/2011-11-26\/arinc.mp4 &amp;streamer=rtmp:\/\/213.243.10.90\/vod\/&amp;skin=\/swf\/nacht.zip&amp;menu=false&amp;volume=45&amp;autostart=true&amp;volume=50&amp;controlbar=over&amp;stretching=exactfit\" rel=\"set[barinc]\"><img decoding=\"async\" class=\"aligncenter\" src=\"http:\/\/www.korhanyilmaz.com\/wp-data\/images\/videoizle1.png\" alt=\"\" \/><\/a><\/p>\n","protected":false},"excerpt":{"rendered":"<p style=\"text-align: center;\">\n<p style=\"text-align: justify;\">Ba\u015fbakan Yard\u0131mc\u0131s\u0131 B\u00fclent Ar\u0131n\u00e7, &#8220;Bundan sonra varsa bir babayi\u011fit; darbe yapmay\u0131 akl\u0131ndan ge\u00e7irsin bakal\u0131m. Varsa akl\u0131n\u0131 ka\u00e7\u0131rm\u0131\u015f 3-5 ki\u015fi, hala cuntac\u0131l\u0131k yaps\u0131n bakal\u0131m. Ge\u00e7ti o g\u00fcnler&#8221; dedi.<\/p>\n","protected":false},"author":1,"featured_media":0,"comment_status":"open","ping_status":"open","sticky":false,"template":"","format":"standard","meta":{"footnotes":""},"categories":[105],"tags":[],"class_list":["post-43381","post","type-post","status-publish","format-standard","hentry","category-gundem","odd"],"_links":{"self":[{"href":"http:\/\/www.korhanyilmaz.com\/index.php?rest_route=\/wp\/v2\/posts\/43381","targetHints":{"allow":["GET"]}}],"collection":[{"href":"http:\/\/www.korhanyilmaz.com\/index.php?rest_route=\/wp\/v2\/posts"}],"about":[{"href":"http:\/\/www.korhanyilmaz.com\/index.php?rest_route=\/wp\/v2\/types\/post"}],"author":[{"embeddable":true,"href":"http:\/\/www.korhanyilmaz.com\/index.php?rest_route=\/wp\/v2\/users\/1"}],"replies":[{"embeddable":true,"href":"http:\/\/www.korhanyilmaz.com\/index.php?rest_route=%2Fwp%2Fv2%2Fcomments&post=43381"}],"version-history":[{"count":0,"href":"http:\/\/www.korhanyilmaz.com\/index.php?rest_route=\/wp\/v2\/posts\/43381\/revisions"}],"wp:attachment":[{"href":"http:\/\/www.korhanyilmaz.com\/index.php?rest_route=%2Fwp%2Fv2%2Fmedia&parent=43381"}],"wp:term":[{"taxonomy":"category","embeddable":true,"href":"http:\/\/www.korhanyilmaz.com\/index.php?rest_route=%2Fwp%2Fv2%2Fcategories&post=43381"},{"taxonomy":"post_tag","embeddable":true,"href":"http:\/\/www.korhanyilmaz.com\/index.php?rest_route=%2Fwp%2Fv2%2Ftags&post=43381"}],"curies":[{"name":"wp","href":"https:\/\/api.w.org\/{rel}","templated":true}]}}