{"id":43373,"date":"2011-11-25T11:23:28","date_gmt":"2011-11-25T09:23:28","guid":{"rendered":"http:\/\/www.korhanyilmaz.com\/?p=43373"},"modified":"2011-11-25T19:01:45","modified_gmt":"2011-11-25T17:01:45","slug":"kogus-arkadasi-ilac-verdi","status":"publish","type":"post","link":"http:\/\/www.korhanyilmaz.com\/?p=43373","title":{"rendered":"&#8220;Ko\u011fu\u015f arkada\u015f\u0131 ila\u00e7 verdi&#8221;"},"content":{"rendered":"<p style=\"text-align: center;\"><a href=\"http:\/\/www.korhanyilmaz.com\/wp-content\/uploads\/2011\/11\/7366.jpg\"  class=\"lightview\"><img loading=\"lazy\" decoding=\"async\" class=\"aligncenter  wp-image-43374\" src=\"http:\/\/www.korhanyilmaz.com\/wp-content\/uploads\/2011\/11\/7366.jpg\" alt=\"\" width=\"396\" height=\"180\" \/><\/a><\/p>\n<p style=\"text-align: justify;\">Sa\u011fl\u0131k Bakanl\u0131\u011f\u0131 b\u00fct\u00e7esinin g\u00f6r\u00fc\u015f\u00fcld\u00fc\u011f\u00fc komisyonda M\u0130T&#8217;\u00e7i Kozino\u011flu&#8217;nun Silivri Cezaevi&#8217;ndeki \u00f6l\u00fcm\u00fc de g\u00fcndeme geldi.<\/p>\n<p style=\"text-align: justify;\">ANKARA &#8211; Cezaevinde \u015f\u00fcpheli \u00f6l\u00fcm\u00fc Sa\u011fl\u0131k Bakanl\u0131\u011f\u0131 ve Adalet Bakanl\u0131\u011f\u0131 aras\u0131nda anla\u015fmazl\u0131\u011fa neden olan eski M\u0130T g\u00f6revlisi Ka\u015fif Kozino\u011flu\u2019nun durumu da Sa\u011fl\u0131k Bakanl\u0131\u011f\u0131 b\u00fct\u00e7esinin g\u00f6r\u00fc\u015f\u00fcld\u00fc\u011f\u00fc komisyonda g\u00fcndeme geldi.\u00a0<!--more--><\/p>\n<p style=\"text-align: justify;\"><strong>F\u0130\u015e\u0130 VAR MI?<\/strong><\/p>\n<p style=\"text-align: justify;\">CHP\u2019li Nurettin Demir, \u201cKozino\u011flu\u2019nun \u00f6l\u00fcm\u00fc ile ilgili soru\u015fturma a\u00e7\u0131ld\u0131 m\u0131? Bakanl\u0131\u011f\u0131n sorumlulu\u011fu var m\u0131? Kozino\u011flu\u2019nun sa\u011fl\u0131k tarama fi\u015fi var m\u0131?\u201d diye sordu. \u00dcst d\u00fczey bakanl\u0131k yetkilileri, cezaevinde fenala\u015fan ve ko\u011fu\u015f arkada\u015f\u0131 emekli albay taraf\u0131ndan tansiyonu \u00f6l\u00e7\u00fclen Kozino\u011flu\u2019nun tansiyonunun 20\u2019ye \u00e7\u0131kt\u0131\u011f\u0131n\u0131n tespit edildi\u011fini aktard\u0131. Yetkililer, bunun \u00fczerine s\u00f6z konusu ki\u015finin Kozino\u011flu\u2019na ne oldu\u011fu hen\u00fcz bilinmeyen bir ila\u00e7 verdi\u011fi kaydetti.<\/p>\n<p style=\"text-align: justify;\"><strong>AMBULANSTA DOKTOR ZORUNLULU\u011eU VAR MI?<\/strong><\/p>\n<p style=\"text-align: justify;\">Milliyet gazetesinin haberine g\u00f6re yetkililerin dikkati \u00e7ekti\u011fi di\u011fer bir konu da Kozino\u011flu\u2019nun ta\u015f\u0131nd\u0131\u011f\u0131 ambulans oldu. Yetkililer, ambulanslarda doktor bulunmas\u0131 gibi bir zorunluluk bulunmad\u0131\u011f\u0131n\u0131 savunurken, cezaevine ikinci bir ambulans\u0131n gelmesine ise Kozino\u011flu\u2019nu tan\u0131yan g\u00f6revlilerin tela\u015f\u0131n\u0131n neden oldu\u011funu ifade etti.<\/p>\n<p style=\"text-align: justify;\">Bakanl\u0131k i\u00e7inde konuyla ilgili bir soru\u015fturma a\u00e7\u0131lmad\u0131\u011f\u0131n\u0131 bildiren yetkililer, savc\u0131l\u0131\u011f\u0131n y\u00fcr\u00fctt\u00fc\u011f\u00fc soru\u015fturma sonucuna g\u00f6re i\u015flem yapacaklar\u0131n\u0131 kaydetti. Yetkililer, cezaevinde normal \u015fartlarda 5 pratisyen hekimin bulundu\u011funu, ancak doktorlar\u0131n \u00e7a\u011fr\u0131lmad\u0131\u011f\u0131 gibi Kozino\u011flu\u2019nun da revire g\u00f6nderilmedi\u011fini belirtti.<\/p>\n<p style=\"text-align: justify;\"><a href=\"http:\/\/www.gazeteport.com.tr\/haber\/64765\/kogus_arkadasi_ilac_verdi\" target=\"_blank\">Kaynak : GAZETEPORT<\/a><\/p>\n","protected":false},"excerpt":{"rendered":"<p style=\"text-align: center;\">\n<p style=\"text-align: justify;\">Sa\u011fl\u0131k Bakanl\u0131\u011f\u0131 b\u00fct\u00e7esinin g\u00f6r\u00fc\u015f\u00fcld\u00fc\u011f\u00fc komisyonda M\u0130T&#8217;\u00e7i Kozino\u011flu&#8217;nun Silivri Cezaevi&#8217;ndeki \u00f6l\u00fcm\u00fc de g\u00fcndeme geldi.<\/p>\n<p style=\"text-align: justify;\">ANKARA &#8211; Cezaevinde \u015f\u00fcpheli \u00f6l\u00fcm\u00fc Sa\u011fl\u0131k Bakanl\u0131\u011f\u0131 ve Adalet Bakanl\u0131\u011f\u0131 aras\u0131nda anla\u015fmazl\u0131\u011fa neden olan eski M\u0130T g\u00f6revlisi Ka\u015fif Kozino\u011flu\u2019nun durumu da Sa\u011fl\u0131k Bakanl\u0131\u011f\u0131 b\u00fct\u00e7esinin g\u00f6r\u00fc\u015f\u00fcld\u00fc\u011f\u00fc komisyonda g\u00fcndeme geldi. <\/p>\n","protected":false},"author":1,"featured_media":0,"comment_status":"open","ping_status":"open","sticky":false,"template":"","format":"standard","meta":{"footnotes":""},"categories":[105],"tags":[473],"class_list":["post-43373","post","type-post","status-publish","format-standard","hentry","category-gundem","tag-kasif-kozinoglu","odd"],"_links":{"self":[{"href":"http:\/\/www.korhanyilmaz.com\/index.php?rest_route=\/wp\/v2\/posts\/43373","targetHints":{"allow":["GET"]}}],"collection":[{"href":"http:\/\/www.korhanyilmaz.com\/index.php?rest_route=\/wp\/v2\/posts"}],"about":[{"href":"http:\/\/www.korhanyilmaz.com\/index.php?rest_route=\/wp\/v2\/types\/post"}],"author":[{"embeddable":true,"href":"http:\/\/www.korhanyilmaz.com\/index.php?rest_route=\/wp\/v2\/users\/1"}],"replies":[{"embeddable":true,"href":"http:\/\/www.korhanyilmaz.com\/index.php?rest_route=%2Fwp%2Fv2%2Fcomments&post=43373"}],"version-history":[{"count":0,"href":"http:\/\/www.korhanyilmaz.com\/index.php?rest_route=\/wp\/v2\/posts\/43373\/revisions"}],"wp:attachment":[{"href":"http:\/\/www.korhanyilmaz.com\/index.php?rest_route=%2Fwp%2Fv2%2Fmedia&parent=43373"}],"wp:term":[{"taxonomy":"category","embeddable":true,"href":"http:\/\/www.korhanyilmaz.com\/index.php?rest_route=%2Fwp%2Fv2%2Fcategories&post=43373"},{"taxonomy":"post_tag","embeddable":true,"href":"http:\/\/www.korhanyilmaz.com\/index.php?rest_route=%2Fwp%2Fv2%2Ftags&post=43373"}],"curies":[{"name":"wp","href":"https:\/\/api.w.org\/{rel}","templated":true}]}}