{"id":43370,"date":"2011-11-25T17:33:03","date_gmt":"2011-11-25T15:33:03","guid":{"rendered":"http:\/\/www.korhanyilmaz.com\/?p=43370"},"modified":"2011-11-25T18:58:30","modified_gmt":"2011-11-25T16:58:30","slug":"yikilan-camiyi-gosterdi-meclis-karisti","status":"publish","type":"post","link":"http:\/\/www.korhanyilmaz.com\/?p=43370","title":{"rendered":"Y\u0131k\u0131lan camiyi g\u00f6sterdi, Meclis kar\u0131\u015ft\u0131"},"content":{"rendered":"<p style=\"text-align: center;\"><a href=\"http:\/\/www.korhanyilmaz.com\/wp-content\/uploads\/2011\/11\/7365.jpg\"  class=\"lightview\"><img loading=\"lazy\" decoding=\"async\" class=\"aligncenter  wp-image-43371\" src=\"http:\/\/www.korhanyilmaz.com\/wp-content\/uploads\/2011\/11\/7365.jpg\" alt=\"\" width=\"462\" height=\"210\" \/><\/a><\/p>\n<p style=\"text-align: justify;\">CHP\u2019nin, Ba\u015fbakan hakk\u0131nda verdi\u011fi gensoru g\u00f6r\u00fc\u015fmelerine CHP Grup Ba\u015fkanvekili Muharrem \u0130nce\u2019nin, Genel Kurul Salonu\u2019nda g\u00f6sterdi\u011fi y\u0131k\u0131lan cami foto\u011fraflar\u0131 damgas\u0131n\u0131 vurdu.<!--more--><\/p>\n<p style=\"text-align: justify;\">Ak Parti d\u00f6neminde rant i\u00e7in camilerin y\u0131k\u0131ld\u0131\u011f\u0131n\u0131 savunan \u0130nce, \u201cHollandal\u0131 firman\u0131n dozerleri T\u00fcrkiye Cumhuriyetinde nas\u0131l cami y\u0131k\u0131yor, nas\u0131l rant i\u00e7in cami y\u0131k\u0131yor, bunu millet g\u00f6rs\u00fcn\u201d dedi.<\/p>\n<p style=\"text-align: justify;\">CHP Grup Ba\u015fkanvekili Muharrem \u0130nce, TBMM Genel Kurulu&#8217;nda, partisi taraf\u0131ndan Ba\u015fbakan hakk\u0131nda verilen gensoru g\u00f6r\u00fc\u015fmesinde konu\u015ftu.<\/p>\n<p style=\"text-align: justify;\"><strong>\u201cBA\u015eBAKAN \u00c7AMUR ATTI, KENARA \u00c7EK\u0130LD\u0130\u201d<\/strong><\/p>\n<p style=\"text-align: justify;\">Gensoru g\u00f6r\u00fc\u015fmelerinin Meclis TV taraf\u0131ndan verilmemesi i\u00e7in \u00f6zel olarak Cuma g\u00fcn\u00fcn\u00fcn se\u00e7ildi\u011fini belirten \u0130nce, \u201cBu fa\u015fizmin, bu parti devletinin ne hale geldi\u011finin en \u00f6nemli g\u00f6stergesidir\u201d dedi.<\/p>\n<p style=\"text-align: justify;\">Ba\u015fbakan\u2019\u0131n 56 g\u00fcn \u00f6nce u\u00e7akta gazetecilere a\u00e7\u0131klamalarda bulundu\u011funu ifade eden \u0130nce, \u201cBaz\u0131 Alman vak\u0131flar\u0131 CHP\u2019li belediyelerle kredi s\u00f6zle\u015fmesi yap\u0131yor, m\u00fcteahhitleri onlar belirliyor. Bu yolla PKK\u2019ya para aktar\u0131l\u0131yor, dedi. 56 g\u00fcnd\u00fcr bu nedenle g\u00f6revden uzakla\u015ft\u0131r\u0131lan bir belediye ba\u015fkan\u0131 yok. 56 g\u00fcnd\u00fcr bu nedenle faaliyetine son verilen bir Alman vakf\u0131 ya da kurulu\u015f yok. Soru\u015fturmada yok. Ba\u015fbakan bir \u00e7amur att\u0131, kenara \u00e7ekildi. Ba\u015fbakan su\u00e7 i\u015flemektedir\u201d dedi.<\/p>\n<p style=\"text-align: justify;\">Bakanlar Kurulu ve Ak Parti s\u0131ralar\u0131ndan gelen seslere de \u0130nce, \u201c\u0130\u015f takibini sonra yaps\u0131n milletvekilleri. Say\u0131n bakanlar\u0131 rahat b\u0131raks\u0131nlar\u201d diyerek tepki g\u00f6sterdi.<\/p>\n<p style=\"text-align: justify;\"><strong>&#8220;DED\u0130KODU YAPMA, \u00c7AMUR ATMA, GERE\u011e\u0130N\u0130 YAP&#8221;<\/strong><\/p>\n<p style=\"text-align: justify;\">\u201cOrtada yasa d\u0131\u015f\u0131 bir \u015fey varsa Ba\u015fbakan, savc\u0131lara orada, gider belgelerini verir\u201d diyen \u0130nce, \u201cBiz al bayra\u011fa sar\u0131l\u0131 \u015fehitlerimiz topra\u011fa verilirken kimsenin g\u00f6z\u00fcn\u00fcn ya\u015f\u0131na bakmay\u0131z. B\u00f6yle bir belediye varsa, git yakas\u0131na yap\u0131\u015f diyoruz Ba\u015fbakan\u2019a ama dedikodu yapma \u00e7amur atma, gere\u011fini yap diyoruz\u201d diye konu\u015ftu.<\/p>\n<p style=\"text-align: justify;\"><strong>BA\u015eBAKAN \u0130FT\u0130RADAN MEDET UMAR HALE GELD\u0130<\/strong><\/p>\n<p style=\"text-align: justify;\">\u201cBa\u015fbakan iftiradan medet umar hale geldi\u201d diyen \u0130nce, \u201cSay\u0131n Ba\u015fbakan\u2019\u0131n ter\u00f6rle m\u00fccadele etmek gibi bir derdi yok. \u00c7\u00fcnk\u00fc ter\u00f6rle m\u00fczakere etme derdinde. Onlar\u0131n iste\u011fi ile vali de\u011fi\u015ftiren, onlara anayasa s\u00f6z\u00fc veren, Habur\u2019da devleti haz\u0131r ola ge\u00e7iren Ba\u015fbakan iftiradan medet umar hale gelmi\u015ftir\u201d dedi.<\/p>\n<p style=\"text-align: justify;\">Belediyelerin yapt\u0131\u011f\u0131 bu t\u00fcr kredi anla\u015fmalar\u0131n da h\u00fck\u00fcmetin onay\u0131 oldu\u011funu belirte \u0130nce, \u201cHazine neredeydi, h\u00fck\u00fcmet neredeydi, yoksa Ba\u015fbakan\u0131 susturan o Alman vak\u0131flar\u0131ndan kredi alan AKP\u2019li belediyeler midir\u201d diye sordu.<\/p>\n<p style=\"text-align: justify;\">Ba\u015fbakan\u2019a g\u00fcvenemeyeceklerini ifade eden \u0130nce, \u201cDo\u011frular\u0131 s\u00f6ylemeyen, iftira atan, ter\u00f6r\u00fcn finansman\u0131n\u0131 kurutmayan Ba\u015fbakan\u0131 bakal\u0131m parmaklar\u0131n\u0131zla koruyacak m\u0131s\u0131n\u0131z\u201d diyerek milletvekillerine seslendi.<\/p>\n<p style=\"text-align: justify;\"><strong>DEN\u0130Z FENER\u0130<\/strong><\/p>\n<p style=\"text-align: justify;\">Deniz Feneri konusuna da de\u011finen \u0130nce, \u201cSay\u0131n Ba\u015fbakan Alman vak\u0131flar\u0131 iddias\u0131yla CHP\u2019ye \u00e7amur at\u0131yor hem de Alman makamlar\u0131yla Deniz Feneri pazarl\u0131\u011f\u0131 yap\u0131yor. Sizce biraz cesaretin k\u0131r\u0131nt\u0131s\u0131 kalm\u0131\u015fsa Deniz Feneri&#8217;yle ilgili MASAK raporunu a\u00e7\u0131klars\u0131n\u0131z\u201d dedi.<\/p>\n<p style=\"text-align: justify;\"><strong>\u201cAKP\u2019N\u0130N VAL\u0130LER\u0130 B\u00d6YLE KA\u00c7 DOSYA KAPATMI\u015eLARDIR\u201d<\/strong><\/p>\n<p style=\"text-align: justify;\">\u201cAKP\u2019li belediyelerde neler oluyor\u201d diye soran \u0130nce, \u015f\u00f6yle dedi:<\/p>\n<p style=\"text-align: justify;\">\u201cKocaeli Kartepe Belediyesi, Kartepe A\u015e Genel M\u00fcd\u00fcr\u00fc m\u00fcfetti\u015fe diyor ki, dosyay\u0131 savc\u0131l\u0131\u011fa vermeyin, valili\u011fe verin, biz orada kapatt\u0131r\u0131r\u0131z diyor. Soru bir, AKP\u2019nin valileri b\u00f6yle ka\u00e7 dosya kapatm\u0131\u015flard\u0131r.<\/p>\n<p style=\"text-align: justify;\">Soru iki, \u015fimdi komisyon ba\u015fkan\u0131m\u0131z ve milletvekilimiz zaman\u0131n \u0130stanbul Valisi, Akf\u0131rat Belediyesi ile ilgili herhangi bir i\u015flem yapm\u0131\u015f m\u0131d\u0131r?<\/p>\n<p style=\"text-align: justify;\">\u0130\u00e7i\u015fleri Bakanl\u0131\u011f\u0131 da soru\u015fturma izni vermeyerek en b\u00fcy\u00fck kapatmay\u0131 onlar yap\u0131yor.<\/p>\n<p style=\"text-align: justify;\">\u0130stanbul Zeytinburnu\u2019ndan \u00f6rnek verece\u011fim. Elimde m\u00fcfetti\u015f raporu var. AKP\u2019li \u0130stanbul B\u00fcy\u00fck\u015fehir Belediyesi\u2019nin m\u00fcfetti\u015fi yazm\u0131\u015f. \u015e\u00f6yle diyor, ka\u00e7ak yap\u0131ya 1 milyon Euro kar\u015f\u0131l\u0131\u011f\u0131nda g\u00f6z yummak iddias\u0131n\u0131 ara\u015ft\u0131rm\u0131\u015f. Raporda, belediye ba\u015fkanl\u0131k binas\u0131n\u0131n hemen yan\u0131nda bu t\u00fcr ka\u00e7ak yap\u0131la\u015fman\u0131n vuku bulmas\u0131 1 milyon Euro r\u00fc\u015fvet iddialar\u0131n\u0131n do\u011frulu\u011fu hakk\u0131nda kanaatimiz g\u00fc\u00e7 kazanmaktad\u0131r, diyor. Rapor \u0130\u00e7i\u015fleri Bakanl\u0131\u011f\u0131na geliyor. D\u00f6nemin \u0130\u00e7i\u015fleri Bakan\u0131 Atalay soru\u015fturma izni vermiyor.<\/p>\n<p style=\"text-align: justify;\">Yeni bir \u0130stanbul rant hikayesi. \u015eu anda Meclis\u2019te bir milletvekili var. Daha \u00f6nce \u0130stanbul B\u00fcy\u00fck\u015fehir Belediyesi Meclis \u00fcyesiydi. Meclis \u00fcyesiyken belediyenin ihalelerine girdi. Hem de belediyeden ilans\u0131z ihale ald\u0131. Toplam ald\u0131\u011f\u0131 ihale bedeli 234 trilyondur.\u201d<\/p>\n<p style=\"text-align: justify;\"><strong>KAYSER\u0130<\/strong><\/p>\n<p style=\"text-align: justify;\">\u201cBir \u00f6rnekte Kayseri\u2019den vereyim\u201d diyen \u0130nce, \u201c11 Yalova b\u00fcy\u00fckl\u00fc\u011f\u00fcnde maden ruhsat sahas\u0131n\u0131 kapatan Kayseri AKP il ba\u015fkan\u0131 lastik\u00e7iydi sizin iktidar\u0131n\u0131zda madeni buldu. Bu b\u00fcy\u00fck madenci il ba\u015fkanl\u0131\u011f\u0131ndan istifa ettirildi. Ruhsat\u0131 verenler nerde, Enerji Bakan\u0131 nerede, Enerji Bakan\u0131 Yaloval\u0131 m\u0131, Kayserili mi? Cumhurba\u015fkan\u0131 bu il ba\u015fkan\u0131na kefil olacak m\u0131\u201d diye sordu.<\/p>\n<p style=\"text-align: justify;\">Tevfik Fikret\u2019in dizelerinden \u00f6rnek veren \u0130nce, \u201cYeyin efendiler, aks\u0131r\u0131ncaya kadar t\u0131ks\u0131r\u0131ncaya kadar yiyin diyordu\u201d dedi.<\/p>\n<p style=\"text-align: justify;\"><strong>\u201cAKP D\u00d6NEM\u0130NDE RANT \u0130\u00c7\u0130N CAM\u0130 YIKILDI\u201d<\/strong><\/p>\n<p style=\"text-align: justify;\">\u201cMalatya\u2019ya ge\u00e7iyorum\u201d diyen \u0130nce, \u201c\u0130smet Pa\u015fa\u2019n\u0131n memleketi. O \u0130smet Pa\u015fa camilerimizi harp i\u00e7in kulland\u0131. Siz camilerimizi rant i\u00e7in kulland\u0131n\u0131z\u201d dedi.<\/p>\n<p style=\"text-align: justify;\">Elindeki foto\u011fraf\u0131 g\u00f6steren \u0130nce, \u201c\u0130\u015fte AKP d\u00f6neminde rant i\u00e7in y\u0131k\u0131lan bir cami. Hollandal\u0131 firman\u0131n dozerleri T\u00fcrkiye Cumhuriyetinde nas\u0131l cami y\u0131k\u0131yor, nas\u0131l rant i\u00e7in cami y\u0131k\u0131yor, bunu millet g\u00f6rs\u00fcn. Malatya Belediyesi hal arazisini 52 trilyona Hollandal\u0131 \u015firkete satt\u0131, Hollandal\u0131 \u015firket o camiyi b\u00f6yle y\u0131kt\u0131. O araziyi satan belediye ba\u015fkan\u0131n\u0131 da \u00f6d\u00fcllendirip milletvekili yapt\u0131n\u0131z\u201d dedi.<\/p>\n<p style=\"text-align: justify;\"><strong>\u0130NCE\u2019N\u0130N S\u00d6ZLER\u0130 SALONDA TANS\u0130YONU Y\u00dcKSELTT\u0130<\/strong><\/p>\n<p style=\"text-align: justify;\">\u0130nce\u2019nin s\u00f6zleri salonda tansiyonu y\u00fckseltirken, AKP\u2019li milletvekilleri tepki g\u00f6sterdi. \u0130nce\u2019de, \u201cErbakan Hoca sizi g\u00f6rseydi Allah rahmet eylesin sizi gidi rantiyeciler derdi, sizi gidi rantiyeciler, camiyi y\u0131kt\u0131rd\u0131n\u0131z Hollandal\u0131 firmaya\u201d dedi.<\/p>\n<p style=\"text-align: justify;\">\u0130nce, AK Partili milletvekillerine, \u201cYolsuzlu\u011fun bata\u011f\u0131na d\u00fc\u015ft\u00fcn\u00fcz, yetimin hakk\u0131na \u00fc\u015f\u00fc\u015ft\u00fcn\u00fcz, haram lokma b\u00f6l\u00fc\u015ft\u00fcn\u00fcz, r\u00fczgar ektiniz, f\u0131rt\u0131na bi\u00e7eceksiniz. Ka\u00e7\u0131\u015f yok, kurtulu\u015f yok, hesab\u0131 \u00f6deyeceksiniz\u201d dedi.<\/p>\n<p style=\"text-align: justify;\">Ak Parti s\u0131ralar\u0131ndan gelen tepkilere de \u0130nce, \u201c70 y\u0131l \u00f6ncesine d\u00f6nmeye gerek yok\u201d dedi. Elindeki di\u011fer foto\u011fraflar\u0131 da g\u00f6steren \u0130nce, \u201cGidin o imam\u0131 dinleyin\u201d dedi. \u0130nce, \u015f\u00f6yle dedi:<\/p>\n<p style=\"text-align: justify;\">\u201cNiye samimi de\u011filim. Bunlar\u0131 y\u0131kan kim, b\u0131rak\u0131n \u00f6yle sava\u015f d\u00f6neminde yap\u0131lanlar\u0131, siz bu \u00fclkede buralar\u0131 y\u0131k\u0131p Hollandal\u0131 firmalara satt\u0131n\u0131z m\u0131, satmad\u0131n\u0131z m\u0131? Kim baban\u0131n camisi mi, camiler senin mi, camiler senin mi, baban\u0131n camisi mi, senin camin mi, kendinin tapulu mal\u0131 m\u0131 zannediyorsun, bunu kim y\u0131kt\u0131, Hollandal\u0131 firman\u0131n dozerleri y\u0131kt\u0131.\u201d<\/p>\n<p style=\"text-align: justify;\"><strong>GENSORUYA RET<\/strong><\/p>\n<p style=\"text-align: justify;\">Bu arada TBMM Genel Kurulu&#8217;nda yap\u0131lan oylamada CHP&#8217;nin Ba\u015fbakan Erdo\u011fan hakk\u0131nda verdi\u011fi gensoru \u00f6nergesinin g\u00fcndeme al\u0131nmas\u0131 reddedildi.<\/p>\n<p style=\"text-align: justify;\"><a href=\"http:\/\/www.gazeteport.com.tr\/haber\/64856\/yikilan_camiyi_gosterdi_meclis_karisti\" target=\"_blank\">Kaynak : GAZETEPORT<\/a><\/p>\n","protected":false},"excerpt":{"rendered":"<p style=\"text-align: center;\">\n<p style=\"text-align: justify;\">CHP\u2019nin, Ba\u015fbakan hakk\u0131nda verdi\u011fi gensoru g\u00f6r\u00fc\u015fmelerine CHP Grup Ba\u015fkanvekili Muharrem \u0130nce\u2019nin, Genel Kurul Salonu\u2019nda g\u00f6sterdi\u011fi y\u0131k\u0131lan cami foto\u011fraflar\u0131 damgas\u0131n\u0131 vurdu.<\/p>\n","protected":false},"author":1,"featured_media":0,"comment_status":"open","ping_status":"open","sticky":false,"template":"","format":"standard","meta":{"footnotes":""},"categories":[105],"tags":[],"class_list":["post-43370","post","type-post","status-publish","format-standard","hentry","category-gundem","odd"],"_links":{"self":[{"href":"http:\/\/www.korhanyilmaz.com\/index.php?rest_route=\/wp\/v2\/posts\/43370","targetHints":{"allow":["GET"]}}],"collection":[{"href":"http:\/\/www.korhanyilmaz.com\/index.php?rest_route=\/wp\/v2\/posts"}],"about":[{"href":"http:\/\/www.korhanyilmaz.com\/index.php?rest_route=\/wp\/v2\/types\/post"}],"author":[{"embeddable":true,"href":"http:\/\/www.korhanyilmaz.com\/index.php?rest_route=\/wp\/v2\/users\/1"}],"replies":[{"embeddable":true,"href":"http:\/\/www.korhanyilmaz.com\/index.php?rest_route=%2Fwp%2Fv2%2Fcomments&post=43370"}],"version-history":[{"count":0,"href":"http:\/\/www.korhanyilmaz.com\/index.php?rest_route=\/wp\/v2\/posts\/43370\/revisions"}],"wp:attachment":[{"href":"http:\/\/www.korhanyilmaz.com\/index.php?rest_route=%2Fwp%2Fv2%2Fmedia&parent=43370"}],"wp:term":[{"taxonomy":"category","embeddable":true,"href":"http:\/\/www.korhanyilmaz.com\/index.php?rest_route=%2Fwp%2Fv2%2Fcategories&post=43370"},{"taxonomy":"post_tag","embeddable":true,"href":"http:\/\/www.korhanyilmaz.com\/index.php?rest_route=%2Fwp%2Fv2%2Ftags&post=43370"}],"curies":[{"name":"wp","href":"https:\/\/api.w.org\/{rel}","templated":true}]}}