{"id":43365,"date":"2011-11-25T17:00:25","date_gmt":"2011-11-25T15:00:25","guid":{"rendered":"http:\/\/www.korhanyilmaz.com\/?p=43365"},"modified":"2011-11-25T17:34:20","modified_gmt":"2011-11-25T15:34:20","slug":"ocalana-ev-hapsini-vicdanlar-kabul-etmez","status":"publish","type":"post","link":"http:\/\/www.korhanyilmaz.com\/?p=43365","title":{"rendered":"&#8220;\u00d6calan&#8217;a ev hapsini vicdanlar kabul etmez&#8221;"},"content":{"rendered":"<p style=\"text-align: center;\"><a href=\"http:\/\/www.korhanyilmaz.com\/wp-content\/uploads\/2011\/11\/7364.jpg\"  class=\"lightview\"><img loading=\"lazy\" decoding=\"async\" class=\"aligncenter  wp-image-43366\" src=\"http:\/\/www.korhanyilmaz.com\/wp-content\/uploads\/2011\/11\/7364.jpg\" alt=\"\" width=\"277\" height=\"213\" \/><\/a><\/p>\n<p style=\"text-align: justify;\">Genelkurmay Ba\u015fkan\u0131 Org. Necdet \u00d6zel, Abdullah \u00d6calan&#8217;a y\u00f6nelik ev hapsi taleplerine tepki g\u00f6stererek, &#8220;Su\u00e7un cezas\u0131z kalmas\u0131, hafifletilmesi ve de\u011fi\u015ftirilmesi s\u00f6z konusu olmamal\u0131d\u0131r. Vatanda\u015flar\u0131m\u0131z\u0131n devlete olan g\u00fcveni zedelenir. Bu talepleri hayretle kar\u015f\u0131l\u0131yorum. T\u00fcrk kamuoyu ve vicdanlar bunu kabul etmez&#8221; dedi.<!--more--><\/p>\n<p style=\"text-align: justify;\">Org. \u00d6zel CNN T\u00dcRK Ankara Temsilcisi Hande F\u0131rat&#8217;\u0131n bedelli askerlikten, \u00d6calan&#8217;a ev hapsi taleplerine kadar pek \u00e7ok konuya y\u00f6nelik sorular\u0131n\u0131 yaz\u0131l\u0131 olarak yan\u0131tlad\u0131.<\/p>\n<p style=\"text-align: justify;\"><span style=\"text-decoration: underline;\">Ter\u00f6rle m\u00fccadele ve bedelli askerlik:<\/span><\/p>\n<p style=\"text-align: justify;\">\u00d6zel, &#8220;Ter\u00f6rle m\u00fccadelede ba\u015far\u0131ya ula\u015f\u0131lmad\u0131\u011f\u0131 g\u00f6r\u00fc\u015f\u00fcne kat\u0131lm\u0131yorum. Uzun solukl\u0131 bir m\u00fccadeledir. Sonu\u00e7 almak i\u00e7in i\u00e7 ve d\u0131\u015f kaynaklar kurutulmal\u0131d\u0131r&#8221; dedi.<\/p>\n<p style=\"text-align: justify;\">Org. \u00d6zel bedelli askerlikle ilgili olarak da \u015funlar\u0131 s\u00f6yledi:<\/p>\n<p style=\"text-align: justify;\">&#8220;Ge\u00e7en y\u0131l bedelli askerlik uygulamas\u0131 &#8220;Askerlik Sisteminin Yeniden De\u011ferlendirilmesi&#8221; \u00e7al\u0131\u015fmas\u0131 i\u00e7inde ele al\u0131nm\u0131\u015f ve \u00e7al\u0131\u015fma sonu\u00e7lar\u0131 Genelkurmay Ba\u015fkanl\u0131\u011f\u0131n\u0131n resmi g\u00f6r\u00fc\u015f\u00fc olarak Ekim 2010&#8217;da Say\u0131n Ba\u015fbakan&#8217;a sunulmu\u015ftur. Ancak, konu se\u00e7im \u00f6ncesinde g\u00fcndeme gelmemi\u015f, genel se\u00e7imden sonra \u00fclkenin \u00f6nemli g\u00fcndem maddelerinin \u00f6n s\u0131ralar\u0131nda yer alm\u0131\u015ft\u0131r.<\/p>\n<p style=\"text-align: justify;\">Bu durum \u00fczerine eski \u00e7al\u0131\u015fmadan da b\u00fcy\u00fck \u00f6l\u00e7\u00fcde istifade ederek ve hassasiyetlerimizi tekrarlayarak, kurumsal g\u00f6r\u00fc\u015f\u00fcm\u00fcz\u00fc ilgili makamlarla payla\u015ft\u0131m. Bilindi\u011fi \u00fczere, demokratik parlamenter sistemde, karar mercii y\u00fcr\u00fctme ve yasama organ\u0131d\u0131r. 22 Kas\u0131m 2011 tarihinde Say\u0131n Ba\u015fbakan taraf\u0131ndan bedelli askerlik uygulamas\u0131n\u0131n esaslar\u0131 kamuoyuna a\u00e7\u0131klanm\u0131\u015ft\u0131r.&#8221;<\/p>\n<p style=\"text-align: justify;\"><span style=\"text-decoration: underline;\">Murat Karay\u0131lan&#8217;\u0131n \u0130ran&#8217;da yakaland\u0131\u011f\u0131 iddias\u0131:<\/span><\/p>\n<p style=\"text-align: justify;\">\u00d6zel, Murat Karay\u0131lan&#8217;\u0131n \u0130ran&#8217;da yakaland\u0131ktan sonra serbest b\u0131rak\u0131ld\u0131\u011f\u0131 y\u00f6n\u00fcndeki soruya, &#8220;Bu konuda TSK&#8217;da herhangi bir mevcut bilgi yoktur&#8221; yan\u0131t\u0131n\u0131 verdi.<\/p>\n<p style=\"text-align: justify;\"><span style=\"text-decoration: underline;\">\u00d6calan&#8217;a ev hapsi talepleri:<\/span><\/p>\n<p style=\"text-align: justify;\">Genelkurmay Ba\u015fkan\u0131 \u00f6zellikle BDP taraf\u0131ndan s\u0131k\u00e7a dile getirilen &#8220;\u00d6calan&#8217;a ev hapsi&#8221; talebine y\u00f6nelik soruya da \u015fu yan\u0131t\u0131 verdi:<\/p>\n<p style=\"text-align: justify;\">&#8220;Su\u00e7un cezas\u0131z kalmas\u0131, hafifletilmesi ve de\u011fi\u015ftirilmesi s\u00f6z konusu olmamal\u0131d\u0131r. Vatanda\u015flar\u0131m\u0131z\u0131n devlete olan g\u00fcveni zedelenir. Bu talepleri hayretle kar\u015f\u0131l\u0131yorum. T\u00fcrk kamuoyu ve vicdanlar bunu kabul etmez.&#8221;<\/p>\n<p style=\"text-align: justify;\"><span style=\"text-decoration: underline;\">Hasdal&#8217;a yapt\u0131\u011f\u0131 ziyaret:<\/span><\/p>\n<p style=\"text-align: justify;\">Org. \u00d6zel Hasdal&#8217;a yapt\u0131\u011f\u0131 ziyaretle ilgili olarak da, &#8220;Tutuklu TSK personeli ayn\u0131 ortak kaderi payla\u015ft\u0131\u011fm\u0131z silah arkada\u015flar\u0131md\u0131r. Ziyaretimin amac\u0131 insanidir. Ziyaretimize ba\u015fka anlamlar y\u00fcklemek yanl\u0131\u015ft\u0131r. TSK hukukun \u00fcst\u00fcnl\u00fc\u011f\u00fcne her zaman \u00f6nem vermektedir, bu safhada ba\u015fka bir de\u011ferlendirme yapmay\u0131 uygun bulmuyorum&#8221; a\u00e7\u0131klamas\u0131nda bulundu.<\/p>\n<p style=\"text-align: justify;\"><span style=\"text-decoration: underline;\">YA\u015e&#8217;ta istifa krizi:<\/span><\/p>\n<p style=\"text-align: justify;\">Org. \u00d6zel, &#8220;A\u011fustos ay\u0131ndaki \u015fura \u00f6ncesinde, t\u00fcm kuvvet komutanlar\u0131n\u0131n istifa etti\u011fi s\u00fcre\u00e7te sizin istifa etmemenizle ilgili bir\u00e7ok spek\u00fclasyon yap\u0131lm\u0131\u015ft\u0131. Bu spek\u00fclasyonlara bir yan\u0131t verecek misiniz?&#8221; sorusuna da \u015fu yan\u0131t\u0131 verdi:<\/p>\n<p style=\"text-align: justify;\">&#8220;Bu soruyu sordu\u011funuz i\u00e7in \u00f6zellikle te\u015fekk\u00fcr ederim.<\/p>\n<p style=\"text-align: justify;\">Demokratik bir \u00fclkede ya\u015f\u0131yoruz. Bu nedenle, isteyen istedi\u011fi \u015fekilde de\u011ferlendirme yapabilir. Ancak bu de\u011ferlendirmelerin, duygusall\u0131ktan uzak, \u00f6nyarg\u0131s\u0131z, ki\u015fileri yak\u0131ndan tan\u0131yarak ve mesleki hiyerar\u015fi dikkate al\u0131narak objektif bir \u015fekilde yap\u0131lmas\u0131n\u0131n faziletli bir davran\u0131\u015f oldu\u011funu d\u00fc\u015f\u00fcn\u00fcyorum.<\/p>\n<p style=\"text-align: justify;\">TSK gibi \u00e7ok ulvi bir kurulu\u015fu komuta etmenin gururunu ve onurunu ta\u015f\u0131yorum. Bu g\u00f6revin sorumlulu\u011funa m\u00fcdrik bir birey olarak, T\u00fcrkiye Cumhuriyeti Devletinin kurulu\u015f felsefesine, anayasam\u0131zda belirtilen temel ilkelere ve i\u00e7ti\u011fim askerlik and\u0131na ba\u011fl\u0131 kalarak, g\u00f6revime odakl\u0131, insan merkezli, ortak ak\u0131l kullanarak, yetkililerle konu\u015farak, diyalog kurarak, sorunlara \u00e7\u00f6z\u00fcm arayan \u015feffaf bir y\u00f6netim anlay\u0131\u015fla bana tevdi edilen bu \u015ferefli kamu hizmetini yapmak arzusunday\u0131m. &#8220;<\/p>\n<p style=\"text-align: justify;\"><strong>M\u0130LL\u0130YET YAZARI F\u0130KRET B\u0130LA ORG. \u00d6ZEL&#8217;\u0130N A\u00c7IKLAMALARINI DE\u011eERLEND\u0130RD\u0130:<\/strong><\/p>\n<p style=\"text-align: justify;\">&#8220;Bedellide y\u00fcr\u00fctmeyi i\u015faret etmesi \u00f6nemlidir. Say\u0131n Genelkurmay Ba\u015fkan\u0131&#8217;n\u0131n ifadelerinden \u00e7ok destekledikleri bir uygulama olmad\u0131\u011f\u0131n\u0131 hissediyoruz. Bu uygulamaya h\u00fck\u00fcmetin gerek g\u00f6rd\u00fc\u011f\u00fcn\u00fc ifade ediyor. Bu konuda pek sorumluluk almak istemedi\u011fini g\u00f6r\u00fcyoruz. H\u00fck\u00fcnmetin ve parlamentonun takdiridir diyor.<\/p>\n<p style=\"text-align: justify;\">Hasdal&#8217;\u0131 ziyaretini bir insan\u0131 ziyaret olarak g\u00f6r\u00fcyor ki \u00e7\u00fcnk\u00fc bunun nedeni bu ziyaretlerin hukuki s\u00fcreci etkleyebilece\u011fi g\u00f6r\u00fc\u015fleri.<\/p>\n<p style=\"text-align: justify;\">G\u00f6revi devralma \u015fekliyle ilgili cevaplar\u0131 da \u00f6nemli. Ben T.C.&#8217;nin temel ilkelerine ba\u011fl\u0131 biriyim diye ifade ediyor ki di\u011ferl\u015feriyle birliklte istifa etmeyince di\u011ferlerinden farkl\u0131 gibi bir ele\u015ftiri yap\u0131lm\u0131\u015f\u0131, o da Atat\u00fcrk&#8217;\u00fcn d\u00fc\u015f\u00fcnce sistemine sahip bir komutan oldu\u011funa i\u015faret etmek istiyor. &#8220;<\/p>\n<p style=\"text-align: justify;\"><a href=\"http:\/\/www.cnnturk.com\/2011\/cnn.turk.tv\/11\/25\/ocalana.ev.hapsini.vicdanlar.kabul.etmez\/638133.0\/index.html\" target=\"_blank\">Kaynak : CNN T\u00dcRK<\/a><\/p>\n","protected":false},"excerpt":{"rendered":"<p style=\"text-align: center;\">\n<p style=\"text-align: justify;\">Genelkurmay Ba\u015fkan\u0131 Org. Necdet \u00d6zel, Abdullah \u00d6calan&#8217;a y\u00f6nelik ev hapsi taleplerine tepki g\u00f6stererek, &#8220;Su\u00e7un cezas\u0131z kalmas\u0131, hafifletilmesi ve de\u011fi\u015ftirilmesi s\u00f6z konusu olmamal\u0131d\u0131r. Vatanda\u015flar\u0131m\u0131z\u0131n devlete olan g\u00fcveni zedelenir. Bu talepleri hayretle kar\u015f\u0131l\u0131yorum. T\u00fcrk kamuoyu ve vicdanlar bunu kabul etmez&#8221; dedi.<\/p>\n","protected":false},"author":1,"featured_media":0,"comment_status":"open","ping_status":"open","sticky":false,"template":"","format":"standard","meta":{"footnotes":""},"categories":[105],"tags":[],"class_list":["post-43365","post","type-post","status-publish","format-standard","hentry","category-gundem","odd"],"_links":{"self":[{"href":"http:\/\/www.korhanyilmaz.com\/index.php?rest_route=\/wp\/v2\/posts\/43365","targetHints":{"allow":["GET"]}}],"collection":[{"href":"http:\/\/www.korhanyilmaz.com\/index.php?rest_route=\/wp\/v2\/posts"}],"about":[{"href":"http:\/\/www.korhanyilmaz.com\/index.php?rest_route=\/wp\/v2\/types\/post"}],"author":[{"embeddable":true,"href":"http:\/\/www.korhanyilmaz.com\/index.php?rest_route=\/wp\/v2\/users\/1"}],"replies":[{"embeddable":true,"href":"http:\/\/www.korhanyilmaz.com\/index.php?rest_route=%2Fwp%2Fv2%2Fcomments&post=43365"}],"version-history":[{"count":0,"href":"http:\/\/www.korhanyilmaz.com\/index.php?rest_route=\/wp\/v2\/posts\/43365\/revisions"}],"wp:attachment":[{"href":"http:\/\/www.korhanyilmaz.com\/index.php?rest_route=%2Fwp%2Fv2%2Fmedia&parent=43365"}],"wp:term":[{"taxonomy":"category","embeddable":true,"href":"http:\/\/www.korhanyilmaz.com\/index.php?rest_route=%2Fwp%2Fv2%2Fcategories&post=43365"},{"taxonomy":"post_tag","embeddable":true,"href":"http:\/\/www.korhanyilmaz.com\/index.php?rest_route=%2Fwp%2Fv2%2Ftags&post=43365"}],"curies":[{"name":"wp","href":"https:\/\/api.w.org\/{rel}","templated":true}]}}