{"id":43362,"date":"2011-11-25T17:04:35","date_gmt":"2011-11-25T15:04:35","guid":{"rendered":"http:\/\/www.korhanyilmaz.com\/?p=43362"},"modified":"2011-11-25T17:29:49","modified_gmt":"2011-11-25T15:29:49","slug":"org-ozel-cnn-turke-konustu","status":"publish","type":"post","link":"http:\/\/www.korhanyilmaz.com\/?p=43362","title":{"rendered":"Org. \u00d6zel CNN T\u00dcRK&#8217;e konu\u015ftu&#8230;"},"content":{"rendered":"<p style=\"text-align: justify;\"><a href=\"http:\/\/www.korhanyilmaz.com\/wp-content\/uploads\/2011\/11\/7363.jpg\"  class=\"lightview\"><img loading=\"lazy\" decoding=\"async\" class=\"aligncenter size-full wp-image-43363\" title=\"\" src=\"http:\/\/www.korhanyilmaz.com\/wp-content\/uploads\/2011\/11\/7363.jpg\" alt=\"\" width=\"292\" height=\"224\" \/><\/a><\/p>\n<p style=\"text-align: justify;\"><span style=\"text-decoration: underline;\">Genelkurmay Ba\u015fkan\u0131 Orgeneral Necdet \u00d6zel&#8217;in CNN T\u00dcRK Ankara Temsilcisi Hande F\u0131rat&#8217;a verdi\u011fi r\u00f6portaj\u0131n soru ve cevaplar\u0131:\u00a0<\/span><\/p>\n<p style=\"text-align: justify;\"><strong>1.<\/strong> T\u00fcrkiye uzun y\u0131llard\u0131r, ter\u00f6rle m\u00fccadele y\u00fcr\u00fct\u00fcyor. Askerlik ter\u00f6rle m\u00fccadelenin \u00e7ok \u00f6nemli bir par\u00e7as\u0131. Acaba Genelkurmay Ba\u015fkanl\u0131\u011f\u0131 olarak, T\u00fcrkiye&#8217;nin i\u00e7inde bulundu\u011fu durum da d\u00fc\u015f\u00fcn\u00fcl\u00fcrse, bedelli askerlik zamanlamas\u0131 do\u011fru mu?<!--more--><\/p>\n<p style=\"text-align: justify;\"><strong>2.<\/strong> Daha \u00f6nce bedelli askerlikle ilgili, &#8220;buna karar verilirken halk\u0131m\u0131z\u0131n hassasiyetleri, fakir-zengin ayr\u0131mc\u0131l\u0131\u011f\u0131na gidilmemesinin \u00e7ok \u00f6nemli hususlard\u0131r&#8221; demi\u015ftiniz. Y\u00fcr\u00fct\u00fclen bedelli askerlik \u00e7al\u0131\u015fmas\u0131nda bu hassasiyetler nas\u0131l giderildi?<\/p>\n<p style=\"text-align: justify;\"><strong>3.<\/strong> Ter\u00f6rle m\u00fccadelenin \u00f6nemli bir d\u00f6neminde bedelli askerli\u011fin g\u00fcndemde olmas\u0131n\u0131 nas\u0131l de\u011ferlendiriyorsunuz?<\/p>\n<p style=\"text-align: justify;\"><strong>4.<\/strong> Gazi, \u015fehit yak\u0131nlar\u0131ndan askeri komuta kademesinden bedelli askerlikle ilgili hassasiyetler bildirildi mi?<\/p>\n<p style=\"text-align: justify;\"><strong>5.<\/strong> Bedelli askerlikle ilgili y\u00fcr\u00fct\u00fclen \u00e7al\u0131\u015fmalara Genelkurmay Ba\u015fkanl\u0131\u011f\u0131 do\u011frudan kat\u0131l\u0131yor mu?<\/p>\n<p style=\"text-align: justify;\"><strong>6.<\/strong> Ya\u015f s\u0131n\u0131r\u0131 konusunda bir netlik var m\u0131? TSK&#8217;n\u0131n er ve erba\u015f ihtiyac\u0131 g\u00f6z \u00f6n\u00fcnde tutulursa konu\u015fulan ya\u015flara, 35, 30, 28 gibi, nas\u0131l bak\u0131yorsunuz?<\/p>\n<p style=\"text-align: justify;\"><strong>7.<\/strong> Bedelli askerlik d\u0131\u015f\u0131nda \u00f6nceki d\u00f6nemde askerlik s\u00fcreleri ile ilgili bir d\u00fczenleme yap\u0131lmas\u0131 g\u00fcndeme gelmi\u015fti? Bu konu ile ilgili yeni bir durum var m\u0131?<\/p>\n<p style=\"text-align: justify;\">Ge\u00e7en y\u0131l bedelli askerlik uygulamas\u0131 &#8220;Askerlik Sisteminin Yeniden De\u011ferlendirilmesi&#8221; \u00e7al\u0131\u015fmas\u0131 i\u00e7inde ele al\u0131nm\u0131\u015f ve \u00e7al\u0131\u015fma sonu\u00e7lar\u0131 Genelkurmay Ba\u015fkanl\u0131\u011f\u0131n\u0131n resmi g\u00f6r\u00fc\u015f\u00fc olarak Ekim 2010&#8217;da Say\u0131n Ba\u015fbakana sunulmu\u015ftur.<\/p>\n<p style=\"text-align: justify;\">Ancak, konu se\u00e7im \u00f6ncesinde g\u00fcndeme gelmemi\u015f, genel se\u00e7imden sonra \u00fclkenin \u00f6nemli g\u00fcndem maddelerinin \u00f6n s\u0131ralar\u0131nda yer alm\u0131\u015ft\u0131r. Bu durum \u00fczerine eski \u00e7al\u0131\u015fmadan da b\u00fcy\u00fck \u00f6l\u00e7\u00fcde istifade ederek ve hassasiyetlerimizi tekrarlayarak, kurumsal g\u00f6r\u00fc\u015f\u00fcm\u00fcz\u00fc ilgili makamlarla payla\u015ft\u0131m. Bilindi\u011fi \u00fczere, demokratik parlamenter sistemde, karar mercii y\u00fcr\u00fctme ve yasama organ\u0131d\u0131r. 22 Kas\u0131m 2011 tarihinde Say\u0131n Ba\u015fbakan taraf\u0131ndan bedelli askerlik uygulamas\u0131n\u0131n esaslar\u0131 kamuoyuna a\u00e7\u0131klanm\u0131\u015ft\u0131r.<\/p>\n<p style=\"text-align: justify;\"><strong>8.<\/strong> Ter\u00f6rle m\u00fccadelede etkin g\u00f6rev alacak profesyonel birlikler ne zaman ve nas\u0131l sahaya iniyorlar?<\/p>\n<p style=\"text-align: justify;\">Subay, astsubay, uzman jandarma ve uzman erba\u015flardan olu\u015fan uzman personel oran\u0131 2000 y\u0131l\u0131nda TSK genel mevcudunun yakla\u015f\u0131k olarak y\u00fczde 20&#8217;si iken, halihaz\u0131rda y\u00fczde 35 seviyesine y\u00fckseltilmi\u015ftir.<\/p>\n<p style=\"text-align: justify;\">Komando Tugaylar\u0131n\u0131n uzmanla\u015fmas\u0131 (profesyonelle\u015fmesi) amac\u0131yla 2007 y\u0131l\u0131nda ba\u015flat\u0131lan uzman erba\u015f temin faaliyeti sonucunda K.K.K:l\u0131\u011f\u0131ndan 5, Gn.K.&#8217;l\u0131\u011f\u0131ndan 1 Komando Tugay\u0131m\u0131z\u0131n operaynona kat\u0131lan unsurlar\u0131n\u0131n tamam\u0131 uzman erba\u015flardan olu\u015fturulmu\u015ftur. Halen, 5 Komando Tugay\u0131, 1 Jandarma Komando Tugay\u0131, 19 Jandarma \u00d6zel Harekat Taburu ve \u00d6zel Kuvvetler Komutanl\u0131\u011f\u0131n\u0131n operasyonlara kat\u0131lan unsurlar\u0131n\u0131n tamam\u0131 uzman personeldir. 2012 y\u0131l\u0131 i\u00e7erisinde, iki Jandarma Komando Alay\u0131n\u0131n birer taburunun uzman erba\u015fa d\u00f6n\u00fc\u015ft\u00fcr\u00fclmesi ve di\u011fer birliklerin uzman personel eksikli\u011finin giderilmesi \u00e7al\u0131\u015fmalar\u0131na ba\u015flanm\u0131\u015ft\u0131r.<\/p>\n<p style=\"text-align: justify;\">Di\u011fer taraftan, \u00f6ncelikle hudut birliklerinde g\u00f6revlendirmek \u00fczere uzman personel istihdam\u0131 kapsam\u0131nda s\u00f6zle\u015fmeli erba\u015f ve er teminine devam edilmektedir.<\/p>\n<p style=\"text-align: justify;\">2011 y\u0131l\u0131 i\u00e7in, K.K.K.l\u0131\u011f\u0131 b\u00fcnyesinde g\u00f6revlendirilmek \u00fczere, 5.103 ki\u015filik s\u00f6zle\u015fmeli er kontenjan\u0131 i\u00e7in 17.827 ki\u015fi m\u00fcracaat etmesine ra\u011fmen 3.038 ki\u015fi test ve m\u00fclakat i\u00e7in bizzat gelerek ba\u015fvurmu\u015f, bunlar\u0131n 1.992&#8217;si test ve m\u00fclakat\u0131 kazanm\u0131\u015f, ancak sa\u011fl\u0131k muayeneleri soncunda 783 ki\u015fi 28 Kas\u0131m 2011&#8217;de e\u011fitime ba\u015flama hakk\u0131n\u0131 elde etmi\u015ftir.<\/p>\n<p style=\"text-align: justify;\">2012 y\u0131l i\u00e7in ayr\u0131ca 10.659 ki\u015finin temini planlanm\u0131\u015ft\u0131r. Ba\u015fvurular ba\u015flam\u0131\u015f olup 31 Aral\u0131k tarihine kadar devam edecektir. Halen 9.761 ki\u015fi m\u00fcracaat etmi\u015ftir.<\/p>\n<p style=\"text-align: justify;\"><strong>9.<\/strong> S\u0131n\u0131r karakollar\u0131n\u0131n TOK\u0130 taraf\u0131ndan yenilenmesi konusunda, son rakamlar nedir?<\/p>\n<p style=\"text-align: justify;\">K.K.K.l\u0131\u011f\u0131 i\u00e7in 155 adet, J.Gn.K.l\u0131\u011f\u0131 i\u00e7in 228 adet olmak \u00fczere toplam 383 adet karakol in\u015fas\u0131 planlanm\u0131\u015ft\u0131r. Bu karakollar\u0131n, 312 adedi TOK\u0130, 26 adedi MSM ve 45 adedi \u00c7evre ve \u015eehircilik Bakanl\u0131\u011f\u0131 ve Jandarma \u0130n\u015faat Birlikleri taraf\u0131ndan yap\u0131lacakt\u0131r. Bug\u00fcn itibari ile;<\/p>\n<p style=\"text-align: justify;\">&#8211; 65 adedi TOK\u0130, 13 adedi MSB taraf\u0131ndan tamamlanan toplam 78 adet karakol teslim al\u0131nm\u0131\u015f,<\/p>\n<p style=\"text-align: justify;\">-164 adedi TOK\u0130, 10 adedi MSB, 21 adedi \u00c7evre ve \u015eehircilik Bakanl\u0131\u011f\u0131 ile J. \u0130n\u015faat Birlikleri taraf\u0131ndan olmak \u00fczere toplam 195 adedinin in\u015faat\u0131,<\/p>\n<p style=\"text-align: justify;\">-83 adedi TOK\u0130, 3 adedi MSB, 24 adedi \u00c7evre ve \u015eehircilik Bakanl\u0131\u011f\u0131 ile J. \u0130n\u015faat Birlikleri taraf\u0131ndan olmak \u00fczere toplam 110 adedinin ise projelendirme \u00e7al\u0131\u015fmalar\u0131 devam etmektedir.<\/p>\n<p style=\"text-align: justify;\"><strong>10.<\/strong> Ter\u00f6rle m\u00fccadelede Genelkurmay Ba\u015fkanl\u0131\u011f\u0131n\u0131n baz\u0131 eksikleri bulundu\u011fu hem Genelkurmay eski Ba\u015fkan\u0131 Orgeneral I\u015f\u0131k KO\u015eANER taraf\u0131ndan dile getirildi, hem de kamuoyunda baz\u0131 kesimler taraf\u0131ndan&#8230; Siz ter\u00f6rle m\u00fccadelee T\u00fcrk Silahl\u0131 Kuvvetleri&#8217;nin eksi\u011fi ve yanl\u0131\u015f\u0131 oldu\u011funu d\u00fc\u015f\u00fcn\u00fcyor musunuz?<\/p>\n<p style=\"text-align: justify;\">Say\u0131n Komutan\u0131m\u0131z\u0131n ifade ettikleri konular\u0131, birka\u00e7 m\u00fcnferit olaya ait de\u011ferlendirmeleri i\u00e7eren kurum i\u00e7i bir \u00f6zele\u015ftiri olarak de\u011ferlendiriyorum. TSK&#8217;de her olay derinli\u011fine incelenir, \u00e7\u0131kar\u0131lan sonu\u00e7lar ve al\u0131nacak dersler personelin e\u011fitimine yans\u0131t\u0131l\u0131r.<\/p>\n<p style=\"text-align: justify;\">B\u00f6lgenin \u00e7o\u011frafi yap\u0131s\u0131n\u0131n yan\u0131 s\u0131ra b\u00f6l\u00fcc\u00fc ter\u00f6r \u00f6rg\u00fct\u00fcn\u00fcn, kanun ba\u015fta olmak \u00fczere hi\u00e7bir konuda s\u0131n\u0131r tan\u0131mayan, insani de\u011ferleri yok sayan, masum vatanda\u015flar\u0131m\u0131z\u0131, g\u00fcvenlik g\u00fc\u00e7lerimizi, millek olarak birlik ve beraberli\u011fimizi hedef alan insanl\u0131k d\u0131\u015f\u0131 y\u00f6netmleri ile i\u00e7 ve d\u0131\u015f destekler dikkate al\u0131nd\u0131\u011f\u0131nda, ter\u00f6ristle m\u00fccadelenin ne derece zor ve ola\u011fan\u00fcst\u00fc ko\u015fullarda yerine getirildi\u011fine dikkatleri \u00e7ekmek istiyorum.<\/p>\n<p style=\"text-align: justify;\">Eli kanl\u0131, g\u00f6z\u00fc d\u00f6nm\u00fc\u015f, insanl\u0131\u011f\u0131n yaratt\u0131\u011f\u0131 de\u011ferleri hi\u00e7e sayan b\u00f6l\u00fcc\u00fc ter\u00f6r \u00f6rg\u00fct\u00fcn\u00fcn etkisiz hale getirilmesi; bedeli ne olursa olsun, milletimizin huzur ve g\u00fcvenli\u011fi, \u00fclkemizin birlik ve b\u00fct\u00fcnl\u00fc\u011f\u00fc i\u00e7in hayatidir ve TSK olarak bu bilin\u00e7le m\u00fccadelemize devam ediyoruz.<\/p>\n<p style=\"text-align: justify;\"><strong>11.<\/strong> 30 y\u0131ld\u0131r s\u00fcrd\u00fcr\u00fclen bir m\u00fccadelenin ba\u015far\u0131ya ula\u015fmama nedeni sizce nedir?<\/p>\n<p style=\"text-align: justify;\">Sorunuzu talihsiz bir soru olarak de\u011ferlendiriyorum. Ter\u00f6rle m\u00fccadele konusunda ba\u015far\u0131ya ula\u015f\u0131lamad\u0131\u011f\u0131 g\u00f6r\u00fc\u015f\u00fcn\u00fcze kat\u0131lm\u0131yorum. Ba\u015far\u0131s\u0131zl\u0131k s\u00f6z konusu olsa idi b\u00f6l\u00fcc\u00fc ter\u00f6r \u00f6rg\u00fct\u00fc bug\u00fcn ama\u00e7lad\u0131\u011f\u0131 hedefe ula\u015fm\u0131\u015f olurdu.<\/p>\n<p style=\"text-align: justify;\">T\u00fcrk Silahl\u0131 Kuvvetlerinin, devletiminiz di\u011fer kurumlar\u0131 ile birlikte s\u00fcrd\u00fcrd\u00fc\u011f\u00fc kararl\u0131 m\u00fccadelesi, ter\u00f6r \u00f6rg\u00fct\u00fcn\u00fcn hedefine ula\u015fmas\u0131n\u0131 engellemi\u015ftir. Ba\u015far\u0131s\u0131zl\u0131k kavram\u0131ndan bahsedilirken resmin tamam\u0131n\u0131n g\u00f6r\u00fclmesinin uygun olaca\u011f\u0131n\u0131 d\u00fc\u015f\u00fcn\u00fcyorum. Ayr\u0131ca unutulmamal\u0131d\u0131r ki ter\u00f6rle m\u00fccadele; uzun soluklu bir m\u00fccadele \u015feklidir. Ter\u00f6r\u00fc besleyen i\u00e7 ve d\u0131\u015f kaynaklar\u0131 kurutmadan, sonu\u00e7 alman\u0131n da zor oldu\u011fu bir ger\u00e7ektir.<\/p>\n<p style=\"text-align: justify;\"><strong>12.<\/strong> T\u00fcrk Silahl\u0131 Kuvvetlerinin elinde, Murat Karay\u0131lan&#8217;\u0131n \u0130ran taraf\u0131ndan yakaland\u0131\u011f\u0131 ve sonra serbest b\u0131rakl\u0131\u011f\u0131na dair bir bilgi var m\u0131?<\/p>\n<p style=\"text-align: justify;\">A\u00e7\u0131k kaynaklarda s\u00f6ylenti \u015feklinde yer alan ve bir \u00e7ok ki\u015fi taraf\u0131ndan ger\u00e7ek d\u0131\u015f\u0131 doldu\u011fu belirtilen konuya ili\u015fkin TSK&#8217;nde herhangi bir bilgi mevcut de\u011fildir.<\/p>\n<p style=\"text-align: justify;\"><strong>13.<\/strong> Ba\u015fta TBMM&#8217;ye giren BDP olmak \u00fczere bir kesim taraf\u0131ndan seslendirilen Abdullah \u00d6calan&#8217;\u0131n ev hapsine al\u0131nmas\u0131, bu m\u00fccadeleyi nas\u0131l ve ne \u015fekilde etkiler?<\/p>\n<p style=\"text-align: justify;\">Hukuku, ger\u00e7ek ve evrensel anlam\u0131\u015fla i\u00e7selle\u015ftirmi\u015f bir hukuk devletinde su\u00e7un cezas\u0131z kalmas\u0131 hele hele cezan\u0131n \u00e7e\u015fitli saiklerle hafifletilmesi veya de\u011fi\u015ftirilmesi s\u00f6z konusu olmamal\u0131d\u0131r. Aksi durum, vatanda\u015flar\u0131m\u0131z\u0131n adalet duygusunu rencide eder ve devlete olan g\u00fcveni zedeler.<\/p>\n<p style=\"text-align: justify;\">Bir hukuk devleti olan T\u00fcrkiye Cumhuriyeti Devletinde, bu g\u00fcne kadar on binlerce vatanda\u015f\u0131m\u0131z\u0131n \u00f6l\u00fcm\u00fcn\u00fcn sorumlusu oldu\u011funa dair kesinle\u015fmi\u015f yarg\u0131 h\u00fckm\u00fcne ra\u011fmen, ter\u00f6rist ba\u015f\u0131n\u0131n cezas\u0131n\u0131n hafifletilmesi anlam\u0131na gelen taleplerin g\u00fcndeme getirilmesini hayretle kar\u015f\u0131l\u0131yorum.<\/p>\n<p style=\"text-align: justify;\">B\u00f6yle bir sonucu, T\u00fcrk kamuoyunun ve vicdanlar\u0131n\u0131n kabul etmeyece\u011fini d\u00fc\u015f\u00fcn\u00fcyorum.<\/p>\n<p style=\"text-align: justify;\"><strong>14.<\/strong> Son Kazan Vadisi operasyonunda neden b\u00f6lgeye gittiniz? Neden operasyonu oradan y\u00fcr\u00fctt\u00fcn\u00fcz? Bir eksiklik ya da karar alma mekanizmas\u0131nda bir yava\u015fl\u0131k m\u0131 tespit ettiniz?<\/p>\n<p style=\"text-align: justify;\">T\u00fcrk Silahl\u0131 Kuvvetlerinde g\u00f6rev yapan t\u00fcm komutanlar, ge\u00e7mi\u015fte oldu\u011fu gibi bug\u00fcn ve gelecekte de gerekli g\u00f6rd\u00fckleri yer ve zamanda birliklerinin yan\u0131nda olmay\u0131 temel ilke edinmi\u015flerdir. Orada bulunmam\u0131z tamamen bu ilke \u00e7er\u00e7evesindedir.<\/p>\n<p style=\"text-align: justify;\"><strong>15.<\/strong> F-16&#8217;lar\u0131n u\u00e7u\u015f sistemi ve silahlar\u0131n\u0131 tamamen kontrol eden bilgisayar program\u0131 F-16&#8217;lar\u0131n kaynak kodlar\u0131 ABD taraf\u0131ndan T\u00fcrkiye&#8217;ye verilecek mi?<\/p>\n<p style=\"text-align: justify;\">Hava Kuvvetleri Komutanl\u0131\u011f\u0131 envanterinde bulunan F-16 u\u00e7aklar\u0131 \u00fczerinde devam eden modernizasyon \u00e7al\u0131\u015fmas\u0131 kapsam\u0131nda u\u00e7aklara yeni g\u00f6rev bilgisayarlar\u0131 entegre edilmektedir. F-16 kaynak kodlar\u0131n\u0131 kullanarak yaz\u0131l\u0131mda de\u011fi\u015fiklik yapma kabiliyetinin kazan\u0131lmas\u0131 amac\u0131yla ABD taraf\u0131 ile g\u00f6r\u00fc\u015fmelere devam edilmektedir.<\/p>\n<p style=\"text-align: justify;\"><strong>16.<\/strong> ABD&#8217;nin Irak&#8217;tan \u00e7ekilirken T\u00fcrkiye&#8217;ye verece\u011fini a\u00e7\u0131klad\u0131\u011f\u0131 Predator insans\u0131z hava ara\u00e7lar\u0131 ne zaman verilecek ve say\u0131s\u0131 nedir?<\/p>\n<p style=\"text-align: justify;\">Ter\u00f6rle m\u00fccadele kapsam\u0131nda T\u00fcrkiye&#8217;ye istihbarat deste\u011fi sa\u011flayacak ABD&#8217;ye ait 4 adet predator insans\u0131z hava arac\u0131 Irak&#8217;tan Incirlik&#8217;e intikal etmis ve 23 Kas\u0131m 2011 tarihinden itibaren g\u00f6rev u\u00e7u\u015flar\u0131na \u0130ncirlik&#8217;ten ba\u015flam\u0131\u015ft\u0131r.<\/p>\n<p style=\"text-align: justify;\"><strong>17.<\/strong> ABD&#8217;den ayr\u0131ca istenen Predatorlar i\u00e7in Kongre onay\u0131 gerekiyor. E\u011fer Kongreden onay \u00e7\u0131kmassa Predatorlar ile ilgili ba\u015fka form\u00fcl var m\u0131?<\/p>\n<p style=\"text-align: justify;\">T\u00fcrkiye Cumhuriyeti Devletinin b\u00f6l\u00fcc\u00fc ter\u00f6r \u00f6rg\u00fct\u00fcne kar\u015f\u0131 y\u00fcr\u00fctt\u00fc\u011f\u00fc m\u00fccadelede \u0130nsans\u0131z Hava Ara\u00e7lar\u0131n\u0131n \u00f6nemli katk\u0131s\u0131 vard\u0131r. Bu maksatla ABD&#8217;den Predat\u00f6r alma konusunda resmi giri\u015fimimiz devam etmektedir. Elbette bu sat\u0131\u015f\u0131n ger\u00e7ekle\u015fmesi bir s\u00fcreci takip etmektedir. Bu s\u00fcrecin biran \u00f6nce tamamlanmas\u0131n\u0131 bekliyoruz. Ancak bununla yetinmiyoruz. Ulusal sanayi imkanlar\u0131m\u0131z\u0131 kullanarak kendi \u0130HA&#8217;m\u0131z\u0131 yak\u0131n bir zamanda devreye sokaca\u011f\u0131z. B\u00f6ylece d\u0131\u015fa ba\u011f\u0131ml\u0131l\u0131ktan kurtulmay\u0131 hedeflemi\u015f bulunuyoruz.<\/p>\n<p style=\"text-align: justify;\"><strong>18.<\/strong> Adana&#8217;daki \u0130ncirlik \u00dcss\u00fc&#8217;n\u00fcn istihbarat \u00fcss\u00fc olmas\u0131 konusunda bir \u00e7al\u0131\u015fma var m\u0131?<\/p>\n<p style=\"text-align: justify;\">B\u00f6yle bir konu mevzubahis de\u011fildir. \u0130ncirlik \u00dcss\u00fc&#8217;n\u00fcn stat\u00fcs\u00fc anla\u015fmalarla belirlenmi\u015ftir.<\/p>\n<p style=\"text-align: justify;\"><strong>19.<\/strong> F\u00fcze savunma sistemi bu y\u0131l sonuna kadar kurulacak m\u0131? Tarihte bir de\u011fi\u015fiklik var m\u0131?<\/p>\n<p style=\"text-align: justify;\">2010 y\u0131l\u0131nda icra edilen NATO Lizbon Zirvesinde \u0130ttifak\u0131n NATO F\u00fcze Savunmas\u0131 yetene\u011fi kazanmas\u0131 karar\u0131 al\u0131nm\u0131\u015ft\u0131r. Bu karar \u00e7er\u00e7evesinde belirlenen faaliyet program\u0131nda, 2012 y\u0131l\u0131 NATO zirvesinden \u00f6nce F\u00fcze Savunmas\u0131 Ge\u00e7ici Yetene\u011finin kazan\u0131lmas\u0131 hedeflenmektedir. Bu yetene\u011fin bir unsurunu te\u015fkil edecek olan ve T\u00fcrkiye&#8217;de konu\u015fland\u0131r\u0131lacak erken ikaz ve ihbar radar\u0131n\u0131n 2011 y\u0131l\u0131 sonuna kadar operasyonel hale getirilmesi \u00f6ng\u00f6r\u00fclmektedir.<\/p>\n<p style=\"text-align: justify;\"><strong>20.<\/strong> ABD-T\u00fcrkiye aras\u0131nda ter\u00f6rle m\u00fccadele kapsam\u0131nda istihbarat payla\u015f\u0131m\u0131na ili\u015fkin yeni taleplerle ilgili (g\u00f6rsel ve ses kay\u0131tlar\u0131n\u0131n ula\u015ft\u0131r\u0131lmas\u0131 y\u00f6n\u00fcnde) ABD&#8217;den bir yan\u0131t var m\u0131?<\/p>\n<p style=\"text-align: justify;\">ABD ile aram\u0131zda ter\u00f6rle m\u00fccadele kapsam\u0131nda istihbarat payla\u015f\u0131m\u0131n\u0131 geli\u015ftirmek i\u00e7in \u00e7aba g\u00f6sterti\u011fimizi kamuoyu ile payla\u015fm\u0131\u015ft\u0131k. Bu ba\u011flamda ABD&#8217;den taleplerimiz olmaktad\u0131r. ABD&#8217;nin taleplerimize olumlu yakla\u015ft\u0131\u011f\u0131n\u0131 s\u00f6yleyebilirim.<\/p>\n<p style=\"text-align: justify;\"><strong>21.<\/strong> \u0130srail&#8217;e giden insans\u0131z hava ara\u00e7lar\u0131 Heronlar ile ilgili son durum nedir? Teslim edilen var m\u0131?<\/p>\n<p style=\"text-align: justify;\">Heron \u0130nsans\u0131z Hava Arac\u0131 (\u0130HA) sisteminin 2010 y\u0131l\u0131nda tedarik edilmesinden sonra, hi\u00e7bir \u0130HA \u0130srail&#8217;e g\u00f6nderilmemi\u015f, ancak baz\u0131 alt \u00fcniteler ile \u0130HA motorlar\u0131 s\u00f6zle\u015fme kapsam\u0131nda bak\u0131m ve onar\u0131m ama\u00e7l\u0131 olarak \u0130srail&#8217;e g\u00f6nderilmi\u015ftir. \u0130srail&#8217;e g\u00f6nderilen be\u015f adet \u0130HA motorunun, iki adedi Ekim 2011 ay\u0131nda ve \u00fc\u00e7 adedi ise Kas\u0131m 2011 ay\u0131nda bak\u0131m ve onar\u0131mlar\u0131 tamamlanarak T\u00fcrkiye&#8217;ye iade edilmi\u015ftir.<\/p>\n<p style=\"text-align: justify;\"><strong>22.<\/strong> Hasdal&#8217;da tutuklu bulunan askerleri ziyaret ettiniz. Bu ziyaret \u00f6nceden planlanm\u0131\u015fm\u0131yd\u0131? Askerlerin esir tutulduklar\u0131n\u0131 ifade ettikleri belirtiliyor. siz bu yakla\u015f\u0131m\u0131 nas\u0131l de\u011ferlendiriyorsunuz?<\/p>\n<p style=\"text-align: justify;\">Malum soru\u015fturma ve davalar nedeniyle tutuklu bulunan muvazzaf TSK personeli, y\u0131llarca birlikte g\u00f6rev yapt\u0131\u011f\u0131m\u0131z, ayn\u0131 ortak kaderi payla\u015ft\u0131\u011f\u0131m\u0131z silah arkada\u015flar\u0131md\u0131r. Ziyaretimin amac\u0131 tamamen insanidir ve Bayram kutlamas\u0131d\u0131r. Ben ve di\u011fer Komutan arkada\u015flar\u0131m\u0131n ziyaretleri bu amaca y\u00f6neliktir. Hen\u00fcz h\u00fck\u00fcm giymemi\u015f ve TSK&#8217;de r\u00fctbe ve makam sahibi bu ki\u015fileri ziyaret etmemizin T\u00fcrk Silahl\u0131 Kuvvetlerinin geleneklerinde yer alan silah arkada\u015fl\u0131\u011f\u0131 kavram\u0131 kapsam\u0131nda, vicdani sorumlulu\u011fumuzun bir gere\u011fi oldu\u011funu de\u011ferlendiriyorum. Ziyaretimize ba\u015fka bir anlam y\u00fcklemek son derece yak\u0131\u015f\u0131ks\u0131z bir davran\u0131\u015ft\u0131r.<\/p>\n<p style=\"text-align: justify;\">Di\u011fer yandan, TSK, hukukun \u00fcst\u00fcnl\u00fc\u011f\u00fcne her zaman b\u00fcy\u00fck \u00f6nem vermektedir. Bu nedenle, soru\u015fturma ve davalar\u0131n devam etti\u011fi bu safhada konuyla ilgili olarak ba\u015fka bir de\u011ferlendirme yapmay\u0131 uygun bulmuyorum.<\/p>\n<p style=\"text-align: justify;\"><strong>23.<\/strong> Tutuklu say\u0131s\u0131 nedeniyle yeni bir azkeri cezaevi gereksinimi ile ilgili harekete ge\u00e7tiniz mi? Yeni bir ek bina ne zaman yap\u0131lacak?<\/p>\n<p style=\"text-align: justify;\">G\u00f6revime ba\u015flamadan \u00f6nce, tutuklanan personel say\u0131s\u0131n\u0131n artmas\u0131 \u00fczerine, ihtiyaca binaen, 3&#8217;\u00fcnc\u00fc Kolordu Komutanl\u0131\u011f\u0131 Askeri Ceza ve Tutukevi te\u015fkilat\u0131na dahil olacak \u015fekilde Hasdal&#8217;a ilave olarak Had\u0131mk\u00f6y&#8217;de yeni bir askeri ceza ve tutukevinin faaliyete ge\u00e7mesine karar verilmi\u015f ve gerekli haz\u0131rl\u0131klar yap\u0131lm\u0131\u015ft\u0131r. Haz\u0131rl\u0131klar\u0131n tamamlanmas\u0131n\u0131 m\u00fcteakip Bayramdan sonra baz\u0131 arkada\u015flar\u0131m Hasdal&#8217;dan Had\u0131mk\u00f6y&#8217;e nakledilmi\u015flerdir.<\/p>\n<p style=\"text-align: justify;\"><strong>24.<\/strong> A\u011fustos ay\u0131ndaki \u015fura \u00f6ncesinde, t\u00fcm kuvvet komutanlar\u0131n\u0131n istifa etti\u011fi s\u00fcre\u00e7te sizin istifa etmemenizle ilgili bir\u00e7ok spek\u00fclasyon yap\u0131lm\u0131\u015ft\u0131. Bu spek\u00fclasyonlara bir yan\u0131t verecek misiniz?<\/p>\n<p style=\"text-align: justify;\">Bu soruyu sordu\u011funuz i\u00e7in \u00f6zellikle te\u015fekk\u00fcr ederim.<\/p>\n<p style=\"text-align: justify;\">Demokratik bir \u00fclkede ya\u015f\u0131yoruz. Bu nedenle, isteyen istedi\u011fi \u015fekilde de\u011ferlendirme yapabilir. Ancak bu de\u011ferlendirmelerin, duygusall\u0131ktan uzak, \u00f6nyarg\u0131s\u0131z, ki\u015fileri yak\u0131ndan tan\u0131yarak ve mesleki hiyerar\u015fi dikkate al\u0131narak objektif bir \u015fekilde yap\u0131lmas\u0131n\u0131n faziletli bir davran\u0131\u015f oldu\u011funu d\u00fc\u015f\u00fcn\u00fcyorum.<\/p>\n<p style=\"text-align: justify;\">TSK gibi \u00e7ok ulvi bir kurulu\u015fu komuta etmenin gururunu ve onurunu ta\u015f\u0131yorum. Bu g\u00f6revin sorumlulu\u011funa m\u00fcdrik bir birey olarak, T\u00fcrkiye Cumhuriyeti Devletinin kurulu\u015f felsefesine, anayasam\u0131zda belirtilen temel ilkelere ve i\u00e7ti\u011fim askerlik and\u0131na ba\u011fl\u0131 kalarak, g\u00f6revime odakl\u0131, insan merkezli, ortak ak\u0131l kullanarak, yetkililerle konu\u015farak, diyalog kurarak, sorunlara \u00e7\u00f6z\u00fcm arayan \u015feffaf bir y\u00f6netim anlay\u0131\u015fla bana tevdi edilen bu \u015ferefli kamu hizmetini yapmak arzusunday\u0131m.<\/p>\n<p style=\"text-align: justify;\"><a href=\"http:\/\/www.cnnturk.com\/2011\/cnn.turk.tv\/11\/25\/org.ozel.cnn.turke.konustu\/638155.0\/index.html\" target=\"_blank\">Kaynak : CNN T\u00dcRK<\/a><\/p>\n","protected":false},"excerpt":{"rendered":"<p style=\"text-align: justify;\">\n<p style=\"text-align: justify;\">Genelkurmay Ba\u015fkan\u0131 Orgeneral Necdet \u00d6zel&#8217;in CNN T\u00dcRK Ankara Temsilcisi Hande F\u0131rat&#8217;a verdi\u011fi r\u00f6portaj\u0131n soru ve cevaplar\u0131: <\/p>\n<p style=\"text-align: justify;\">1. T\u00fcrkiye uzun y\u0131llard\u0131r, ter\u00f6rle m\u00fccadele y\u00fcr\u00fct\u00fcyor. Askerlik ter\u00f6rle m\u00fccadelenin \u00e7ok \u00f6nemli bir par\u00e7as\u0131. Acaba Genelkurmay Ba\u015fkanl\u0131\u011f\u0131 olarak, T\u00fcrkiye&#8217;nin i\u00e7inde bulundu\u011fu durum da d\u00fc\u015f\u00fcn\u00fcl\u00fcrse, bedelli askerlik zamanlamas\u0131 do\u011fru mu?<\/p>\n","protected":false},"author":1,"featured_media":0,"comment_status":"open","ping_status":"open","sticky":false,"template":"","format":"standard","meta":{"footnotes":""},"categories":[105],"tags":[],"class_list":["post-43362","post","type-post","status-publish","format-standard","hentry","category-gundem","odd"],"_links":{"self":[{"href":"http:\/\/www.korhanyilmaz.com\/index.php?rest_route=\/wp\/v2\/posts\/43362","targetHints":{"allow":["GET"]}}],"collection":[{"href":"http:\/\/www.korhanyilmaz.com\/index.php?rest_route=\/wp\/v2\/posts"}],"about":[{"href":"http:\/\/www.korhanyilmaz.com\/index.php?rest_route=\/wp\/v2\/types\/post"}],"author":[{"embeddable":true,"href":"http:\/\/www.korhanyilmaz.com\/index.php?rest_route=\/wp\/v2\/users\/1"}],"replies":[{"embeddable":true,"href":"http:\/\/www.korhanyilmaz.com\/index.php?rest_route=%2Fwp%2Fv2%2Fcomments&post=43362"}],"version-history":[{"count":0,"href":"http:\/\/www.korhanyilmaz.com\/index.php?rest_route=\/wp\/v2\/posts\/43362\/revisions"}],"wp:attachment":[{"href":"http:\/\/www.korhanyilmaz.com\/index.php?rest_route=%2Fwp%2Fv2%2Fmedia&parent=43362"}],"wp:term":[{"taxonomy":"category","embeddable":true,"href":"http:\/\/www.korhanyilmaz.com\/index.php?rest_route=%2Fwp%2Fv2%2Fcategories&post=43362"},{"taxonomy":"post_tag","embeddable":true,"href":"http:\/\/www.korhanyilmaz.com\/index.php?rest_route=%2Fwp%2Fv2%2Ftags&post=43362"}],"curies":[{"name":"wp","href":"https:\/\/api.w.org\/{rel}","templated":true}]}}