{"id":43358,"date":"2011-11-25T12:02:56","date_gmt":"2011-11-25T10:02:56","guid":{"rendered":"http:\/\/www.korhanyilmaz.com\/?p=43358"},"modified":"2011-11-25T14:31:50","modified_gmt":"2011-11-25T12:31:50","slug":"balanli-beddua-etti-salon-amin-dedi","status":"publish","type":"post","link":"http:\/\/www.korhanyilmaz.com\/?p=43358","title":{"rendered":"Balanl\u0131 beddua etti, salon &#8216;amin&#8217; dedi"},"content":{"rendered":"<p style=\"text-align: center;\"><a href=\"http:\/\/www.korhanyilmaz.com\/wp-content\/uploads\/2011\/11\/7362.jpg\"  class=\"lightview\"><img loading=\"lazy\" decoding=\"async\" class=\"aligncenter  wp-image-43359\" src=\"http:\/\/www.korhanyilmaz.com\/wp-content\/uploads\/2011\/11\/7362.jpg\" alt=\"\" width=\"320\" height=\"214\" \/><\/a><\/p>\n<p style=\"text-align: justify;\">&#8220;Balyoz Plan&#8221; davas\u0131nda ilk kez savunma yapan tutuklu san\u0131k YA\u015e \u00fcyesi Orgeneral Bilgin Balanl\u0131, &#8220;<strong>Allah, Balyoz komplosunu yapanlar\u0131 ve bize bu ac\u0131lar\u0131 ya\u015fatanlar\u0131 helak etsin<\/strong>&#8221; diyerek beddua etti. Balanl\u0131&#8217;n\u0131n bu s\u00f6zlerine tutuklu san\u0131klar\u0131n ve izleyicilerin &#8220;<strong>Amin<\/strong>&#8221; sesleri y\u00fckseldi.\u00a0<!--more--><\/p>\n<p style=\"text-align: justify;\">Balyoz Davas\u0131 kapsam\u0131nda tutukland\u0131ktan 6 ay sonra savunma yapan Balanl\u0131 iddianamenin sahte dijital verilere dayand\u0131\u011f\u0131n\u0131 belirterek, &#8220;Bu dava ile T\u00fcrk subay\u0131 ve generallerinin a\u015fa\u011f\u0131lanmas\u0131 ama\u00e7lanm\u0131\u015ft\u0131r&#8221; dedi. &#8220;Balyoz Plan\u0131&#8221; iddialar\u0131na ili\u015fkin 224 emekli ve muvazzaf askerin yarg\u0131land\u0131\u011f\u0131 davan\u0131n 51. duru\u015fmas\u0131 ba\u015flad\u0131. \u0130stanbul 10. A\u011f\u0131r Ceza Mahkemesi\u2019nce Silivri Ceza \u0130nfaz Kurumlar\u0131 Yerle\u015fkesi\u2019ndeki salonda yap\u0131lan duru\u015fmaya, eski Hava Kuvvetleri Komutan\u0131 emekli Orgeneral Halil \u0130brahim F\u0131rt\u0131na, eski Deniz Kuvvetleri Komutan\u0131 emekli Oramiral \u00d6zden \u00d6rnek, Eski 1. Ordu Komutan\u0131 emekli Orgeneral \u00c7etin Do\u011fan, MHP \u0130stanbul milletvekili Emekli Korgeneral Engin Alan, emekli albay Dursun \u00c7i\u00e7ek ve YA\u015e \u00fcyesi Orgeneral Bilgin Balanl\u0131\u2019n\u0131n da aralar\u0131nda bulundu\u011fu 148 tutuklu san\u0131k haz\u0131r bulundu.<\/p>\n<p style=\"text-align: justify;\">36 tutuklu san\u0131\u011f\u0131n kat\u0131lmad\u0131\u011f\u0131 Balyoz davas\u0131nda 4 tutuksuz san\u0131k da haz\u0131r bulundu. Hakk\u0131nda yakalama karar\u0131 bulunan san\u0131klar emekli orgeneral Ergin Saygun ve T\u00fcmamairal Ahmet Sinan Ertu\u011frul ise duru\u015fmaya kat\u0131lmad\u0131. Mahkeme Ba\u015fkan\u0131 \u00d6mer Diken, tutuklu san\u0131k Bilgin Balanl\u0131\u2019n\u0131n savunmas\u0131n\u0131n al\u0131naca\u011f\u0131n\u0131 belirterek, Balanl\u0131\u2019y\u0131 k\u00fcrs\u00fcye \u00e7a\u011f\u0131rd\u0131.<\/p>\n<p style=\"text-align: justify;\"><strong>&#8220;SAVUNMA YAPMAK ZORUNDA BIRAKILDI\u011eIM \u0130\u00c7\u0130N SON DERECE \u00dcZG\u00dcN\u00dcM&#8221;<\/strong><\/p>\n<p style=\"text-align: justify;\">Son Y\u00fcksek Askeri \u015eura (YA\u015e) toplant\u0131s\u0131nda YA\u015e \u00fcyeli\u011fine atanan san\u0131k Bilgin Balanl\u0131 ilk kez yapt\u0131\u011f\u0131 savunmas\u0131nda su\u00e7lamalar\u0131 reddetti. Balyoz Davas\u0131 kapsam\u0131nda tutukland\u0131ktan 6 ay sonra savunma yapan Balanl\u0131, savunmas\u0131nda \u015fu ifadelere yer verdi: &#8220;T\u00fcrk ulusu ad\u0131na T\u00fcrk hakimleri \u00f6n\u00fcnde temelsiz, sahte iddialar nedeniyle savunma yapmak zorunda b\u0131rak\u0131ld\u0131\u011f\u0131m i\u00e7in son derece \u00fczg\u00fcn\u00fcm. Beni bu duruma d\u00fc\u015f\u00fcrenleri de lanetliyorum. Bizlere iftira atanlar bunun hesab\u0131n\u0131 bir g\u00fcn mutlaka vereceklerdir. \u0130stiklal Mar\u015f\u0131\u2019nda da belirtildi\u011fi gibi \u2019Kim bilir belki yar\u0131n belki yar\u0131ndan da yak\u0131n&#8221; dedi.<\/p>\n<p style=\"text-align: justify;\"><strong>&#8220;\u0130DD\u0130A MAKAMINI \u0130SPATA DAVET ED\u0130YORUM&#8221;<\/strong><\/p>\n<p style=\"text-align: justify;\">G\u00f6rsel sunum e\u015fli\u011finde savunma yapan Balanl\u0131, davan\u0131n sahte dijital verilere dayand\u0131\u011f\u0131n\u0131 ileri s\u00fcrd\u00fc. Balanl\u0131, &#8220;Davan\u0131n iddianamesinde hi\u00e7bir somut delil bulunmamaktad\u0131r. \u0130ddialar hayal \u00fcr\u00fcn\u00fcd\u00fcr. Cumhuriyet savc\u0131lar\u0131 ve mahkeme tarafs\u0131zl\u0131\u011f\u0131n\u0131 yitirmi\u015ftir. Balyoz davas\u0131nda masumiyet karinesi ihlal edilmi\u015ftir &#8221; dedi. Balanl\u0131, &#8220;\u0130ddia sahibi, iddias\u0131n\u0131 ispat etmekle y\u00fck\u00fcml\u00fcd\u00fcr. Bu nedenle iddia makam\u0131n\u0131 ispata davet ediyorum. Kartal\u0131n ba\u015f\u0131 kopart\u0131lm\u0131\u015f ve donanma Hasdal Liman\u0131\u2019na demirletilmi\u015ftir. Bu dava ile TSK mensuplar\u0131 su\u00e7 \u00f6rg\u00fct\u00fc gibi g\u00f6sterilmi\u015ftir&#8221; diye konu\u015ftu. Balanl\u0131, davada ya\u015fanan hukuksuzluklar nedeniyle, Genelkurmay Ba\u015fkan\u0131 ve Kuvvet Komutanlar\u0131n\u0131n istifa etti\u011fini de s\u00f6zlerine ekledi.<\/p>\n<p style=\"text-align: justify;\"><strong>BALANLI\u2019DAN BEDUUA<\/strong><\/p>\n<p style=\"text-align: justify;\">Orgeneral Balanl\u0131, &#8220;Allah, Balyoz komplosunu yapanlar\u0131 ve bizlere bu ac\u0131lar\u0131 ya\u015fatanlar\u0131 helak etsin&#8221; diyerek beddua etti. Balanl\u0131\u2019n\u0131n bu s\u00f6zleri \u00fczerine san\u0131k ve izleyici b\u00f6l\u00fcm\u00fcnden &#8220;Amin&#8221; sesleri y\u00fckseldi. Duru\u015fma san\u0131k Balanl\u0131\u2019n\u0131n savunmas\u0131yla devam ediyor.<\/p>\n<p style=\"text-align: justify;\"><a href=\"http:\/\/www.radikal.com.tr\/Radikal.aspx?aType=RadikalDetayV3&amp;ArticleID=1070625&amp;Date=25.11.2011&amp;CategoryID=77\" target=\"_blank\">Kaynak : Radikal.com.tr<\/a><\/p>\n","protected":false},"excerpt":{"rendered":"<p style=\"text-align: center;\">\n<p style=\"text-align: justify;\">&#8220;Balyoz Plan&#8221; davas\u0131nda ilk kez savunma yapan tutuklu san\u0131k YA\u015e \u00fcyesi Orgeneral Bilgin Balanl\u0131, &#8220;Allah, Balyoz komplosunu yapanlar\u0131 ve bize bu ac\u0131lar\u0131 ya\u015fatanlar\u0131 helak etsin&#8221; diyerek beddua etti. Balanl\u0131&#8217;n\u0131n bu s\u00f6zlerine tutuklu san\u0131klar\u0131n ve izleyicilerin &#8220;Amin&#8221; sesleri y\u00fckseldi. <\/p>\n","protected":false},"author":1,"featured_media":0,"comment_status":"open","ping_status":"open","sticky":false,"template":"","format":"standard","meta":{"footnotes":""},"categories":[105],"tags":[],"class_list":["post-43358","post","type-post","status-publish","format-standard","hentry","category-gundem","odd"],"_links":{"self":[{"href":"http:\/\/www.korhanyilmaz.com\/index.php?rest_route=\/wp\/v2\/posts\/43358","targetHints":{"allow":["GET"]}}],"collection":[{"href":"http:\/\/www.korhanyilmaz.com\/index.php?rest_route=\/wp\/v2\/posts"}],"about":[{"href":"http:\/\/www.korhanyilmaz.com\/index.php?rest_route=\/wp\/v2\/types\/post"}],"author":[{"embeddable":true,"href":"http:\/\/www.korhanyilmaz.com\/index.php?rest_route=\/wp\/v2\/users\/1"}],"replies":[{"embeddable":true,"href":"http:\/\/www.korhanyilmaz.com\/index.php?rest_route=%2Fwp%2Fv2%2Fcomments&post=43358"}],"version-history":[{"count":0,"href":"http:\/\/www.korhanyilmaz.com\/index.php?rest_route=\/wp\/v2\/posts\/43358\/revisions"}],"wp:attachment":[{"href":"http:\/\/www.korhanyilmaz.com\/index.php?rest_route=%2Fwp%2Fv2%2Fmedia&parent=43358"}],"wp:term":[{"taxonomy":"category","embeddable":true,"href":"http:\/\/www.korhanyilmaz.com\/index.php?rest_route=%2Fwp%2Fv2%2Fcategories&post=43358"},{"taxonomy":"post_tag","embeddable":true,"href":"http:\/\/www.korhanyilmaz.com\/index.php?rest_route=%2Fwp%2Fv2%2Ftags&post=43358"}],"curies":[{"name":"wp","href":"https:\/\/api.w.org\/{rel}","templated":true}]}}