{"id":43353,"date":"2011-11-25T11:21:26","date_gmt":"2011-11-25T09:21:26","guid":{"rendered":"http:\/\/www.korhanyilmaz.com\/?p=43353"},"modified":"2011-11-25T14:24:43","modified_gmt":"2011-11-25T12:24:43","slug":"turkiyede-durum-kotulesiyor","status":"publish","type":"post","link":"http:\/\/www.korhanyilmaz.com\/?p=43353","title":{"rendered":"T\u00fcrkiye&#8217;de durum k\u00f6t\u00fcle\u015fiyor"},"content":{"rendered":"<p style=\"text-align: center;\"><a href=\"http:\/\/www.korhanyilmaz.com\/wp-content\/uploads\/2011\/11\/7361.jpg\"  class=\"lightview\"><img loading=\"lazy\" decoding=\"async\" class=\"aligncenter  wp-image-43355\" src=\"http:\/\/www.korhanyilmaz.com\/wp-content\/uploads\/2011\/11\/7361.jpg\" alt=\"\" width=\"420\" height=\"210\" \/><\/a><\/p>\n<p style=\"text-align: justify;\">Economist dergisi T\u00fcrkiye&#8217;de son d\u00f6nemde ya\u015fanan hak ihlallerinin panoramas\u0131n\u0131 \u00e7izdi. &#8221;Durum giderek k\u00f6t\u00fcle\u015fiyor. Kendi derdindeki Avrupa farketmiyor. Haklar\u0131n\u0131 savunmak T\u00fcrklere d\u00fc\u015f\u00fcyor tabi hapse girmemeyi ba\u015farabilirlerse!&#8221; dedi.<!--more--><\/p>\n<p style=\"text-align: justify;\">Economist dergisi T\u00fcrkiye&#8217;nin kom\u015fular\u0131na insan haklar\u0131 dersi verdi\u011fini, ama kendi insan haklar\u0131 sicilinin fazla parlak olmad\u0131\u011f\u0131n\u0131 yaz\u0131yor.<\/p>\n<p style=\"text-align: justify;\">Bu duruma \u00f6zellikle eylemcilere m\u00fcdahale, \u00f6\u011frenci ve gazetecilere y\u00f6nelik davalar\u0131n \u00f6rnek g\u00f6sterildi\u011fi yaz\u0131da \u015fu ifadeler yer al\u0131yor:<\/p>\n<p style=\"text-align: justify;\"><strong>MUHALEFET S\u0130ND\u0130R\u0130L\u0130YOR\u00a0<\/strong><\/p>\n<p style=\"text-align: justify;\">&#8220;Derin bak\u0131\u015flar\u0131, rengi atm\u0131\u015f kot pantolonu ve \u00f6zg\u00fcrl\u00fckten bahsetmesiyle Dil\u015fat Akta\u015f, tipik bir solcu aktivist.<\/p>\n<p style=\"text-align: justify;\">May\u0131s ay\u0131nda 29 ya\u015f\u0131ndaki Dil\u015fat, Hopa&#8217;da ba\u015fka bir g\u00f6stericinin biber gaz\u0131 s\u0131k\u0131lmas\u0131 sonras\u0131 inme ge\u00e7irerek \u00f6l\u00fcm\u00fcn\u00fc protesto etmek i\u00e7in Ankara&#8217;da z\u0131rhl\u0131 polis arac\u0131na t\u0131rmand\u0131. Akta\u015f, \u015fimdi koltuk de\u011fnekleriyle aksayarak y\u00fcr\u00fcyor, polis, ka\u00e7maya \u00e7al\u0131\u015f\u0131rken \u00f6yle sert vurmu\u015f ki sol kaburgas\u0131 k\u0131r\u0131lm\u0131\u015f. &#8220;Doktor, bunu d\u00fczeltmek i\u00e7in \u00fc\u00e7 y\u0131l alacak diyor&#8221; diye anlat\u0131yor sigaray\u0131 i\u00e7ine \u00e7ekerken.<\/p>\n<p style=\"text-align: justify;\">&#8220;Yerel bir savc\u0131 \u015fikayetlerini g\u00f6z ard\u0131 etmi\u015f. \u00d6\u011frenci arkada\u015f\u0131 \u00d6m\u00fcr \u00c7a\u011fda\u015f Ersoy, onu korumaya \u00e7al\u0131\u015f\u0131rken dayak yemi\u015f. Ersoy&#8217;un da aralar\u0131nda bulundu\u011fu 15 \u00f6\u011frenci, art\u0131k var olmayan karanl\u0131k bir sol-kanat bir silahl\u0131 gruba ba\u011fl\u0131 olduklar\u0131 su\u00e7lamalar\u0131yla kar\u015f\u0131 kar\u015f\u0131ya. Gruba kar\u015f\u0131 ele ge\u00e7irilen kan\u0131tlar aras\u0131nda sol-kanat posterler, ama tek silah yok. &#8220;K\u0131r\u0131k bir \u015femsiye bulup onu da ald\u0131lar&#8221; diyor Ersoy&#8217;un babas\u0131 ac\u0131 bir kahkaha atarak.<\/p>\n<p style=\"text-align: justify;\">&#8220;Ana muhalefet CHP milletvekili H\u00fcseyin Ayg\u00fcn, ter\u00f6r \u00f6rg\u00fctlerine \u00fcye olduklar\u0131 iddia edilen 500&#8217;den fazla \u00f6\u011frencinin \u015fu anda cezaevinde oldu\u011funu savunuyor. Bir\u00e7ok \u00f6\u011frenci, \u00fccretsiz e\u011fitim ve sa\u011fl\u0131k hizmetlerini savunarak AKP&#8217;ye kar\u015f\u0131 eylem yaparken kimileri de vicdani ret ve K\u00fcrt dilinde e\u011fitim hakk\u0131n\u0131 savundu. \u00d6\u011frencilere y\u00f6nelik iddianameler daha mahkemede okunmadan savc\u0131larca d\u00fczenli olarak iletiliyor. \u00d6\u011frenciler daha mahkum edilmeden okuldan uzakla\u015ft\u0131r\u0131l\u0131yor, Ayg\u00fcn &#8220;Mahkemeler AKP yanl\u0131s\u0131 yarg\u0131\u00e7larla dolu ve sistem, her t\u00fcr muhalefete kar\u015f\u0131 teyakkuzda&#8221; diyor.&#8221;<\/p>\n<p style=\"text-align: justify;\"><strong>\u00c7\u0130N&#8217;DEN B\u0130LE DAHA FAZLA GAZETEC\u0130 \u0130\u00c7ERDE\u00a0<\/strong><\/p>\n<p style=\"text-align: justify;\">Economist, T\u00fcrkiye&#8217;deki gazetecilerin durumunun ise \u00f6\u011frencilerin bu durumunu g\u00f6lgede b\u0131rakma e\u011filiminde oldu\u011funu vurguluyor.<\/p>\n<p style=\"text-align: justify;\">Derginin aktard\u0131\u011f\u0131na g\u00f6re \u00c7in&#8217;den bile fazla gazeteci demir parmakl\u0131klar ard\u0131nda, \u00e7o\u011fu ter\u00f6r su\u00e7lar\u0131 iddialar\u0131 ile hapsedilen 76 gazeteci hakk\u0131ndaki dava ise bu hafta ba\u015flad\u0131.<\/p>\n<p style=\"text-align: justify;\"><strong>G\u0130DEREK SERTLE\u015e\u0130YOR\u00a0<\/strong><\/p>\n<p style=\"text-align: justify;\">Baz\u0131lar\u0131 PKK&#8217;n\u0131n hapisteki lideri Abdullah \u00d6calan i\u00e7in \u00e7al\u0131\u015fan yakla\u015f\u0131k 47 avukat da tutukland\u0131. Bir zamanlar k\u00f6kl\u00fc reformlar nedeniyle \u00f6v\u00fclen ba\u015fbakan Recep Tayyip Erdo\u011fan, giderek daha da sertle\u015fiyor. BDP&#8217;li H\u00fclya \u00c7apar, 2009&#8217;dan bu yana 15&#8217;i BDP&#8217;li belediye ba\u015fkan\u0131 olmak \u00fczere en az 3500 K\u00fcrt aktivistin, PKK&#8217;n\u0131n \u015fehir \u00f6rg\u00fctlenmesi olarak bilinen KCK \u00fcyesi olmak su\u00e7undan tutukland\u0131\u011f\u0131n\u0131 s\u00f6yl\u00fcyor.<\/p>\n<p style=\"text-align: justify;\"><strong>ABS\u00dcRD DAVALAR\u00a0<\/strong><\/p>\n<p style=\"text-align: justify;\">&#8220;T\u00fcrkiye&#8217;nin mu\u011flak ifadeler i\u00e7eren ter\u00f6rle m\u00fccadele yasalar\u0131 etraf\u0131nda y\u00fckselen bu davalar ba\u015ftan savma ve kimi zaman abs\u00fcrt olabiliyor. 2009&#8217;dan bu yana KCK \u00fcyesi olmak su\u00e7undan hapiste bulunan Cengiz Do\u011fan, Nisan ay\u0131nda bir PKK etkinli\u011fine kat\u0131lmakla su\u00e7land\u0131. Bu tutars\u0131zl\u0131\u011fa dikkat \u00e7eken gazeteci Ezgi Ba\u015faran, e\u011fer bu do\u011fru olsayd\u0131, &#8216;ayn\u0131 ki\u015fi ayn\u0131 anda iki farkl\u0131 yerdeydi&#8217; dedi.<\/p>\n<p style=\"text-align: justify;\"><strong>\u015eA\u0130BEL\u0130 AKRABALAR!\u00a0<\/strong><\/p>\n<p style=\"text-align: justify;\">&#8220;Anayasa hukuku profes\u00f6r\u00fc B\u00fc\u015fra Ersanl\u0131, Bask \u00f6zerkli\u011fi gibi y\u0131k\u0131c\u0131 konularda BDP \u00fcyelerine konu\u015fma yapt\u0131ktan sonra ge\u00e7en ay ter\u00f6r su\u00e7lamar\u0131yla tutukland\u0131. \u0130\u00e7i\u015fleri Bakan\u0131 \u0130dris Naim \u015eahin, &#8220;\u015faibeli akrabalar\u0131&#8221; oldu\u011funu s\u00f6yleyerek Ersanl\u0131&#8217;n\u0131n su\u00e7lu oldu\u011fu izlenimi verdi.<\/p>\n<p style=\"text-align: justify;\"><strong>HAPSE G\u0130RMEMEY\u0130 BA\u015eARAB\u0130LD\u0130KLER\u0130 S\u00dcRECE\u00a0<\/strong><\/p>\n<p style=\"text-align: justify;\">&#8220;Bat\u0131, T\u00fcrkiye&#8217;deki insan haklar\u0131n\u0131n giderek k\u00f6t\u00fcle\u015fti\u011fini farketmemi\u015f g\u00f6r\u00fcn\u00fcyor, bunun yerine T\u00fcrkiye&#8217;yi Arap Bahar\u0131&#8217;na model olarak \u00f6v\u00fcyor. Ankara&#8217;da bir Avrupal\u0131 b\u00fcy\u00fckel\u00e7i omuz silkerek &#8220;Avrupa kendi sorunlar\u0131na saplanm\u0131\u015f halde, Amerika&#8217;n\u0131n da b\u00f6lgesel g\u00fcvenlik i\u00e7in T\u00fcrkiye&#8217;ye ihtiyac\u0131 var&#8221; diyor. Dolay\u0131s\u0131yla haklar\u0131n\u0131 savunmak bizzat T\u00fcrklere d\u00fc\u015fecek ; tabii hapis d\u0131\u015f\u0131nda kalmay\u0131 becerebildikleri s\u00fcrece.&#8221;<\/p>\n<p style=\"text-align: justify;\"><a href=\"http:\/\/haber.gazetevatan.com\/turkiyede-durum-kotulesiyor\/413313\/1\/Gundem\" target=\"_blank\">Kaynak : Vatan Gazetesi<\/a><\/p>\n","protected":false},"excerpt":{"rendered":"<p style=\"text-align: center;\">\n<p style=\"text-align: justify;\">Economist dergisi T\u00fcrkiye&#8217;de son d\u00f6nemde ya\u015fanan hak ihlallerinin panoramas\u0131n\u0131 \u00e7izdi. &#8221;Durum giderek k\u00f6t\u00fcle\u015fiyor. Kendi derdindeki Avrupa farketmiyor. Haklar\u0131n\u0131 savunmak T\u00fcrklere d\u00fc\u015f\u00fcyor tabi hapse girmemeyi ba\u015farabilirlerse!&#8221; dedi.<\/p>\n","protected":false},"author":1,"featured_media":0,"comment_status":"open","ping_status":"open","sticky":false,"template":"","format":"standard","meta":{"footnotes":""},"categories":[3],"tags":[],"class_list":["post-43353","post","type-post","status-publish","format-standard","hentry","category-dunya","odd"],"_links":{"self":[{"href":"http:\/\/www.korhanyilmaz.com\/index.php?rest_route=\/wp\/v2\/posts\/43353","targetHints":{"allow":["GET"]}}],"collection":[{"href":"http:\/\/www.korhanyilmaz.com\/index.php?rest_route=\/wp\/v2\/posts"}],"about":[{"href":"http:\/\/www.korhanyilmaz.com\/index.php?rest_route=\/wp\/v2\/types\/post"}],"author":[{"embeddable":true,"href":"http:\/\/www.korhanyilmaz.com\/index.php?rest_route=\/wp\/v2\/users\/1"}],"replies":[{"embeddable":true,"href":"http:\/\/www.korhanyilmaz.com\/index.php?rest_route=%2Fwp%2Fv2%2Fcomments&post=43353"}],"version-history":[{"count":0,"href":"http:\/\/www.korhanyilmaz.com\/index.php?rest_route=\/wp\/v2\/posts\/43353\/revisions"}],"wp:attachment":[{"href":"http:\/\/www.korhanyilmaz.com\/index.php?rest_route=%2Fwp%2Fv2%2Fmedia&parent=43353"}],"wp:term":[{"taxonomy":"category","embeddable":true,"href":"http:\/\/www.korhanyilmaz.com\/index.php?rest_route=%2Fwp%2Fv2%2Fcategories&post=43353"},{"taxonomy":"post_tag","embeddable":true,"href":"http:\/\/www.korhanyilmaz.com\/index.php?rest_route=%2Fwp%2Fv2%2Ftags&post=43353"}],"curies":[{"name":"wp","href":"https:\/\/api.w.org\/{rel}","templated":true}]}}