{"id":43349,"date":"2011-11-25T12:15:19","date_gmt":"2011-11-25T10:15:19","guid":{"rendered":"http:\/\/www.korhanyilmaz.com\/?p=43349"},"modified":"2011-11-25T14:21:02","modified_gmt":"2011-11-25T12:21:02","slug":"ergenekon-savcisi-istedi-yargitay-gonderdi","status":"publish","type":"post","link":"http:\/\/www.korhanyilmaz.com\/?p=43349","title":{"rendered":"Ergenekon savc\u0131s\u0131 istedi, Yarg\u0131tay g\u00f6nderdi!"},"content":{"rendered":"<p style=\"text-align: center;\"><a href=\"http:\/\/www.korhanyilmaz.com\/wp-content\/uploads\/2011\/11\/7360.jpg\"  class=\"lightview\"><img loading=\"lazy\" decoding=\"async\" class=\"aligncenter  wp-image-43350\" src=\"http:\/\/www.korhanyilmaz.com\/wp-content\/uploads\/2011\/11\/7360.jpg\" alt=\"\" width=\"420\" height=\"210\" \/><\/a><\/p>\n<p style=\"text-align: justify;\">\u0130kinci Ergenekon davas\u0131na bakan mahkeme, Anayasa Mahkamesi&#8217;nde AK Parti&#8217;nin kapat\u0131lmas\u0131 i\u00e7in dava a\u00e7an savc\u0131lar\u0131n kimler oldu\u011funu sormu\u015ftu. O yan\u0131t Yarg\u0131tay Ba\u015fsavc\u0131l\u0131\u011f\u0131&#8217;ndan geldi&#8230;<\/p>\n<p style=\"text-align: justify;\">Ergenekon faaliyeti\u2019 olarak g\u00f6ren mahkeme, kapatma davas\u0131nda g\u00f6revli savc\u0131lar\u0131n isimlerini istedi. Yarg\u0131tay Ba\u015fsavc\u0131l\u0131\u011f\u0131 da g\u00f6revli 5 savc\u0131n\u0131n ismini mahkemeye iletti.\u00a0<!--more--><\/p>\n<p style=\"text-align: justify;\">Yarg\u0131tay Cumhuriyet Ba\u015fsavc\u0131l\u0131\u011f\u0131, AK Parti\u2019ye kapatma davas\u0131nda g\u00f6rev alan d\u00f6rt savc\u0131n\u0131n, d\u00f6nemin Yarg\u0131tay Ba\u015fsavc\u0131s\u0131 Abdurrahman Yal\u00e7\u0131nkaya taraf\u0131ndan bizzat g\u00f6revlendirilen \u00d6mer Faruk Emina\u011fao\u011flu, Ufuk \u015eim\u015fek, Zekeriya Sevimli ve Hasan Ali Atay oldu\u011funu bildirdi. Ergenekon davas\u0131na bakan mahkeme taraf\u0131ndan istenilen bu isimlerin \u00f6n\u00fcm\u00fczdeki g\u00fcnlerde ifadesine ba\u015fvurulabilece\u011fi kaydedildi.<\/p>\n<p style=\"text-align: justify;\"><strong>Savc\u0131lar ifadeye \u00e7a\u011f\u0131r\u0131labilir\u00a0<\/strong><\/p>\n<p style=\"text-align: justify;\">Ergenekon&#8217;un 2. \u0130ddianamesinde \u201cErgenekon eylemi\u201d olarak yer alan AK Parti kapatma davas\u0131yla ilgili mahkemenin incelemeleri s\u00fcr\u00fcyor. \u0130stanbul 13. A\u011f\u0131r Ceza Mahkemesi, ge\u00e7ti\u011fimiz aylarda verdi\u011fi ara karar\u0131nda Yarg\u0131tay Cumhuriyet Ba\u015fsavc\u0131l\u0131\u011f\u0131\u2019na m\u00fczekkere yazarak kapatma davas\u0131n\u0131 a\u00e7an Ba\u015fsavc\u0131n\u0131n talimat\u0131yla soru\u015fturmada g\u00f6rev alan savc\u0131lar\u0131n kimler oldu\u011funu sormu\u015ftu. Bunun \u00fczerine Yarg\u0131tay Cumhuriyet Ba\u015fsavc\u0131s\u0131 Hasan Erbil\u2019in ad\u0131na ara\u015ft\u0131rma yapma yetkisi bulunan savc\u0131 Mehmet Reis Koca, o isimleri mahkemeye bildirdi.<\/p>\n<p style=\"text-align: justify;\">19 Ekim 2011 tarihli Yarg\u0131tay Cumhuriyet Savc\u0131s\u0131 Mehmet Reis Koca imzal\u0131 bir sayfal\u0131k yaz\u0131da, AK Parti kapatma davas\u0131 soru\u015fturmas\u0131nda g\u00f6rev alan savc\u0131lar ve g\u00f6rev tarihleri \u015f\u00f6yle:<\/p>\n<p style=\"text-align: justify;\">&#8211; \u00d6. Faruk Emina\u011fao\u011flu: 2003\u2019ten 6.9.2006 tarihine kadar soru\u015fturmada g\u00f6rev ald\u0131.<\/p>\n<p style=\"text-align: justify;\">&#8211; Ufuk \u015eim\u015fek: 6.9.2006\u2019dan 8.7.2007\u2019ye kadar soru\u015fturmada g\u00f6rev ald\u0131.<\/p>\n<p style=\"text-align: justify;\">&#8211; Zekeriya Sevimli: 8.7.2007\u2019den 14.3.2008 tarihine kadar soru\u015fturmada g\u00f6rev ald\u0131.<\/p>\n<p style=\"text-align: justify;\">&#8211; Hasan Ali Atay: 21.8.2007\u2019den 11.2.2008 tarihine kadar soru\u015fturmada g\u00f6rev ald\u0131.<\/p>\n<p style=\"text-align: justify;\">Ergenekon dava dosyas\u0131na delil olarak giren 30 klas\u00f6rl\u00fck kapatma davas\u0131 dosyas\u0131ndaki yaz\u0131\u015fmalarda, 2003 y\u0131l\u0131nda AK Parti aleyhine delil toplamaya ba\u015flayan bu be\u015f savc\u0131n\u0131n gazete haberlerini yak\u0131ndan takip edip haberlerde konu olan olaylar\u0131 ara\u015ft\u0131rmakla yetindikleri g\u00f6r\u00fcld\u00fc.<\/p>\n<p style=\"text-align: justify;\">Yarg\u0131tay savc\u0131lar\u0131, be\u015f y\u0131l boyunca gazete, TV ve internette yay\u0131nlanan bir\u00e7ok haberi yaz\u0131\u015fmalar\u0131na ekleyerek delil g\u00f6sterdi.<\/p>\n<p style=\"text-align: justify;\">&#8211; Savc\u0131 Ufuk \u015eim\u015fek: 1.8.2006\u2019da \u0130stanbul Valili\u011fi\u2019ne yaz\u0131 yazarak bir gazetedeki \u201cSa\u011fl\u0131k ocaklar\u0131nda t\u00fcrban serbest\u201d ba\u015fl\u0131kl\u0131 haberde yer alan iddialarla ilgili bir i\u015flem yap\u0131l\u0131p yap\u0131lmad\u0131\u011f\u0131n\u0131 sormu\u015f.<\/p>\n<p style=\"text-align: justify;\">&#8211; Savc\u0131 Zekeriya Sevimli: 14.12.2007\u2019de Konya Valili\u011fi\u2019ne yaz\u0131 yazarak bir gazetede 12.11.2007\u2019de yay\u0131nlanan \u201cResmi sitede t\u00fcrban\u201d haberiyle ilgili idari soru\u015fturma a\u00e7\u0131l\u0131p a\u00e7\u0131lmad\u0131\u011f\u0131n\u0131 sormu\u015f.<\/p>\n<p style=\"text-align: justify;\">&#8211; Yine, 18.2.2008\u2019de Isparta Valili\u011fi\u2019ne yaz\u0131lan yaz\u0131da, gazetelerde konu edilen ve\u00f6\u011frencilere karne hediyesi olarak da\u011f\u0131t\u0131lan \u201cK\u00fc\u00e7\u00fck gezgin g\u00fcller diyar\u0131 Isparta\u2019da\u201d adl\u0131 kitap\u00e7\u0131klar istenerek,kitap\u00e7\u0131klar sayfa sayfa dava dosyas\u0131na konulmu\u015f. Savc\u0131 Ufuk \u015eim\u015fek gazetelerde yer alan alkoll\u00fc i\u00e7ki sat\u0131\u015f\u0131yla ilgili haberler nedeniyle \u00e7e\u015fitli belediyelere yaz\u0131 yazarak bilgi istemi\u015f.Yine \u2018tesett\u00fcr Defilesi\u2019 ile \u2018Apronda namaz\u2019 haberleri de dosyaya eklenmi\u015f.<\/p>\n<p style=\"text-align: justify;\"><a href=\"http:\/\/haber.gazetevatan.com\/ergenekon-savcisi-istedi-yargitay-gonderdi\/413335\/1\/Gundem\" target=\"_blank\">Kaynak : Vatan Gazetesi<\/a><\/p>\n","protected":false},"excerpt":{"rendered":"<p style=\"text-align: center;\">\n<p style=\"text-align: justify;\">\u0130kinci Ergenekon davas\u0131na bakan mahkeme, Anayasa Mahkamesi&#8217;nde AK Parti&#8217;nin kapat\u0131lmas\u0131 i\u00e7in dava a\u00e7an savc\u0131lar\u0131n kimler oldu\u011funu sormu\u015ftu. O yan\u0131t Yarg\u0131tay Ba\u015fsavc\u0131l\u0131\u011f\u0131&#8217;ndan geldi&#8230;<\/p>\n<p style=\"text-align: justify;\">Ergenekon faaliyeti\u2019 olarak g\u00f6ren mahkeme, kapatma davas\u0131nda g\u00f6revli savc\u0131lar\u0131n isimlerini istedi. Yarg\u0131tay Ba\u015fsavc\u0131l\u0131\u011f\u0131 da g\u00f6revli 5 savc\u0131n\u0131n ismini mahkemeye iletti. <\/p>\n","protected":false},"author":1,"featured_media":0,"comment_status":"open","ping_status":"open","sticky":false,"template":"","format":"standard","meta":{"footnotes":""},"categories":[105],"tags":[],"class_list":["post-43349","post","type-post","status-publish","format-standard","hentry","category-gundem","odd"],"_links":{"self":[{"href":"http:\/\/www.korhanyilmaz.com\/index.php?rest_route=\/wp\/v2\/posts\/43349","targetHints":{"allow":["GET"]}}],"collection":[{"href":"http:\/\/www.korhanyilmaz.com\/index.php?rest_route=\/wp\/v2\/posts"}],"about":[{"href":"http:\/\/www.korhanyilmaz.com\/index.php?rest_route=\/wp\/v2\/types\/post"}],"author":[{"embeddable":true,"href":"http:\/\/www.korhanyilmaz.com\/index.php?rest_route=\/wp\/v2\/users\/1"}],"replies":[{"embeddable":true,"href":"http:\/\/www.korhanyilmaz.com\/index.php?rest_route=%2Fwp%2Fv2%2Fcomments&post=43349"}],"version-history":[{"count":0,"href":"http:\/\/www.korhanyilmaz.com\/index.php?rest_route=\/wp\/v2\/posts\/43349\/revisions"}],"wp:attachment":[{"href":"http:\/\/www.korhanyilmaz.com\/index.php?rest_route=%2Fwp%2Fv2%2Fmedia&parent=43349"}],"wp:term":[{"taxonomy":"category","embeddable":true,"href":"http:\/\/www.korhanyilmaz.com\/index.php?rest_route=%2Fwp%2Fv2%2Fcategories&post=43349"},{"taxonomy":"post_tag","embeddable":true,"href":"http:\/\/www.korhanyilmaz.com\/index.php?rest_route=%2Fwp%2Fv2%2Ftags&post=43349"}],"curies":[{"name":"wp","href":"https:\/\/api.w.org\/{rel}","templated":true}]}}