{"id":43342,"date":"2011-11-25T09:20:35","date_gmt":"2011-11-25T07:20:35","guid":{"rendered":"http:\/\/www.korhanyilmaz.com\/?p=43342"},"modified":"2011-11-25T09:27:24","modified_gmt":"2011-11-25T07:27:24","slug":"seyit-rizanin-torunundan-kilicdarogluna-destek","status":"publish","type":"post","link":"http:\/\/www.korhanyilmaz.com\/?p=43342","title":{"rendered":"Seyit R\u0131za&#8217;n\u0131n torunu konu\u015ftu"},"content":{"rendered":"<p style=\"text-align: center;\"><a href=\"http:\/\/www.korhanyilmaz.com\/wp-content\/uploads\/2011\/11\/7359.jpg\"  class=\"lightview\"><img loading=\"lazy\" decoding=\"async\" class=\"aligncenter  wp-image-43343\" src=\"http:\/\/www.korhanyilmaz.com\/wp-content\/uploads\/2011\/11\/7359.jpg\" alt=\"\" width=\"307\" height=\"236\" \/><\/a><\/p>\n<p style=\"text-align: justify;\">Dersim olaylar\u0131 s\u0131ras\u0131nda idam edilen Seyit R\u0131za&#8217;n\u0131n torunu R\u00fcstem Polat, &#8216;Ba\u015fbakan&#8217;\u0131n \u00f6z\u00fcr dilemesi do\u011fru, ama faturay\u0131 K\u0131l\u0131\u00e7daro\u011flu&#8217;na y\u00fcklemesi yanl\u0131\u015f. O da ac\u0131y\u0131 bal eyleyen bir Dersim evlad\u0131&#8217; dedi.\u00a0<!--more--><\/p>\n<p style=\"text-align: justify;\">Dersim&#8217;in sembol isimlerinden Seyit R\u0131za&#8217;n\u0131n torunu R\u00fcstem Polat, devlette devaml\u0131l\u0131\u011f\u0131n esas oldu\u011funu, Ba\u015fbakan Recep Tayyip Erdo\u011fan&#8217;\u0131n \u00f6z\u00fcr dilemesinin, olmas\u0131 gereken do\u011fru bir ad\u0131m oldu\u011funu vurgulad\u0131. Polat &#8216;Biz hi\u00e7bir zaman kin ve nefret i\u00e7inde olmad\u0131k. T\u00fcm partiler elbirli\u011fiyle bu konuyu a\u00e7\u0131kl\u0131\u011fa kavu\u015ftursun&#8217; dedi. Polat, Ak\u015fam&#8217;dan Ebru Toktar \u00c7eki\u00e7&#8217;in sorular\u0131n\u0131 yan\u0131tlad\u0131:<\/p>\n<p style=\"text-align: justify;\"><strong>&#8211; Dersim&#8217;in isyankar ruhunda ge\u00e7mi\u015f ac\u0131lar m\u0131 sakl\u0131?\u00a0<\/strong><\/p>\n<p style=\"text-align: justify;\">Aleviler taa Kerbala&#8217;dan bug\u00fcne vah\u015feti, insanl\u0131k d\u0131\u015f\u0131 uygulamalar\u0131 ya\u015fad\u0131. Yavuz Sultan Selim d\u00f6neminde binlerce Alevi k\u0131l\u0131\u00e7tan ge\u00e7irildi. Nice olaylar ya\u015fand\u0131. Aleviler, sarp da\u011flarla \u00e7evrili Dersim&#8217;e s\u0131\u011f\u0131nd\u0131, da\u011flara ka\u00e7t\u0131. Bug\u00fcn de Aleviler hep da\u011fl\u0131k b\u00f6lgelerde ya\u015far.<\/p>\n<p style=\"text-align: justify;\"><strong>Dedem \u0130ngiliz ajan\u0131 de\u011fil\u00a0<\/strong><\/p>\n<p style=\"text-align: justify;\">&#8211; Dedenizin \u0130ngiltere D\u0131\u015fi\u015fleri Bakan\u0131&#8217;na 30 Temmuz 1937&#8217;de mektup yazarak yard\u0131m istedi\u011fi, bunun Atat\u00fcrk&#8217;\u00fc \u00e7ok k\u0131zd\u0131rd\u0131\u011f\u0131 s\u00f6ylenir.<\/p>\n<p style=\"text-align: justify;\">Bu iddiay\u0131 asla kabul etmem. Dedem, hi\u00e7bir zaman \u0130ngiliz ajan\u0131 olmad\u0131. \u00c7\u00fcnk\u00fc bu mektubu yazacak dili, terc\u00fcman\u0131, kudreti yok. Mektubu o s\u0131rada Suriye&#8217;ye s\u0131\u011f\u0131nan Nuri Dersimi, yani Baytar Nuri yaz\u0131p, dedemin imzas\u0131n\u0131 atm\u0131\u015f. Sanki Dersimde&#8217;ymi\u015f gibi olaylar\u0131 anlatm\u0131\u015f.<\/p>\n<p style=\"text-align: justify;\"><strong>&#8211; Seyit R\u0131za&#8217;n\u0131n K\u00fcrdistan kurmak istedi\u011fi iddialar\u0131 i\u00e7in ne diyorsunuz?\u00a0<\/strong><\/p>\n<p style=\"text-align: justify;\">Bunu isteyen Nuri Dersimi&#8217;dir. Seyit R\u0131za&#8217;n\u0131n, hi\u00e7bir zaman devlet kuray\u0131m diye bir niyeti yok. O sadece insanlar\u0131n\u0131, \u00e7oluk \u00e7ocu\u011funu, a\u015firetini korumak i\u00e7in \u00e7al\u0131\u015fm\u0131\u015f.<\/p>\n<p style=\"text-align: justify;\"><strong>&#8211; Peki Dersim operasyonu niye yap\u0131ld\u0131?\u00a0<\/strong><\/p>\n<p style=\"text-align: justify;\">Dersim&#8217;in kendi i\u00e7inde, a\u015firetler aras\u0131nda kavgalar ya\u015fan\u0131yor. Bunun \u00fczerine devlet asayi\u015f sa\u011flamak i\u00e7in Nazimiye&#8217;de karakol yap\u0131yor. O karakoldaki kimi askerler, kad\u0131nlar\u0131 taciz edince Desimliler karakola sald\u0131r\u0131yor. Dersimliler hep kay\u0131tlarda, &#8216;asi, \u00e7apulcu, beyaz donlu&#8217; olarak g\u00f6r\u00fclm\u00fc\u015f, a\u015fa\u011f\u0131lanmak istenmi\u015ftir. \u00c7\u00fcnk\u00fc fakirler, patiska bulabildikleri i\u00e7in onu giyiyorlar. En sonunda Dersim&#8217;i denetim alt\u0131na almak i\u00e7in 1936&#8217;da kurulan 4. Umumi M\u00fcfetti\u015fli\u011fi&#8217;nin ba\u015f\u0131na getirilen Korgeneral Abdullah Alpdo\u011fan, Dersim a\u015firet reislerini topluyor, silahlar\u0131n\u0131 toplamak istiyor. Baz\u0131s\u0131 kabul ediyor, baz\u0131s\u0131 silah\u0131n\u0131 vermemek i\u00e7in direniyor. Sonra operasyonlar ba\u015fl\u0131yor. Dedem, Ovac\u0131k&#8217;\u0131n Birdo (Karao\u011fan) k\u00f6y\u00fcne gidiyor. Askerler geliyor, tar\u0131yor. O\u011fullar\u0131n\u0131, gelinini ve kar\u0131s\u0131n\u0131, toplamda ailesinden 12, a\u015firetinden 45 ki\u015fiyi \u00f6ld\u00fcr\u00fcyor.<\/p>\n<p style=\"text-align: justify;\"><strong>&#8211; Nas\u0131l idam ediliyor?\u00a0<\/strong><\/p>\n<p style=\"text-align: justify;\">Seyit R\u0131za her \u015feyini kaybediyor. Erzincan Valisi ile g\u00f6r\u00fc\u015fmeye giderken yakalan\u0131yor ve Elaz\u0131\u011f&#8217;a g\u00f6t\u00fcr\u00fcl\u00fcyor. O\u011flu Re\u015f\u0131k H\u00fcseyin, babas\u0131n\u0131 ziyaret etmek i\u00e7in Erzincan&#8217;a gidince, onu da cezaevine at\u0131yorlar. G\u00f6stermelik \u00fc\u00e7 \u015fahit buluyorlar. Seyit R\u0131za&#8217;n\u0131n ya\u015f\u0131 idama uygun olmad\u0131\u011f\u0131 halde, yalanc\u0131 bir \u015fahitle ya\u015f\u0131 k\u00fc\u00e7\u00fclt\u00fclerek idam ettiriliyor.. As\u0131ld\u0131\u011f\u0131nda ya\u015f\u0131 75&#8217;tir, ama 70 ya\u015f\u0131nda g\u00f6steriyorlar. Ayn\u0131 \u015fekilde o\u011flunun ya\u015f\u0131 da idama uygun de\u011fildir, onun da ya\u015f\u0131n\u0131 b\u00fcy\u00fct\u00fcyorlar. Sonu\u00e7ta dedem Seyit R\u0131za,o\u011flu Re\u015fik H\u00fcseyin, Yusufhanl\u0131 F\u0131nd\u0131k, \u015eihan Reisi Usene Seydi, Demenan Reisi Cebrail ve o\u011flu, Kurey\u015fanl\u0131 Hasan ve Hayderanl\u0131 Kamer A\u011fa, Elaz\u0131\u011f Bu\u011fday Meydan\u0131&#8217;nda infaz ediliyor. Bu as\u0131lan ki\u015filerin mezarlar\u0131 nerede? Elaz\u0131\u011f&#8217;da g\u00f6m\u00fcld\u00fckleri yer konusunda \u00e7e\u015fitli rivayetler var. Mezar yerlerinin bize s\u00f6ylenmesi laz\u0131m. Yakt\u0131lar m\u0131, defin mi ettiler, o bile bilinmiyor!<\/p>\n<p style=\"text-align: justify;\">Dedem as\u0131l\u0131rken, 40 liras\u0131n\u0131n ve saatinin o\u011fluna verilmesini vasiyet ediyor. Bunlar nerede? Manevi de\u011feri vard\u0131r.<\/p>\n<p style=\"text-align: justify;\"><strong>Olmas\u0131 gerekendi\u00a0<\/strong><\/p>\n<p style=\"text-align: justify;\"><strong>&#8211; Ba\u015fbakan&#8217;\u0131n \u00f6zr\u00fcne yorumunuz?\u00a0<\/strong><\/p>\n<p style=\"text-align: justify;\">TC Ba\u015fbakan\u0131 Erdo\u011fan \u00f6z\u00fcr dilemi\u015ftir. Olumlu ve anlaml\u0131d\u0131r. Sevindim, te\u015fekk\u00fcr ederim. Ke\u015fke bu a\u00e7\u0131klamay\u0131 partisinin toplant\u0131s\u0131nda de\u011fil de Ba\u015fbakanl\u0131k veya Meclis&#8217;te yapsayd\u0131. Daha ba\u011flay\u0131c\u0131 olurdu. Ne kadar samimi, ne kadar politik bir arg\u00fcm\u00fcnla bunu yapt\u0131, g\u00f6rece\u011fiz! Devlette devaml\u0131l\u0131k vard\u0131r. Bug\u00fcn devleti AK Parti temsil ediyor. Dolay\u0131s\u0131yla \u00f6z\u00fcr dilemesi gerekirdi, olmas\u0131 gerekeni yapt\u0131. Ama yetmiyor. Devlet ar\u015fivleri a\u00e7\u0131klanmal\u0131d\u0131r. Ka\u00e7 ki\u015fi g\u00f6\u00e7 ettirildi, tam anlam\u0131yla ka\u00e7 ki\u015fi \u00f6ld\u00fcr\u00fcld\u00fc? Dersim&#8217;in k\u0131zlar\u0131 kimlere evlatl\u0131k verildi, \u015fimdi neredeler? Dedemin mezar\u0131n\u0131 s\u00f6ylesinler ki gidip mum yakay\u0131m, dua okuyay\u0131m, Fatiha okuyay\u0131m. Biz hi\u00e7bir zaman kin ve nefret i\u00e7inde olmad\u0131k. T\u00fcm partiler elbirli\u011fiyle bu konuyu a\u00e7\u0131kl\u0131\u011fa kavu\u015ftursun.<\/p>\n<p style=\"text-align: justify;\"><strong>K\u0131l\u0131\u00e7daro\u011flu da ac\u0131y\u0131 bal eyledi\u00a0<\/strong><\/p>\n<p style=\"text-align: justify;\"><strong>&#8211; Ba\u015fbakan&#8217;\u0131n K\u0131l\u0131\u00e7daro\u011flu&#8217;na d\u00f6n\u00fck Dersim ele\u015ftirileri i\u00e7in ne d\u00fc\u015f\u00fcn\u00fcyorsunuz?\u00a0<\/strong><\/p>\n<p style=\"text-align: justify;\">Ba\u015fbakan Erdo\u011fan gerekeni yapt\u0131, ancak faturan\u0131n K\u0131l\u0131\u00e7daro\u011flu&#8217;na kesilmesini kabullenmiyorum. Kimse Dersim&#8217;i siyasi ama\u00e7l\u0131 kullanmas\u0131n! K\u0131l\u0131\u00e7daro\u011flu, Tuncelili ac\u0131l\u0131 bir aileden geliyor, ac\u0131y\u0131 bal eylemi\u015f bir Dersim evlad\u0131d\u0131r. Ayr\u0131ca bu konuyu g\u00fcndeme ta\u015f\u0131yan CHP Milletvekili H\u00fcseyin Ayg\u00fcn&#8217;e destek veriyorum, minnettar\u0131m.<\/p>\n<p style=\"text-align: justify;\"><a href=\"http:\/\/www.cnnturk.com\/2011\/guncel\/11\/25\/seyit.rizanin.torunundan.kilicdarogluna.destek\/638053.0\/index.html\" target=\"_blank\">Kaynak : CNN T\u00dcRK<\/a><\/p>\n","protected":false},"excerpt":{"rendered":"<p style=\"text-align: center;\">\n<p style=\"text-align: justify;\">Dersim olaylar\u0131 s\u0131ras\u0131nda idam edilen Seyit R\u0131za&#8217;n\u0131n torunu R\u00fcstem Polat, &#8216;Ba\u015fbakan&#8217;\u0131n \u00f6z\u00fcr dilemesi do\u011fru, ama faturay\u0131 K\u0131l\u0131\u00e7daro\u011flu&#8217;na y\u00fcklemesi yanl\u0131\u015f. O da ac\u0131y\u0131 bal eyleyen bir Dersim evlad\u0131&#8217; dedi. <\/p>\n","protected":false},"author":1,"featured_media":0,"comment_status":"open","ping_status":"open","sticky":false,"template":"","format":"standard","meta":{"footnotes":""},"categories":[105],"tags":[],"class_list":["post-43342","post","type-post","status-publish","format-standard","hentry","category-gundem","odd"],"_links":{"self":[{"href":"http:\/\/www.korhanyilmaz.com\/index.php?rest_route=\/wp\/v2\/posts\/43342","targetHints":{"allow":["GET"]}}],"collection":[{"href":"http:\/\/www.korhanyilmaz.com\/index.php?rest_route=\/wp\/v2\/posts"}],"about":[{"href":"http:\/\/www.korhanyilmaz.com\/index.php?rest_route=\/wp\/v2\/types\/post"}],"author":[{"embeddable":true,"href":"http:\/\/www.korhanyilmaz.com\/index.php?rest_route=\/wp\/v2\/users\/1"}],"replies":[{"embeddable":true,"href":"http:\/\/www.korhanyilmaz.com\/index.php?rest_route=%2Fwp%2Fv2%2Fcomments&post=43342"}],"version-history":[{"count":0,"href":"http:\/\/www.korhanyilmaz.com\/index.php?rest_route=\/wp\/v2\/posts\/43342\/revisions"}],"wp:attachment":[{"href":"http:\/\/www.korhanyilmaz.com\/index.php?rest_route=%2Fwp%2Fv2%2Fmedia&parent=43342"}],"wp:term":[{"taxonomy":"category","embeddable":true,"href":"http:\/\/www.korhanyilmaz.com\/index.php?rest_route=%2Fwp%2Fv2%2Fcategories&post=43342"},{"taxonomy":"post_tag","embeddable":true,"href":"http:\/\/www.korhanyilmaz.com\/index.php?rest_route=%2Fwp%2Fv2%2Ftags&post=43342"}],"curies":[{"name":"wp","href":"https:\/\/api.w.org\/{rel}","templated":true}]}}