{"id":43311,"date":"2011-11-24T19:13:34","date_gmt":"2011-11-24T17:13:34","guid":{"rendered":"http:\/\/www.korhanyilmaz.com\/?p=43311"},"modified":"2011-11-24T23:59:18","modified_gmt":"2011-11-24T21:59:18","slug":"suriyeyle-kesinlikle-savasmayacagiz","status":"publish","type":"post","link":"http:\/\/www.korhanyilmaz.com\/?p=43311","title":{"rendered":"&#8220;Suriye&#8217;yle kesinlikle sava\u015fmayaca\u011f\u0131z&#8221;"},"content":{"rendered":"<p style=\"text-align: center;\"><a href=\"http:\/\/www.korhanyilmaz.com\/wp-content\/uploads\/2011\/11\/7343.jpg\"  class=\"lightview\"><img loading=\"lazy\" decoding=\"async\" class=\"aligncenter  wp-image-43312\" src=\"http:\/\/www.korhanyilmaz.com\/wp-content\/uploads\/2011\/11\/7343.jpg\" alt=\"\" width=\"396\" height=\"180\" \/><\/a><\/p>\n<p style=\"text-align: justify;\">&#8220;Ne asker g\u00f6nderece\u011fiz ne m\u00fcdahale edece\u011fiz ne de ba\u015fkalar\u0131n\u0131n m\u00fcdahalesine izin ve imkan tan\u0131yaca\u011f\u0131z&#8230;&#8221;<\/p>\n<p style=\"text-align: justify;\">&#8220;T\u00fcrkiye i\u00e7indeki baz\u0131 siyaset\u00e7iler ve baz\u0131 \u00fclkeler, T\u00fcrkiye&#8217;nin Suriye&#8217;deki olaylara fiilen m\u00fcdahalede bulunaca\u011f\u0131n\u0131 s\u00f6yl\u00fcyor..&#8221;\u00a0<!--more--><\/p>\n<p style=\"text-align: justify;\">Bursa&#8217;da yay\u0131n yapan d\u00f6rt televizyondan canl\u0131 verilen programda gazetecilerin sorular\u0131n\u0131 yan\u0131tlayan Ba\u015fbakan Yard\u0131mc\u0131s\u0131 B\u00fclent Ar\u0131n\u00e7, yukar\u0131daki saptamay\u0131 yapt\u0131 ve devam etti:<\/p>\n<p style=\"text-align: justify;\">&#8220;Ne asker g\u00f6nderece\u011fiz ne m\u00fcdahale edece\u011fiz ne de ba\u015fkalar\u0131n\u0131n m\u00fcdahalesine izin ve imkan tan\u0131yaca\u011f\u0131z&#8230;&#8221;<\/p>\n<p style=\"text-align: justify;\">Ba\u015fbakan Yard\u0131mc\u0131s\u0131 B\u00fclent Ar\u0131n\u00e7, Suriye&#8217;ye ili\u015fkin \u015funlar\u0131 s\u00f6yledi:<\/p>\n<p style=\"text-align: justify;\">&#8221;Suriye konusunu yak\u0131ndan takip ediyoruz. Be\u015far Esad ile ailesi ve h\u00fck\u00fcmetiyle yak\u0131n ili\u015fkilerimiz, iyi biliniyor. \u015eu anda kendi halk\u0131na zul\u00fcm eden bir y\u00f6netim var. Dolay\u0131s\u0131yla demokrasiye tam anlam\u0131yla ge\u00e7i\u015f, reformlar\u0131n bir an \u00f6nce yap\u0131lmas\u0131 konusunda biz gerekli ikaz g\u00f6revimizi yapt\u0131k.<\/p>\n<p style=\"text-align: justify;\">Kesinlikle ne Suriye&#8217;ye bir m\u00fcdahale yap\u0131lmas\u0131n\u0131 istiyoruz ne de i\u00e7inde T\u00fcrkiye&#8217;nin bulunaca\u011f\u0131 m\u00fcdahaleyi kabul ediyoruz. B\u00f6yle bir \u015fey kesinlikle yok. \u00c7\u00fcnk\u00fc T\u00fcrkiye i\u00e7indeki baz\u0131 siyaset\u00e7iler ve baz\u0131 \u00fclkeler, T\u00fcrkiye&#8217;nin Suriye&#8217;deki olaylara fiilen m\u00fcdahalede bulunaca\u011f\u0131n\u0131 s\u00f6yl\u00fcyor, k\u00fclliyen yanl\u0131\u015ft\u0131r. B\u00f6yle bir \u015fey m\u00fcmk\u00fcn de\u011fil, d\u00fc\u015f\u00fcn\u00fclm\u00fcyor.<\/p>\n<p style=\"text-align: justify;\">H\u00fck\u00fcmet s\u00f6zc\u00fcs\u00fc olarak ifade ediyorum, biz s\u00f6yleyerek, yard\u0131mda bulunarak hareket ediyoruz. Suriye&#8217;deki olaylar\u0131n y\u00f6neticisi falan de\u011filiz. Suriye&#8217;nin i\u00e7 meselesidir. Yeter ki y\u00f6netim hak talebinde bulunanlara kar\u015f\u0131 silah kullanmas\u0131n, reformlar\u0131 bir an evvel yaps\u0131n..<\/p>\n<p style=\"text-align: justify;\">Onun d\u0131\u015f\u0131nda ne asker g\u00f6nderece\u011fiz ne m\u00fcdahale edece\u011fiz ne de ba\u015fkalar\u0131n\u0131n m\u00fcdahalesine izin ve imkan tan\u0131yaca\u011f\u0131z. \u00c7\u00fcnk\u00fc bir d\u0131\u015f m\u00fcdahale olursa sadece Suriye&#8217;de de\u011fil b\u00f6lgede b\u00fcy\u00fck par\u00e7alanmalar olabilir. \u00c7\u00fcnk\u00fc Suriye&#8217;deki olaylar\u0131n \u015fu ya da bu \u015fekilde y\u00f6nlendirilmesinde etnik unsurlar\u0131n yan\u0131 s\u0131ra mezhepsel baz\u0131 dayan\u0131\u015fmalar da var.&#8221;<\/p>\n<p style=\"text-align: justify;\"><strong>&#8220;\u0130ST\u0130KLAL MAHKEMELER\u0130 ZABITLARI&#8221;<\/strong><\/p>\n<p style=\"text-align: justify;\">&#8216;Dersim&#8217;e de de\u011finen Ar\u0131n\u00e7, olay\u0131n 74 milyon insan\u0131n, devletin, T\u00fcrkiye&#8217;nin, siyasetin, hukukun olay\u0131 oldu\u011funu vurgulad\u0131 ve \u015f\u00f6yle devam etti. &#8221;Cumhurba\u015fkan\u0131m\u0131z, ge\u00e7en y\u0131l 1 Ekim&#8217;de parlamento a\u00e7\u0131l\u0131\u015f\u0131nda, m\u00fcthi\u015f bir c\u00fcmle kulland\u0131; &#8216;Devletin bir y\u00fcz\u00fc vard\u0131r o da hukuktur.&#8217; Devletin bir tek y\u00fcz\u00fc olmal\u0131 o da hukuk olmal\u0131. Dersim&#8217;de hukuk yok.<\/p>\n<p style=\"text-align: justify;\">\u0130stiklal mahkemelerinde ya\u015fanan olaylar\u0131 hepimiz biliyoruz, en az\u0131ndan ben okudu\u011fum i\u00e7in biliyorum. Sorgusuz sualsiz \u00e7ocuk ya\u015fta olanlar\u0131n b\u00fcy\u00fck ac\u0131lar i\u00e7inde idam edildi\u011fini biliyorum. \u0130stiklal mahkemelerinin zab\u0131tlar\u0131 a\u00e7\u0131klanmamaktad\u0131r. Buna Meclis Ba\u015fkanl\u0131\u011f\u0131 karar verir. Bir de onlar a\u00e7\u0131klan\u0131rsa ka\u00e7 tane Dersim facias\u0131n\u0131n ya\u015fand\u0131\u011f\u0131n\u0131 hep beraber g\u00f6rece\u011fiz.&#8221;<\/p>\n<p style=\"text-align: justify;\"><a href=\"http:\/\/www.gazeteport.com.tr\/haber\/64681\/quotsuriyeyle_kesinlikle_savasmayacagizquot\" target=\"_blank\">Kaynak : GAZETEPORT<\/a><\/p>\n","protected":false},"excerpt":{"rendered":"<p style=\"text-align: center;\">\n<p style=\"text-align: justify;\">&#8220;Ne asker g\u00f6nderece\u011fiz ne m\u00fcdahale edece\u011fiz ne de ba\u015fkalar\u0131n\u0131n m\u00fcdahalesine izin ve imkan tan\u0131yaca\u011f\u0131z&#8230;&#8221;<\/p>\n<p style=\"text-align: justify;\">&#8220;T\u00fcrkiye i\u00e7indeki baz\u0131 siyaset\u00e7iler ve baz\u0131 \u00fclkeler, T\u00fcrkiye&#8217;nin Suriye&#8217;deki olaylara fiilen m\u00fcdahalede bulunaca\u011f\u0131n\u0131 s\u00f6yl\u00fcyor..&#8221; <\/p>\n","protected":false},"author":1,"featured_media":0,"comment_status":"open","ping_status":"open","sticky":false,"template":"","format":"standard","meta":{"footnotes":""},"categories":[105],"tags":[],"class_list":["post-43311","post","type-post","status-publish","format-standard","hentry","category-gundem","odd"],"_links":{"self":[{"href":"http:\/\/www.korhanyilmaz.com\/index.php?rest_route=\/wp\/v2\/posts\/43311","targetHints":{"allow":["GET"]}}],"collection":[{"href":"http:\/\/www.korhanyilmaz.com\/index.php?rest_route=\/wp\/v2\/posts"}],"about":[{"href":"http:\/\/www.korhanyilmaz.com\/index.php?rest_route=\/wp\/v2\/types\/post"}],"author":[{"embeddable":true,"href":"http:\/\/www.korhanyilmaz.com\/index.php?rest_route=\/wp\/v2\/users\/1"}],"replies":[{"embeddable":true,"href":"http:\/\/www.korhanyilmaz.com\/index.php?rest_route=%2Fwp%2Fv2%2Fcomments&post=43311"}],"version-history":[{"count":0,"href":"http:\/\/www.korhanyilmaz.com\/index.php?rest_route=\/wp\/v2\/posts\/43311\/revisions"}],"wp:attachment":[{"href":"http:\/\/www.korhanyilmaz.com\/index.php?rest_route=%2Fwp%2Fv2%2Fmedia&parent=43311"}],"wp:term":[{"taxonomy":"category","embeddable":true,"href":"http:\/\/www.korhanyilmaz.com\/index.php?rest_route=%2Fwp%2Fv2%2Fcategories&post=43311"},{"taxonomy":"post_tag","embeddable":true,"href":"http:\/\/www.korhanyilmaz.com\/index.php?rest_route=%2Fwp%2Fv2%2Ftags&post=43311"}],"curies":[{"name":"wp","href":"https:\/\/api.w.org\/{rel}","templated":true}]}}