{"id":43303,"date":"2011-11-23T19:36:19","date_gmt":"2011-11-23T17:36:19","guid":{"rendered":"http:\/\/www.korhanyilmaz.com\/?p=43303"},"modified":"2011-11-24T06:13:21","modified_gmt":"2011-11-24T04:13:21","slug":"arinc-dersim-konusunda-cin-siseden-cikti","status":"publish","type":"post","link":"http:\/\/www.korhanyilmaz.com\/?p=43303","title":{"rendered":"Ar\u0131n\u00e7: Dersim konusunda cin \u015fi\u015feden \u00e7\u0131kt\u0131"},"content":{"rendered":"<p style=\"text-align: center;\"><a href=\"http:\/\/www.korhanyilmaz.com\/wp-content\/uploads\/2011\/11\/7341.jpg\"  class=\"lightview\"><img loading=\"lazy\" decoding=\"async\" class=\"aligncenter  wp-image-43304\" src=\"http:\/\/www.korhanyilmaz.com\/wp-content\/uploads\/2011\/11\/7341.jpg\" alt=\"\" width=\"320\" height=\"210\" \/><\/a><\/p>\n<p style=\"text-align: justify;\">Ba\u015fbakan Yard\u0131mc\u0131s\u0131 B\u00fclent Ar\u0131n\u00e7, 28 \u015eubat s\u00fcreci, Dersim katliam\u0131 ve KCK operasyonlar\u0131 hakk\u0131nda konu\u015ftu. Ar\u0131n\u00e7, 28 \u015eubat&#8217;la ilgili \u015fikayet\u00e7i olup olmayaca\u011f\u0131 konusunda ise &#8216;Birileri bize o d\u00f6nem zulmetmi\u015flerdi. En az\u0131ndan bunun kar\u015f\u0131l\u0131\u011f\u0131nda onlar \u00fcz\u00fcls\u00fcnler&#8217; dedi.<!--more--><\/p>\n<p style=\"text-align: justify;\">TRT Haber kanal\u0131n\u0131n canl\u0131 yay\u0131n\u0131na kat\u0131lan Ar\u0131n\u00e7, 28 \u015eubat s\u00fcrecinin do\u011frudan ma\u011fduru oldu\u011funu s\u00f6yledi. Ar\u0131n\u00e7, &#8220;O g\u00fcn \u00fcz\u00fcnt\u00fc \u00e7eken T\u00fcrkiye\u2019nin i\u00e7inde bulundu\u011fu \u015fartlar\u0131 bir zat soluyan bir insan olarak o d\u00f6nemde ya\u015fad\u0131klar\u0131m\u0131z ger\u00e7ekten y\u00fcz k\u0131zart\u0131c\u0131 ve \u00fcz\u00fcnt\u00fc vericiydi. 28 \u015eubat s\u00fcrecine isterseniz postmodern darbe s\u00fcreci deyin isterseniz Deniz Baykal\u2019\u0131n o zamanki tabiriyle \u2019Silahl\u0131 Kuvvetler bir sivil toplum \u00f6rg\u00fct\u00fc gibi \u00e7al\u0131\u015ft\u0131 ve demokrasiyi kurtard\u0131\u2019 s\u00f6z\u00fcne bakarak hareket edin. T\u00fcrkiye i\u00e7in demokrasi d\u0131\u015f\u0131 bir m\u00fcdahaledir&#8221; dedi.<\/p>\n<p style=\"text-align: justify;\">&#8220;Bin y\u0131l s\u00fcrecek&#8221; denildi\u011fi halde 10 y\u0131l sonra 28 \u015eubat\u2019tan herkesin nefret edecek hale geldi\u011fini kaydeden Ar\u0131n\u00e7, &#8220;Dolay\u0131s\u0131yla kimler \u015fikayet\u00e7i oldular bilgi sahibi de\u011filim ama savc\u0131lar\u0131m\u0131z baz\u0131 \u015fikayetlerin \u00fczerine incelemeler yapt\u0131lar. Bu konudaki bir soru\u015fturman\u0131n varl\u0131\u011f\u0131ndan hepimiz haberdar olduk&#8221; diye konu\u015ftu.<\/p>\n<p style=\"text-align: justify;\">&#8220;Soru\u015fturma belli bir noktaya gelirse siz de \u015fikayet\u00e7i olmak ister misiniz&#8221; sorusuna kar\u015f\u0131l\u0131k Ar\u0131n\u00e7, \u2018\u00c7ok spesifik olaylar nedeniyle \u015fikayet\u00e7i olmay\u0131 d\u00fc\u015f\u00fcn\u00fcr\u00fcm. \u015eahsi bir beklentim olmaz ama birileri bize o d\u00f6nem zulmetmi\u015flerdi. Haks\u0131zl\u0131k etmi\u015flerdi. En az\u0131ndan bunun kar\u015f\u0131l\u0131\u011f\u0131nda onlar \u00fcz\u00fcls\u00fcnler. T\u00fcrkiye\u2019yi de buna bakarak bundan sonra hi\u00e7 kimse b\u00f6yle bir d\u00f6nemi beklemesin ibret olsun diye \u015fahsen d\u00fc\u015f\u00fcnebilirim.&#8221;<\/p>\n<p style=\"text-align: justify;\"><strong>DERS\u0130M KONUSUNDA C\u0130N \u015e\u0130\u015eEDEN \u00c7IKTI<\/strong><\/p>\n<p style=\"text-align: justify;\">Dersim olaylar\u0131yla ilgili Ba\u015fbakan Erdo\u011fan\u2019\u0131n a\u00e7\u0131klamalar\u0131n\u0131 da de\u011ferlendiren Ar\u0131n\u00e7, CHP Genel Ba\u015fkan\u0131 Kemal K\u0131l\u0131\u00e7daro\u011flu\u2019nu ele\u015ftirdi. K\u0131l\u0131\u00e7daro\u011flunun topu taca att\u0131\u011f\u0131n\u0131 \u00f6ne s\u00fcren Ar\u0131n\u00e7, \u015funlar\u0131 s\u00f6yledi:<\/p>\n<p style=\"text-align: justify;\">&#8220;CHP \u00e7ok eski bir parti onlara g\u00f6re \u00e7ok k\u00f6kl\u00fc bir parti cumhuriyeti ilan eden bir parti ve kurucusunun da \u015f\u00fcphesiz Mustafa Kemal Atat\u00fcrk oldu\u011funu s\u00f6yleyerek bug\u00fcnk\u00fc CHP kendisine bir pay \u00e7\u0131kar\u0131yor. 1936-37-38\u2019lerde, bug\u00fcn Tunceli diye bildi\u011fimiz o vilayette Seyit R\u0131za ve arkada\u015flar\u0131n\u0131n isyan etti\u011fi s\u00f6ylenir ve bu isyan\u0131n da \u00e7ok kanl\u0131 bir \u015fekilde bast\u0131r\u0131ld\u0131\u011f\u0131 eskiden beri yaz\u0131l\u0131r kulaktan kula\u011fa anlat\u0131l\u0131r. Ama foto\u011fraflar belgeler tan\u0131klar \u00e7ok rahat konu\u015fulmazd\u0131. Ne zamana kadar? Yine CHP\u2019nin kendi i\u00e7inden bir vesile oldu. Onur \u00d6ymen, \u2019Dersim\u2019de de b\u00f6yle \u015feyler olmu\u015ftu. O zaman da analar a\u011flam\u0131\u015ft\u0131 ama devlet gere\u011fini yapm\u0131\u015ft\u0131\u2019 diye bir s\u00f6z\u00fc vard\u0131. O zaman say\u0131n K\u0131l\u0131\u00e7daro\u011flu genel ba\u015fkan de\u011fildi ona kar\u015f\u0131 \u00e7\u0131kt\u0131 ya da kar\u015f\u0131 \u00e7\u0131kar gibi davrand\u0131. Bu konu bir defa g\u00fcndeme geldi yani cin \u015fi\u015feden \u00e7\u0131kt\u0131 K\u0131l\u0131\u00e7daro\u011flu\u2019nun kendi ailesinden 40 ki\u015finin \u00f6ld\u00fcr\u00fclmesi, oradaki mezalim konu\u015fulmaya ba\u015fland\u0131. Kendisi Tuncelili olmakla \u00f6v\u00fcnen K\u0131l\u0131\u00e7daro\u011flu, bu meselenin esas\u0131n\u0131 konu\u015fmak, e\u011fer ge\u00e7mi\u015fte bir yanl\u0131\u015f yap\u0131ld\u0131ysa bundan kendisini s\u0131y\u0131rmak istedi\u011fini d\u00fc\u015f\u00fcnd\u00fck. Sonra ayn\u0131 partiden bir milletvekili, \u2019Ben bu olay\u0131n ma\u011fduruyum bu su\u00e7u devlet i\u015flemi\u015ftir\u2019 deyiverdi. Dedi ama kendi partisinden de \u00e7ok b\u00fcy\u00fck tepki g\u00f6rd\u00fc. D\u00fcn grupta Kemal K\u0131l\u0131\u00e7daro\u011flu\u2019nun ne konu\u015faca\u011f\u0131 merakla bekleniyordu. Ama maalesef yeni CHP\u2019nin yeni genel ba\u015fkan\u0131 kendisine yak\u0131\u015fan\u0131 yapmad\u0131 ve hi\u00e7 bu konulara girmedi. \u2019Ben Tunceliliyim, 3 tane aslan gibi \u00e7ocuk yeti\u015ftirdim, ben laikim, Atat\u00fcrk\u00e7\u00fcy\u00fcm, \u00e7a\u011fda\u015f\u0131m\u2019 gibi s\u00f6zlerle konu\u015fmas\u0131n\u0131 bitirdi. Bu topu taca atmakt\u0131r.&#8221;<\/p>\n<p style=\"text-align: justify;\"><strong>D\u0130YEB\u0130LSEYD\u0130 KILI\u00c7DARO\u011eLU VE CHP B\u0130R M\u0130SL\u0130 DAHA B\u00dcY\u00dcRD\u00dc<\/strong><\/p>\n<p style=\"text-align: justify;\">CHP\u2019de hakim olan anlay\u0131\u015f\u0131n ge\u00e7mi\u015fin \u00fczerine \u00f6rtme anlay\u0131\u015f\u0131 oldu\u011funu ve bunun bir paradigma haline geldi\u011fini \u00f6ne s\u00fcren Ar\u0131n\u00e7, \u015f\u00f6yle devam etti:<\/p>\n<p style=\"text-align: justify;\">&#8220;Devlet ne yaparsa yaps\u0131n bunu su\u00e7, ay\u0131p olarak g\u00f6rmemek bu konuyu de\u015felemeye kalkanlar olursa da bunlara kar\u015f\u0131 \u00e7\u0131kmak kar\u015f\u0131 \u00e7\u0131karken de Atat\u00fcrk\u00e7\u00fcl\u00fckten bahsederek kar\u015f\u0131 \u00e7\u0131kmak gibi adeta sloganik bir tarz\u0131 var. K\u0131l\u0131\u00e7daro\u011flu bu konuda beklentilere uyan davran\u0131\u015flarda bulunsayd\u0131 emin olun y\u00fczde 25\u2019lerde kalmazd\u0131. Ama onlar ne kadar de\u011fi\u015ftik derlerse desinler stat\u00fckocu yap\u0131lar\u0131ndan bir t\u00fcrl\u00fc d\u0131\u015far\u0131ya \u00e7\u0131kam\u0131yorlar. Bu konuda \u2019Evet bu tarihlerde b\u00f6yle ac\u0131lar ya\u015fanm\u0131\u015ft\u0131r. Bu ac\u0131lara tan\u0131k insanlar da vard\u0131r. Bir d\u00f6nemin y\u00fcz karas\u0131d\u0131r. Bundan CHP ve \u015fahs\u0131m ad\u0131na b\u00fcy\u00fck \u00fcz\u00fcnt\u00fc duyuyorum\u2019 diyebilseydi inan\u0131n\u0131n K\u0131l\u0131\u00e7daro\u011flu ve CHP bir misli daha b\u00fcy\u00fcrd\u00fc. Ama bu bir sendrom gibi geliyor bana.&#8221;<\/p>\n<p style=\"text-align: justify;\">Ar\u0131n\u00e7, Diyarbak\u0131r ve Mardin\u2019de T\u00fcrk soyad\u0131 ta\u015f\u0131yanlar bulundu\u011funu, bunlardan birinin de Ahmet T\u00fcrk oldu\u011funu vurgulayarak, &#8220;T\u00fcrk soyad\u0131n\u0131 ta\u015f\u0131yan bir insan\u0131n bu g\u00fcn Demokratik Toplum Kongresi\u2019nde, BDP\u2019de veya \u0130mral\u0131 ile ilgili g\u00f6r\u00fc\u015flerine bakarsan\u0131z bu soyad\u0131yla \u00e7ok tenakuz i\u00e7eren bir yap\u0131da olmad\u0131\u011f\u0131n\u0131 g\u00f6receksiniz. O b\u00f6lgede ya\u015fanm\u0131\u015f olaylardan devletin zul\u00fcmlerine haks\u0131zl\u0131klar\u0131na o kadar \u00e7ok \u015fahit olunmu\u015ftur ki bir k\u0131s\u0131m insanlar belki s\u0131rf bu zul\u00fcmden ka\u00e7mak i\u00e7in g\u00f6zlerini kapatm\u0131\u015f isimlerini de\u011fi\u015ftirmi\u015f olabilirler. Art\u0131k Dersim olay\u0131 \u00e7\u0131kt\u0131, bu hay\u0131rl\u0131 bir i\u015f olacak. CHP\u2019nin sab\u0131ka hanesinde o kadar \u00e7ok tarihte ya\u015fanm\u0131\u015f olaylar var ki onlara da s\u0131ra gelecek demektir&#8221; diye konu\u015ftu.<\/p>\n<p style=\"text-align: justify;\"><strong>KCK OPERASYONLARI ORTADA BIR SU\u00c7 VARSA DEVAM ETMEL\u0130<\/strong><\/p>\n<p style=\"text-align: justify;\">Son olarak KCK operasyonlar\u0131na da de\u011finen Ar\u0131n\u00e7, &#8220;Benim ula\u015fabildi\u011fim bilgiler ister iddianameyle ilgili ister istihbarat raporuyla ilgili olsun bir su\u00e7 \u00f6rg\u00fct\u00fc var. Ve bu \u00f6rg\u00fctle do\u011frudan ili\u015fkili \u00e7al\u0131\u015fan ba\u015fka isimle kurulmu\u015f bir \u00fcst yap\u0131 daha var. G\u00f6zalt\u0131na al\u0131nanlar\u0131n say\u0131lar\u0131 \u015fu ana kadar BDP\u2019nin iddia att\u0131\u011f\u0131 \u00fczere 4-5 bin civar\u0131nda de\u011fildir. Bizim bildi\u011fimiz kadar\u0131yla d\u00fcnk\u00fc ve bu g\u00fcnk\u00fc g\u00f6zalt\u0131 ve tutuklamalarla 600 civar\u0131ndad\u0131r. Ama bir propaganda istidad\u0131 g\u00f6sterildi\u011fi i\u00e7in bunun on mislini 20 mislini konu\u015fuyorlar. Ve bu propaganda bazen o kadar etkili oluyor ki, masa ba\u015f\u0131nda oturup da k\u00f6\u015fe yaz\u0131s\u0131n\u0131 yazmaya \u00e7al\u0131\u015fanlar, \u2019Bu kadar da olur mu can\u0131m bu siyasal yap\u0131lanmaya kar\u015f\u0131 bu zul\u00fcm de haks\u0131zl\u0131k de\u011fil mi\u2019 diye bazen asabi han\u0131mefendiler, bazen de g\u00fcnl\u00fck yaz\u0131lar\u0131 yaz\u0131verenler bunu k\u00f6\u015felerinde d\u00f6kt\u00fcr\u00fcyorlar. Bu operasyonlar ortada bir su\u00e7 varsa devam etmeli&#8221; diye konu\u015ftu.<\/p>\n<p style=\"text-align: justify;\">Daha sonra Uluumay Osmanl\u0131 Tak\u0131 ve Giysi M\u00fczesi\u2019ni gezen Ar\u0131n\u00e7\u2019a seminer oturumuna d\u00f6nd\u00fc\u011f\u00fcnde, Sultan 2\u2019nci Abd\u00fchamit d\u00f6nemi foto\u011fraflar\u0131yla, \u2019Bursa\u2019 adl\u0131 kitap hediye edildi.<\/p>\n<p style=\"text-align: justify;\"><a href=\"http:\/\/www.radikal.com.tr\/Radikal.aspx?aType=RadikalDetayV3&amp;ArticleID=1070446&amp;Date=24.11.2011&amp;CategoryID=78\" target=\"_blank\">Kaynak : Radikal.com.tr<\/a><\/p>\n","protected":false},"excerpt":{"rendered":"<p style=\"text-align: center;\">\n<p style=\"text-align: justify;\">Ba\u015fbakan Yard\u0131mc\u0131s\u0131 B\u00fclent Ar\u0131n\u00e7, 28 \u015eubat s\u00fcreci, Dersim katliam\u0131 ve KCK operasyonlar\u0131 hakk\u0131nda konu\u015ftu. Ar\u0131n\u00e7, 28 \u015eubat&#8217;la ilgili \u015fikayet\u00e7i olup olmayaca\u011f\u0131 konusunda ise &#8216;Birileri bize o d\u00f6nem zulmetmi\u015flerdi. En az\u0131ndan bunun kar\u015f\u0131l\u0131\u011f\u0131nda onlar \u00fcz\u00fcls\u00fcnler&#8217; dedi.<\/p>\n","protected":false},"author":1,"featured_media":0,"comment_status":"open","ping_status":"open","sticky":false,"template":"","format":"standard","meta":{"footnotes":""},"categories":[105],"tags":[],"class_list":["post-43303","post","type-post","status-publish","format-standard","hentry","category-gundem","odd"],"_links":{"self":[{"href":"http:\/\/www.korhanyilmaz.com\/index.php?rest_route=\/wp\/v2\/posts\/43303","targetHints":{"allow":["GET"]}}],"collection":[{"href":"http:\/\/www.korhanyilmaz.com\/index.php?rest_route=\/wp\/v2\/posts"}],"about":[{"href":"http:\/\/www.korhanyilmaz.com\/index.php?rest_route=\/wp\/v2\/types\/post"}],"author":[{"embeddable":true,"href":"http:\/\/www.korhanyilmaz.com\/index.php?rest_route=\/wp\/v2\/users\/1"}],"replies":[{"embeddable":true,"href":"http:\/\/www.korhanyilmaz.com\/index.php?rest_route=%2Fwp%2Fv2%2Fcomments&post=43303"}],"version-history":[{"count":0,"href":"http:\/\/www.korhanyilmaz.com\/index.php?rest_route=\/wp\/v2\/posts\/43303\/revisions"}],"wp:attachment":[{"href":"http:\/\/www.korhanyilmaz.com\/index.php?rest_route=%2Fwp%2Fv2%2Fmedia&parent=43303"}],"wp:term":[{"taxonomy":"category","embeddable":true,"href":"http:\/\/www.korhanyilmaz.com\/index.php?rest_route=%2Fwp%2Fv2%2Fcategories&post=43303"},{"taxonomy":"post_tag","embeddable":true,"href":"http:\/\/www.korhanyilmaz.com\/index.php?rest_route=%2Fwp%2Fv2%2Ftags&post=43303"}],"curies":[{"name":"wp","href":"https:\/\/api.w.org\/{rel}","templated":true}]}}