{"id":43289,"date":"2011-11-23T18:20:49","date_gmt":"2011-11-23T16:20:49","guid":{"rendered":"http:\/\/www.korhanyilmaz.com\/?p=43289"},"modified":"2011-11-24T06:01:57","modified_gmt":"2011-11-24T04:01:57","slug":"chpli-baskan-ozur-diledi-gorevinden-aldilar","status":"publish","type":"post","link":"http:\/\/www.korhanyilmaz.com\/?p=43289","title":{"rendered":"CHP\u2019li ba\u015fkan \u00f6z\u00fcr diledi g\u00f6revinden ald\u0131lar!.."},"content":{"rendered":"<p style=\"text-align: center;\"><a href=\"http:\/\/www.korhanyilmaz.com\/wp-content\/uploads\/2011\/11\/7339.jpg\"  class=\"lightview\"><img loading=\"lazy\" decoding=\"async\" class=\"aligncenter  wp-image-43294\" src=\"http:\/\/www.korhanyilmaz.com\/wp-content\/uploads\/2011\/11\/7339.jpg\" alt=\"\" width=\"360\" height=\"180\" \/><\/a><\/p>\n<p style=\"text-align: justify;\">Dersim olaylar\u0131 nedeniyle \u00f6z\u00fcr dileyen CHP Diyarbak\u0131r \u0130l Ba\u015fkan\u0131 g\u00f6revden al\u0131nd\u0131. Partiden, De\u011fer\u2019in a\u00e7\u0131klama yapt\u0131\u011f\u0131 esnada il ba\u015fkan\u0131 olmad\u0131\u011f\u0131 a\u00e7\u0131klamas\u0131 geldi<\/p>\n<p style=\"text-align: justify;\">CHP Diyarbak\u0131r \u0130l Ba\u015fkan\u0131 Muzaffer De\u011fer, Ba\u015fbakan Recep Tayyip Erdo\u011fan\u2019\u0131n a\u00e7\u0131klamalar\u0131n\u0131n ard\u0131ndan \u201c\u0130l \u00f6rg\u00fct\u00fc olarak Dersim halk\u0131ndan \u00f6z\u00fcr diliyoruz\u201d diye a\u00e7\u0131klama yapt\u0131. Genel Merkez, De\u011fer\u2019i g\u00f6revden ald\u0131.<!--more--><\/p>\n<p style=\"text-align: justify;\">\u00d6\u011fle saatlerinde \u201cDersimlilerden \u00f6z\u00fcr diliyoruz\u201d a\u00e7\u0131klamas\u0131 yapan CHP Diyarbak\u0131r \u0130l Ba\u015fkan\u0131 Muzaffer De\u011fer\u2019in s\u00f6zleri parti i\u00e7inde yeni bir tart\u0131\u015fma ba\u015flatt\u0131. CHP\u2019den yap\u0131lan yaz\u0131l\u0131 a\u00e7\u0131klamada, \u201cMuzaffer De\u011fer Dersim konusunda \u00f6z\u00fcr diledi\u011fini a\u00e7\u0131klamadan \u00f6nce il ba\u015fkanl\u0131\u011f\u0131ndan al\u0131nm\u0131\u015ft\u0131r. De\u011fer, a\u00e7\u0131klama yapt\u0131\u011f\u0131nda CHP il ba\u015fkan\u0131 de\u011fildir\u201d denildi.<\/p>\n<p style=\"text-align: justify;\">Edinilen bilgiye g\u00f6re, Muzaffer De\u011fer\u2019in birka\u00e7 g\u00fcn i\u00e7inde g\u00f6revden al\u0131nmas\u0131n\u0131n zaten d\u00fc\u015f\u00fcn\u00fcld\u00fc\u011f\u00fcn\u00fc ancak d\u00fcn \u00f6\u011fle saatlerinde yap\u0131lacak a\u00e7\u0131klaman\u0131n haber al\u0131nmas\u0131 \u00fczerine g\u00f6revden al\u0131nd\u0131\u011f\u0131 kaydedildi. CHP kaynaklar\u0131, \u201cZaten g\u00f6revden alacakt\u0131k. Bunu duymu\u015f olmal\u0131 ki b\u00f6yle bir a\u00e7\u0131klama yapt\u0131. Bu a\u00e7\u0131klamas\u0131 nedeniyle g\u00f6revinden al\u0131nd\u0131\u011f\u0131 gibi alg\u0131 yarat\u0131l\u0131yor\u201d de\u011ferlendirmesi yapt\u0131.<\/p>\n<p style=\"text-align: justify;\"><strong>G\u00f6revimin ba\u015f\u0131nday\u0131m\u00a0<\/strong><\/p>\n<p style=\"text-align: justify;\">CHP Diyarbak\u0131r \u0130l Ba\u015fkan\u0131 Muzaffer De\u011fer, \u201cG\u00f6revden al\u0131nmam gibi bir durum s\u00f6z konusu de\u011fil. Elime ula\u015fm\u0131\u015f bir g\u00f6revden al\u0131nma karar\u0131 yok. Ne zaman g\u00f6revden ald\u0131lar, bilmiyorum\u201d dedi. De\u011fer, d\u00fcn yapt\u0131\u011f\u0131 a\u00e7\u0131klaman\u0131n arkas\u0131nda durdu\u011funu da s\u00f6yledi.<\/p>\n<p style=\"text-align: justify;\">CHP Diyarbak\u0131r \u0130l Ba\u015fkan\u0131 Muzaffer De\u011fer, Ba\u015fbakan\u2019\u0131n Dersim\u2019le ilgili belgeleri a\u00e7\u0131klamas\u0131ndan sonra, yapt\u0131\u011f\u0131 bas\u0131n toplant\u0131s\u0131nda \u015f\u00f6yle konu\u015ftu: \u201cBa\u015fbakan\u2019\u0131n a\u00e7\u0131klamas\u0131nda g\u00f6zlerimden ya\u015flar akt\u0131. Biz CHP olarak ge\u00e7mi\u015fimizle hesapla\u015fmam\u0131z gerekirken, \u00f6z\u00fcr dilememiz gerekirken, CHP\u2019nin yapmas\u0131 gerekeni bir ba\u015fka partinin yapmas\u0131 ve devlet ad\u0131na \u00f6z\u00fcr dilemesini g\u00f6rd\u00fck. Dersim facias\u0131 kar\u015f\u0131s\u0131nda Dersimli, Tuncelili, yurta\u015flar\u0131m\u0131zdan CHP Diyarbak\u0131r \u0130l Ba\u015fkan\u0131 olarak, il \u00f6rg\u00fct\u00fcm ad\u0131na Tunceli halk\u0131ndan \u00f6z\u00fcr diliyorum.\u201d De\u011fer, ayr\u0131ca o d\u00f6nemin \u0130\u00e7i\u015fleri Bakan\u0131\u2019n\u0131n \u015fu an CHP Genel Ba\u015fkan Yard\u0131mc\u0131s\u0131 Faik \u00d6ztrak\u2019\u0131n akrabas\u0131 olup olmad\u0131\u011f\u0131n\u0131 da sordu.<\/p>\n<p style=\"text-align: justify;\"><a href=\"http:\/\/haber.gazetevatan.com\/chpli-baskan-ozur-diledi-gorevinden-aldilar\/412912\/9\/Siyaset\" target=\"_blank\">Kaynak : Vatan Gazetesi<\/a><\/p>\n","protected":false},"excerpt":{"rendered":"<p style=\"text-align: center;\">\n<p style=\"text-align: justify;\">Dersim olaylar\u0131 nedeniyle \u00f6z\u00fcr dileyen CHP Diyarbak\u0131r \u0130l Ba\u015fkan\u0131 g\u00f6revden al\u0131nd\u0131. Partiden, De\u011fer\u2019in a\u00e7\u0131klama yapt\u0131\u011f\u0131 esnada il ba\u015fkan\u0131 olmad\u0131\u011f\u0131 a\u00e7\u0131klamas\u0131 geldi<\/p>\n<p style=\"text-align: justify;\">CHP Diyarbak\u0131r \u0130l Ba\u015fkan\u0131 Muzaffer De\u011fer, Ba\u015fbakan Recep Tayyip Erdo\u011fan\u2019\u0131n a\u00e7\u0131klamalar\u0131n\u0131n ard\u0131ndan \u201c\u0130l \u00f6rg\u00fct\u00fc olarak Dersim halk\u0131ndan \u00f6z\u00fcr diliyoruz\u201d diye a\u00e7\u0131klama yapt\u0131. Genel Merkez, De\u011fer\u2019i g\u00f6revden ald\u0131.<\/p>\n","protected":false},"author":1,"featured_media":0,"comment_status":"open","ping_status":"open","sticky":false,"template":"","format":"standard","meta":{"footnotes":""},"categories":[105],"tags":[],"class_list":["post-43289","post","type-post","status-publish","format-standard","hentry","category-gundem","odd"],"_links":{"self":[{"href":"http:\/\/www.korhanyilmaz.com\/index.php?rest_route=\/wp\/v2\/posts\/43289","targetHints":{"allow":["GET"]}}],"collection":[{"href":"http:\/\/www.korhanyilmaz.com\/index.php?rest_route=\/wp\/v2\/posts"}],"about":[{"href":"http:\/\/www.korhanyilmaz.com\/index.php?rest_route=\/wp\/v2\/types\/post"}],"author":[{"embeddable":true,"href":"http:\/\/www.korhanyilmaz.com\/index.php?rest_route=\/wp\/v2\/users\/1"}],"replies":[{"embeddable":true,"href":"http:\/\/www.korhanyilmaz.com\/index.php?rest_route=%2Fwp%2Fv2%2Fcomments&post=43289"}],"version-history":[{"count":0,"href":"http:\/\/www.korhanyilmaz.com\/index.php?rest_route=\/wp\/v2\/posts\/43289\/revisions"}],"wp:attachment":[{"href":"http:\/\/www.korhanyilmaz.com\/index.php?rest_route=%2Fwp%2Fv2%2Fmedia&parent=43289"}],"wp:term":[{"taxonomy":"category","embeddable":true,"href":"http:\/\/www.korhanyilmaz.com\/index.php?rest_route=%2Fwp%2Fv2%2Fcategories&post=43289"},{"taxonomy":"post_tag","embeddable":true,"href":"http:\/\/www.korhanyilmaz.com\/index.php?rest_route=%2Fwp%2Fv2%2Ftags&post=43289"}],"curies":[{"name":"wp","href":"https:\/\/api.w.org\/{rel}","templated":true}]}}