{"id":43286,"date":"2011-11-23T22:35:29","date_gmt":"2011-11-23T20:35:29","guid":{"rendered":"http:\/\/www.korhanyilmaz.com\/?p=43286"},"modified":"2011-11-24T05:55:36","modified_gmt":"2011-11-24T03:55:36","slug":"kisla-yolunu-genelkurmay-baskani-ozel-kapatti","status":"publish","type":"post","link":"http:\/\/www.korhanyilmaz.com\/?p=43286","title":{"rendered":"K\u0131\u015fla yolunu Genelkurmay Ba\u015fkan\u0131 \u00d6zel kapatt\u0131"},"content":{"rendered":"<p style=\"text-align: center;\"><a href=\"http:\/\/www.korhanyilmaz.com\/wp-content\/uploads\/2011\/11\/7338.jpg\"  class=\"lightview\"><img loading=\"lazy\" decoding=\"async\" class=\"aligncenter  wp-image-43287\" src=\"http:\/\/www.korhanyilmaz.com\/wp-content\/uploads\/2011\/11\/7338.jpg\" alt=\"\" width=\"360\" height=\"180\" \/><\/a><\/p>\n<p style=\"text-align: justify;\">Bedelli askerlikte 21 g\u00fcnl\u00fck temel e\u011fitimin kald\u0131r\u0131lmas\u0131n\u0131 Genelkurmay Ba\u015fkan\u0131 \u00d6zel\u2019in istedi\u011fi ortaya \u00e7\u0131kt\u0131.<\/p>\n<p style=\"text-align: justify;\">Bedelli askerlikte 21 g\u00fcnl\u00fck temel e\u011fitimin kald\u0131r\u0131lmas\u0131n\u0131 Genelkurmay Ba\u015fkan\u0131 \u00d6zel\u2019in istedi\u011fi ortaya \u00e7\u0131kt\u0131. \u00d6zel\u2019in, k\u0131\u015flalarda y\u0131\u011f\u0131lma ve di\u011fer askerlerin \u201cmoral bozuklu\u011fu\u201dnun \u00f6n\u00fcne ge\u00e7ilmesi i\u00e7in bu talepte bulundu\u011fu \u00f6\u011frenildi.\u00a0<!--more--><\/p>\n<p style=\"text-align: justify;\">30 ya\u015f\u0131ndan g\u00fcn alanlar\u0131n 30 bin TL kar\u015f\u0131l\u0131\u011f\u0131nda bedelli, 3 y\u0131l s\u00fcreyle yurtd\u0131\u015f\u0131nda oturan y\u00fck\u00fcml\u00fclerin de ya\u015f s\u0131n\u0131r\u0131 g\u00f6zetilmeksizin 10 bin Euro \u00f6deyerek d\u00f6vizle, \u201ck\u0131\u015fla\u201d y\u00fcz\u00fc g\u00f6rmeden askerlik g\u00f6revlerini yapm\u0131\u015f kabul eden \u201cAskerlik Kanununda De\u011fi\u015fiklik Yap\u0131lmas\u0131na Dair Kanun Tasar\u0131s\u0131\u201dn\u0131n perde arkas\u0131 netle\u015fmeye ba\u015flad\u0131.<\/p>\n<p style=\"text-align: justify;\"><strong>K\u0131\u015flada moral bozuyor\u00a0<\/strong><\/p>\n<p style=\"text-align: justify;\">VATAN\u2019\u0131n edindi\u011fi bilgilere g\u00f6re, bedelli ve d\u00f6vizle askerlikteki \u201c21 g\u00fcnl\u00fck temel e\u011fitim\u201d, Genelkurmay Ba\u015fkan\u0131 Org. Necdet \u00d6zel\u2019in iste\u011fiyle tasar\u0131da yer almad\u0131. TSK\u2019n\u0131n, askeri birliklerde y\u0131\u011f\u0131lmaya yol a\u00e7mamak ve bedelli ve d\u00f6vizle askerlik yapanlar\u0131n k\u0131\u015flalarda moral bozuklu\u011fu yaratmamalar\u0131 i\u00e7in 21 g\u00fcnl\u00fck temel askerlik e\u011fitiminin kald\u0131r\u0131lmas\u0131n\u0131 istedi\u011fi iddia edildi. Genelkurmay, ter\u00f6rle m\u00fccadelede zafiyet yarat\u0131lmamas\u0131 ve TSK\u2019n\u0131n asker ihtiyac\u0131 nedeniyle bedellideki ya\u015f \u00e7\u0131tas\u0131n\u0131 k\u0131s\u0131tl\u0131 tutmak istedi. H\u00fck\u00fcmet ise ilk planlamalar\u0131nda 25-28 olan ya\u015f s\u0131n\u0131r\u0131n\u0131 TSK\u2019n\u0131n bu hassasiyetlerini dikkate alarak, 30\u2019a \u00e7ekmeyi uygun g\u00f6rd\u00fc.<\/p>\n<p style=\"text-align: justify;\">Kanunun y\u00fcr\u00fcrl\u00fc\u011fe girdi\u011fi tarihten \u00f6nce, temel askerlik e\u011fitimlerini tamamlamalar\u0131n\u0131 m\u00fcteakip askerli\u011fe elveri\u015fsiz hale gelen, vefat eden, T\u00fcrk vatanda\u015fl\u0131\u011f\u0131ndan \u00e7\u0131kmalar\u0131na izin verilen veya T\u00fcrk vatanda\u015fl\u0131\u011f\u0131n\u0131 kaybedenler ile \u00f6deme ve temel askerlik e\u011fitimi y\u00fck\u00fcml\u00fcl\u00fcklerini s\u00fcresi i\u00e7inde tamamlad\u0131klar\u0131ndan kesin terhise hak kazananlara geri \u00f6deme yap\u0131lmayaca\u011f\u0131 konusu da tasar\u0131da yer buldu. \u00d6demesini tamamlad\u0131ktan sonra, d\u00f6vizle askerlik hizmeti kapsam\u0131ndan \u00e7\u0131kart\u0131lmalar\u0131n\u0131 talep edenlere, askerli\u011fe elveri\u015fsiz hale gelenlere, vefat edenlere, T\u00fcrk vatanda\u015fl\u0131\u011f\u0131ndan \u00e7\u0131kmalar\u0131na izin verilenler ile T\u00fcrk vatanda\u015fl\u0131\u011f\u0131n\u0131 kaybedenlere geri \u00f6deme yap\u0131lmayacak.<\/p>\n<p style=\"text-align: justify;\"><strong>MECL\u0130S\u2019E BEDELL\u0130 ZULM\u00dc\u00a0<\/strong><\/p>\n<p style=\"text-align: justify;\">TBMM Milli Savunma Komisyonu\u2019nda bug\u00fcn g\u00f6r\u00fc\u015f\u00fclecek, \u201cAskerlik Kanununda De\u011fi\u015fiklik Yap\u0131lmas\u0131na Dair Kanun Tasar\u0131s\u0131\u201d, bedelli lobisini de harekete ge\u00e7irdi. \u00d6zellikle bedelliden faydalanamayacak 30 ya\u015f alt\u0131 y\u00fck\u00fcml\u00fcler, ba\u015fta TBMM Milli Savunma Komisyonu Ba\u015fkan\u0131 AKP\u2019li O\u011fuz Kaan K\u00f6ksal olmak \u00fczere komisyon \u00fcyeleri ve komisyon makam\u0131na telefon, faks, e-posta ya\u011fd\u0131rmaya ba\u015flad\u0131.<\/p>\n<p style=\"text-align: justify;\"><strong>K\u0131dem tazminat\u0131 tehlikede\u00a0<\/strong><\/p>\n<p style=\"text-align: justify;\">Bir\u00e7ok aday bedelliye kaynak olarak k\u0131dem tazminat\u0131n\u0131 g\u00f6r\u00fcyordu. Ancak 21 g\u00fcnl\u00fck temel e\u011fitim \u015fart\u0131 da kald\u0131r\u0131l\u0131nca hesap bozuldu. Sosyal g\u00fcvenlik mevzuat\u0131na g\u00f6re askere giderken k\u0131dem tazminat\u0131n\u0131 almaya hak kazanan \u00e7al\u0131\u015fanlar\u0131n durumu tart\u0131\u015fmal\u0131 hale geldi. Sosyal g\u00fcvenlik uzman\u0131 Fuat T\u00fct\u00fcnc\u00fco\u011flu \u015fu yorumu yapt\u0131: \u201c21 g\u00fcnl\u00fck askerlik e\u011fitiminin olmamas\u0131 \u00f6nemli de\u011fil. Evlilik ve do\u011fum gibi askerlikte de tazminat eskisi gibi al\u0131nabilir. Burada ama\u00e7 askerlik bedelinin yat\u0131r\u0131lmas\u0131. Bunun i\u00e7in askerlik \u015fubesinden askerlik bedelinin belirtildi\u011fi bir resmi yaz\u0131n\u0131n i\u015f yerine iletilmesi yeterli. Ki\u015fi tazminat\u0131n\u0131 al\u0131p i\u015fine devam edebilir. \u201c Vatan yazar\u0131 sosyal g\u00fcvenlik uzman\u0131 Ersin Umdu ise farkl\u0131 d\u00fc\u015f\u00fcn\u00fcyor: \u201cYeni a\u00e7\u0131klanan bedelli askerlikte 21 g\u00fcn zorunlu e\u011fitim \u015fart\u0131 yok. \u00d6yleyse ki\u015finin i\u015f akdinde kesinti olmayacak ve prosed\u00fcr gere\u011fi istenen s\u00fcl\u00fcs ka\u011f\u0131d\u0131n\u0131 da alamayacak. Bu noktada k\u0131dem tazmitan\u0131 almaya hak kazanamaz. E\u011fer bir g\u00fcn bile olsa askerli\u011fe gidilmi\u015f olsa k\u0131dem tazmitan\u0131 almaya hak kazan\u0131rd\u0131.\u201d<\/p>\n<p style=\"text-align: justify;\"><strong>\u2018Top\u00e7u ve pop\u00e7uya hay\u0131rl\u0131 olsun 30 bin yoksa yaylalar yaylalar\u2019\u00a0<\/strong><\/p>\n<p style=\"text-align: justify;\">\u201cwww.bedelliaskerlik2010.net\u201d adresindeki baz\u0131 ilgin\u00e7 yaz\u0131\u015fmalar \u015f\u00f6yle:<\/p>\n<p style=\"text-align: justify;\">&#8211; 30 bin TL \u00f6deyemeyecek 32 ya\u015f\u0131nda m\u00fchendisten sat\u0131l\u0131k bedelli hakk\u0131 &#8230; Pazarl\u0131k pay\u0131 var &#8230;<\/p>\n<p style=\"text-align: justify;\">&#8211; Arkada\u015flar telefon numaralar\u0131 ve faks ile tepkimizi g\u00f6stermeye devam edelim mail ve twit b\u0131rak\u0131n<\/p>\n<p style=\"text-align: justify;\">&#8211; Sen krals\u0131n aslans\u0131n hakkari \u00e7ukurca seni bekliyor, top\u00e7u ya pop\u00e7uya hay\u0131rl\u0131 olsun Akademisyen\u2019e memura ge\u00e7mi\u015f olsun 30 bin yoksa yaylalar yaylalar ..<\/p>\n<p style=\"text-align: justify;\">&#8211; Han\u0131mlar hadii!!! yay\u0131n organlar\u0131na da bask\u0131 yapmak gerek. L\u00fctfen herkes tv, gazete vs. t\u00fcm yerleri aras\u0131n!!!<\/p>\n<p style=\"text-align: justify;\">&#8211; Ey T\u00fcrk Gen\u00e7li\u011fi Muhta\u00e7 oldu\u011fun kudret, hesab\u0131ndaki 30 bin TL&#8217;de mevcuttur.<\/p>\n<p style=\"text-align: justify;\">&#8211; Arkada\u015flar herbirimiz 27 ya\u015f\u0131ndan g\u00fcn alanlar diye bast\u0131ral\u0131m ve bu sitedek\u0131 herkez yararlans\u0131nn&#8230;..<\/p>\n<p style=\"text-align: justify;\">&#8211; Arkada\u015flar burda bir tek vekilin telefonunu vermenin ne alemi var allah a\u015fk\u0131na!!! herkes ula\u015fabildi\u011fi kadar vekile ula\u015fs\u0131n telefonla, \u015fakas\u0131 yok bu i\u015fin!!!!!<\/p>\n<p style=\"text-align: justify;\">&#8211; Arkada\u015flar AKP CHP aras\u0131 anla\u015fma \u015fu. Ya\u015f 27 para 30000. Kesin bilgi. AKP su\u00e7u muhalefete atacak<\/p>\n<p style=\"text-align: justify;\">&#8211; Beyler ald\u0131m elime telefonu, milli savunma komisyon \u00fcyelerini tek tek ar\u0131yorum. 83 l\u00fc olarak yasan\u0131n 1 y\u0131l\u0131 daha kapsamas\u0131 i\u00e7in \u00e7al\u0131\u015fal\u0131m. siz de aray\u0131n&#8230;<\/p>\n<p style=\"text-align: justify;\"><strong>13.8 M\u0130LYAR TL\u00a0<\/strong><\/p>\n<p style=\"text-align: justify;\">Bedelli kapsam\u0131na giren 460 bin aday var. Hepsinin ba\u015fvurmas\u0131 halinde devletin kasas\u0131na 13.8 milyar TL girecek.<\/p>\n<p style=\"text-align: justify;\"><a href=\"http:\/\/haber.gazetevatan.com\/kisla-yolunu-genelkurmay-baskani-ozel--kapatti\/412967\/1\/Gundem\" target=\"_blank\">Kaynak : Vatan Gazetesi<\/a><\/p>\n","protected":false},"excerpt":{"rendered":"<p style=\"text-align: center;\">\n<p style=\"text-align: justify;\">Bedelli askerlikte 21 g\u00fcnl\u00fck temel e\u011fitimin kald\u0131r\u0131lmas\u0131n\u0131 Genelkurmay Ba\u015fkan\u0131 \u00d6zel\u2019in istedi\u011fi ortaya \u00e7\u0131kt\u0131.<\/p>\n<p style=\"text-align: justify;\">Bedelli askerlikte 21 g\u00fcnl\u00fck temel e\u011fitimin kald\u0131r\u0131lmas\u0131n\u0131 Genelkurmay Ba\u015fkan\u0131 \u00d6zel\u2019in istedi\u011fi ortaya \u00e7\u0131kt\u0131. \u00d6zel\u2019in, k\u0131\u015flalarda y\u0131\u011f\u0131lma ve di\u011fer askerlerin \u201cmoral bozuklu\u011fu\u201dnun \u00f6n\u00fcne ge\u00e7ilmesi i\u00e7in bu talepte bulundu\u011fu \u00f6\u011frenildi. <\/p>\n","protected":false},"author":1,"featured_media":0,"comment_status":"open","ping_status":"open","sticky":false,"template":"","format":"standard","meta":{"footnotes":""},"categories":[105],"tags":[],"class_list":["post-43286","post","type-post","status-publish","format-standard","hentry","category-gundem","odd"],"_links":{"self":[{"href":"http:\/\/www.korhanyilmaz.com\/index.php?rest_route=\/wp\/v2\/posts\/43286","targetHints":{"allow":["GET"]}}],"collection":[{"href":"http:\/\/www.korhanyilmaz.com\/index.php?rest_route=\/wp\/v2\/posts"}],"about":[{"href":"http:\/\/www.korhanyilmaz.com\/index.php?rest_route=\/wp\/v2\/types\/post"}],"author":[{"embeddable":true,"href":"http:\/\/www.korhanyilmaz.com\/index.php?rest_route=\/wp\/v2\/users\/1"}],"replies":[{"embeddable":true,"href":"http:\/\/www.korhanyilmaz.com\/index.php?rest_route=%2Fwp%2Fv2%2Fcomments&post=43286"}],"version-history":[{"count":0,"href":"http:\/\/www.korhanyilmaz.com\/index.php?rest_route=\/wp\/v2\/posts\/43286\/revisions"}],"wp:attachment":[{"href":"http:\/\/www.korhanyilmaz.com\/index.php?rest_route=%2Fwp%2Fv2%2Fmedia&parent=43286"}],"wp:term":[{"taxonomy":"category","embeddable":true,"href":"http:\/\/www.korhanyilmaz.com\/index.php?rest_route=%2Fwp%2Fv2%2Fcategories&post=43286"},{"taxonomy":"post_tag","embeddable":true,"href":"http:\/\/www.korhanyilmaz.com\/index.php?rest_route=%2Fwp%2Fv2%2Ftags&post=43286"}],"curies":[{"name":"wp","href":"https:\/\/api.w.org\/{rel}","templated":true}]}}