{"id":43280,"date":"2011-11-23T21:23:08","date_gmt":"2011-11-23T19:23:08","guid":{"rendered":"http:\/\/www.korhanyilmaz.com\/?p=43280"},"modified":"2011-11-24T05:58:22","modified_gmt":"2011-11-24T03:58:22","slug":"kosanerin-kaydi-delil","status":"publish","type":"post","link":"http:\/\/www.korhanyilmaz.com\/?p=43280","title":{"rendered":"Ko\u015faner\u2019in kayd\u0131 delil"},"content":{"rendered":"<p style=\"text-align: center;\"><a href=\"http:\/\/www.korhanyilmaz.com\/wp-content\/uploads\/2011\/11\/73371.jpg\"  class=\"lightview\"><img loading=\"lazy\" decoding=\"async\" class=\"aligncenter  wp-image-43282\" src=\"http:\/\/www.korhanyilmaz.com\/wp-content\/uploads\/2011\/11\/73371.jpg\" alt=\"\" width=\"396\" height=\"198\" \/><\/a><\/p>\n<p style=\"text-align: justify;\">Koramiral Cora, Korgeneraller Polats\u00fc, G\u00fcler gibi isimlerin san\u0131k oldu\u011fu 3. Balyoz iddianamesi kabul edildi. 143 san\u0131k i\u00e7in 20\u2019\u015fer y\u0131l hapis cezas\u0131 isteniyor. \u0130ddianamede eski Genelkurmay Ba\u015fkan\u0131 Ko\u015faner\u2019in internete d\u00fc\u015fen ses kayd\u0131 delil say\u0131ld\u0131.<!--more--><\/p>\n<p style=\"text-align: justify;\">G\u00f6lc\u00fck\u2019te bulunan Balyoz belgelerine ili\u015fkin y\u00fcr\u00fct\u00fclen soru\u015fturma kapsam\u0131nda \u00d6zel Yetkili \u0130stanbul Cumhuriyet Savc\u0131s\u0131 H\u00fcseyin Ayar taraf\u0131ndan haz\u0131rlanan 3\u2019\u00fcnc\u00fc Balyoz iddianamesi, \u0130stanbul 10\u2019uncu A\u011f\u0131r Ceza Mahkemesi\u2019nce kabul edildi. Koramiral Deniz Cora, korgeneraller Korcan Pulats\u00fc, Ziya G\u00fcler, R\u0131dvan Ulug\u00fcler ve Abdullah Can Ereno\u011flu, Tu\u011fgeneral Kubilay Balo\u011flu, T\u00fcmamiral M\u00fccahit \u015ei\u015flio\u011flu, emekli Korgeneral Rasim Arslan, HAVELSAN Genel M\u00fcd\u00fcr\u00fc \u00d6mer Faruk Yarman\u2019\u0131n da aralar\u0131nda bulundu\u011fu 64\u2019\u00fc tutuklu 143 san\u0131k hakk\u0131ndaki davan\u0131n ilk duru\u015fmas\u0131, 26 Aral\u0131k g\u00fcn\u00fc g\u00f6r\u00fclecek. Mahkeme, Savc\u0131 Ayar\u2019\u0131n di\u011fer Balyoz davas\u0131yla birle\u015ftirilmesi y\u00f6n\u00fcndeki talebini ise duru\u015fmada de\u011ferlendirecek. \u0130ddianamede, t\u00fcm san\u0131klar\u0131n 15 ile 20 y\u0131l aras\u0131nda hapis cezas\u0131 \u00f6ng\u00f6ren ve \u201cT\u00fcrkiye Cumhuriyeti icra vekilleri heyetini, cebren \u0131skat veya vazife g\u00f6rmekten cebren men etmeye te\u015febb\u00fcs\u201d su\u00e7unu d\u00fczenleyen eski TCK\u2019n\u0131n 147 ve 61\/1\u2019inci maddeleri gere\u011fince cezaland\u0131r\u0131lmalar\u0131 isteniyor.<\/p>\n<p style=\"text-align: justify;\"><strong>A\u00e7\u0131k kaynak\u00a0<\/strong><\/p>\n<p style=\"text-align: justify;\">Mahkeme taraf\u0131ndan kabul edilen \u00fc\u00e7\u00fcnc\u00fc iddianamede, eski Genelkurmay Ba\u015fkan\u0131 emekli Orgeneral I\u015f\u0131k Ko\u015faner\u2019in internete d\u00fc\u015fen ses kayd\u0131 da yer ald\u0131. Ko\u015faner\u2019in Balyoz davas\u0131na ve soru\u015fturmas\u0131na ili\u015fkin s\u00f6zleri delil olarak g\u00f6sterildi. Savc\u0131, Ko\u015faner\u2019in bu s\u00f6zlerini \u201cA\u00e7\u0131k kaynaklardan temin edilen ses kay\u0131tlar\u0131\u201d ba\u015fl\u0131\u011f\u0131 alt\u0131nda s\u0131ralad\u0131. Ancak a\u00e7\u0131k kaynakla ilgili bir \u00e7al\u0131\u015fman\u0131n yap\u0131l\u0131p yap\u0131lmad\u0131\u011f\u0131 ise a\u00e7\u0131klanmad\u0131.<\/p>\n<p style=\"text-align: justify;\">Eski Genelkurmay Ba\u015fkan\u0131 Ko\u015faner internete d\u00fc\u015fen ses kayd\u0131nda, \u201cErgenekon hakk\u0131nda ben de bir \u015fey bilmiyorum. Ama Balyoz hakk\u0131nda bir \u015feyler s\u00f6yleyebilirim. Balyoz\u2019la ilgili, bizde her \u015fey imha edilmi\u015fti. Her \u015feyi iddianameden \u00f6\u011frendik&#8230; Arkada\u015flar, bu olayla ilgili seminerle ilgili evraklar\u0131n hepsi imha edilmi\u015f oldu\u011fu i\u00e7in olay ortaya \u00e7\u0131k\u0131nca bir \u015fey bulamad\u0131k. Ara\u015ft\u0131rd\u0131k Genelkurmay\u2019\u0131, Kara Kuvvetleri\u2019ni, 1. Ordu\u2019yu. Ya nedir bu, ne diyorlar bunlar filan. Balyoz malyoz hi\u00e7bir evrak bulamad\u0131k. Bir tane mesaj \u00e7\u0131kt\u0131. Bunun i\u00e7in bir giri\u015fim yapamad\u0131k&#8230; Ne zaman ki i\u015f iddianame haz\u0131rland\u0131 vs. Bu CD\u2019ler elimize ge\u00e7ti\u011fi zaman olay\u0131n ne boyutta oldu\u011funu neyin iddia edildi\u011fini a\u00e7\u0131k a\u00e7\u0131k anlad\u0131k. Balyoz\u2019da, bize \u00fczen taraf; neyimiz var neyimiz yok \u00e7ald\u0131rm\u0131\u015f\u0131z. Konu\u015fmalar\u0131m\u0131z d\u00e2hil.ne konu\u015fuyorsak var adamlar\u0131n ellerinde, namerdin eline malzeme verdik. \u015eimdi bizi \u00fczen taraf arkada\u015flar birinci orduda her \u015feyimizi \u00e7ald\u0131rm\u0131\u015f\u0131z\u201d diyordu.<\/p>\n<p style=\"text-align: justify;\">\u0130ddianamede, d\u00f6nemin Hava Harp Akademisi Komutan\u0131 tutuklu san\u0131k Korgeneral Korcan Pulats\u00fc\u2019n\u00fcn \u201cOraj Harekat Plan\u0131\u201d kapsam\u0131nda g\u00f6revlendirilecek \u00f6zel personel oldu\u011fu \u00f6ne s\u00fcr\u00fcld\u00fc. \u0130ddianamede Korgeneral Ziya G\u00fcler\u2019le ilgili olarak, \u201cPlan \u00f6ncesi ve sonras\u0131nda d\u00f6nemin kuvvet komutan\u0131 Cumhur Asparuk ve \u00e7evresindekilere y\u00f6nelik uygulanmas\u0131 d\u00fc\u015f\u00fcn\u00fclen psikolojik harekat faaliyetlerinde ve yine Cumhur Asparuk\u2019un g\u00f6revden el \u00e7ektirilmesi konusunda yap\u0131lan planda etkin bir konumunun oldu\u011fu kanaatine var\u0131lm\u0131\u015ft\u0131r\u201d ifadelerine yer verildi.<\/p>\n<p style=\"text-align: justify;\"><strong>\u0130ki camide ke\u015fif yapt\u0131lar\u00a0<\/strong><\/p>\n<p style=\"text-align: justify;\">\u0130DD\u0130ANAMEDE Fatih Camii\u2019ne y\u00f6nelik planlanan ve bombalama iddialar\u0131n\u0131 i\u00e7eren \u201c\u00c7ar\u015faf Eylem Plan\u0131\u201d haz\u0131rlanmadan \u00f6nce caminin eyleme uygun olup olmad\u0131\u011f\u0131n\u0131 belirlemek \u00fczere g\u00f6zlem ve ke\u015fif faaliyetleri yap\u0131ld\u0131\u011f\u0131 \u00f6ne s\u00fcr\u00fcld\u00fc. \u00d6zg\u00fcr Ecevit Ta\u015f\u00e7\u0131\u2019n\u0131n, Erdin\u00e7 Atik ile birlikte yapt\u0131\u011f\u0131 inceleme sonras\u0131 raporlar haz\u0131rlad\u0131\u011f\u0131 belirtildi. Grup lideri H\u00fcseyin Topuz\u2019a ula\u015ft\u0131r\u0131lan ke\u015fif raporunda, \u201cKalabal\u0131k ve hareketli bir b\u00f6lge olmas\u0131 ve her t\u00fcrl\u00fc faaliyet i\u00e7in gizleme ve kamuflaj olana\u011f\u0131 sunmas\u0131, faaliyet yapan elemanlar\u0131n kalabal\u0131\u011f\u0131n i\u00e7erisinde kolayl\u0131kla kendini kamufle edebilme olana\u011f\u0131na sahip olmas\u0131 nedenleriyle b\u00f6lgenin faaliyet i\u00e7in uygun oldu\u011funun de\u011ferlendirildi\u011fi\u201dnin bildirildi\u011fi kaydedildi.<\/p>\n<p style=\"text-align: justify;\"><strong>Ey\u00fcp Camii riskli\u00a0<\/strong><\/p>\n<p style=\"text-align: justify;\">\u0130ddianamede, \u015f\u00fcpheli Nail \u0130lbey\u2019in, \u201cG\u00f6revlendirme \u00c7izelgesi\u201d isimli belgeye g\u00f6re, Ey\u00fcp Camii\u2019nin, bir eylem i\u00e7in uygun olup olmad\u0131\u011f\u0131n\u0131n tespiti i\u00e7in Hakan Sarg\u0131n liderli\u011findeki grupta, Mustafa Ko\u00e7 ile birlikte yer ald\u0131\u011f\u0131 kaydedilerek, Erhan Kubat taraf\u0131ndan, caminin ke\u015fif \u00e7al\u0131\u015fmalar\u0131n\u0131 yapmak \u00fczere g\u00f6revlendirildikleri belirtildi. \u0130ddianamede, \u0130lbey\u2019in, hedef b\u00f6lgenin fiziki ve sosyal yap\u0131s\u0131n\u0131n incelenmesi ile \u00e7evre kontrol\u00fcn\u00fcn yap\u0131larak, al\u0131nacak tedbirlerin yerinde tespiti konusunda ke\u015fif faaliyeti icra etti\u011fi ve bu ke\u015fif sonucunda muhtemel eylemler i\u00e7in ortam\u0131n uygun olmad\u0131\u011f\u0131, b\u00f6lgenin eylem sonras\u0131nda gizleme sa\u011flamad\u0131\u011f\u0131, insan kalabal\u0131\u011f\u0131 ve trafik s\u0131k\u0131\u015f\u0131kl\u0131\u011f\u0131n\u0131n, eylem sonras\u0131nda timlerin hareket kabiliyetini zorlayabilece\u011fi ve risk te\u015fkil edebilece\u011fini belirtir rapor haz\u0131rlad\u0131\u011f\u0131 ifade edildi.<\/p>\n<p style=\"text-align: justify;\"><a href=\"http:\/\/haber.gazetevatan.com\/kosanerin-kaydi-delil\/412946\/1\/Gundem\" target=\"_blank\">Kaynak : Vatan Gazetesi<\/a><\/p>\n","protected":false},"excerpt":{"rendered":"<p style=\"text-align: center;\">\n<p style=\"text-align: justify;\">Koramiral Cora, Korgeneraller Polats\u00fc, G\u00fcler gibi isimlerin san\u0131k oldu\u011fu 3. Balyoz iddianamesi kabul edildi. 143 san\u0131k i\u00e7in 20\u2019\u015fer y\u0131l hapis cezas\u0131 isteniyor. \u0130ddianamede eski Genelkurmay Ba\u015fkan\u0131 Ko\u015faner\u2019in internete d\u00fc\u015fen ses kayd\u0131 delil say\u0131ld\u0131.<\/p>\n","protected":false},"author":1,"featured_media":0,"comment_status":"open","ping_status":"open","sticky":false,"template":"","format":"standard","meta":{"footnotes":""},"categories":[105],"tags":[],"class_list":["post-43280","post","type-post","status-publish","format-standard","hentry","category-gundem","odd"],"_links":{"self":[{"href":"http:\/\/www.korhanyilmaz.com\/index.php?rest_route=\/wp\/v2\/posts\/43280","targetHints":{"allow":["GET"]}}],"collection":[{"href":"http:\/\/www.korhanyilmaz.com\/index.php?rest_route=\/wp\/v2\/posts"}],"about":[{"href":"http:\/\/www.korhanyilmaz.com\/index.php?rest_route=\/wp\/v2\/types\/post"}],"author":[{"embeddable":true,"href":"http:\/\/www.korhanyilmaz.com\/index.php?rest_route=\/wp\/v2\/users\/1"}],"replies":[{"embeddable":true,"href":"http:\/\/www.korhanyilmaz.com\/index.php?rest_route=%2Fwp%2Fv2%2Fcomments&post=43280"}],"version-history":[{"count":0,"href":"http:\/\/www.korhanyilmaz.com\/index.php?rest_route=\/wp\/v2\/posts\/43280\/revisions"}],"wp:attachment":[{"href":"http:\/\/www.korhanyilmaz.com\/index.php?rest_route=%2Fwp%2Fv2%2Fmedia&parent=43280"}],"wp:term":[{"taxonomy":"category","embeddable":true,"href":"http:\/\/www.korhanyilmaz.com\/index.php?rest_route=%2Fwp%2Fv2%2Fcategories&post=43280"},{"taxonomy":"post_tag","embeddable":true,"href":"http:\/\/www.korhanyilmaz.com\/index.php?rest_route=%2Fwp%2Fv2%2Ftags&post=43280"}],"curies":[{"name":"wp","href":"https:\/\/api.w.org\/{rel}","templated":true}]}}