{"id":43256,"date":"2011-11-23T12:05:08","date_gmt":"2011-11-23T10:05:08","guid":{"rendered":"http:\/\/www.korhanyilmaz.com\/?p=43256"},"modified":"2011-11-23T23:03:59","modified_gmt":"2011-11-23T21:03:59","slug":"bu-kitabi-da-alayim-mi-amirim","status":"publish","type":"post","link":"http:\/\/www.korhanyilmaz.com\/?p=43256","title":{"rendered":"&#8216;Bu kitab\u0131 da alay\u0131m m\u0131 amirim?&#8217;"},"content":{"rendered":"<p style=\"text-align: center;\"><a href=\"http:\/\/www.korhanyilmaz.com\/wp-content\/uploads\/2011\/11\/7330.jpg\"  class=\"lightview\"><img loading=\"lazy\" decoding=\"async\" class=\"aligncenter  wp-image-43257\" src=\"http:\/\/www.korhanyilmaz.com\/wp-content\/uploads\/2011\/11\/7330.jpg\" alt=\"\" width=\"382\" height=\"199\" \/><\/a><\/p>\n<p style=\"text-align: justify;\">D\u00fcn g\u00fcne \u00fc\u00e7 farkl\u0131 operasyonla uyanan T\u00fcrkiye\u2019de, Kocaeli&#8217;de g\u00f6zalt\u0131na al\u0131nan Halkevleri, EMEP, SDP ve ESP \u00fcyeleri i\u00e7in su\u00e7lamalar \u201csu\u00e7u ve su\u00e7luyu \u00f6vmek\u201d ve \u201cter\u00f6r \u00f6rg\u00fct\u00fc propagandas\u0131\u201d oldu. Polisin elindeki 26 ki\u015filik liste do\u011frultusunda 20 ki\u015fi g\u00f6zalt\u0131na al\u0131n\u0131rken, yine kitaplara el kondu.\u00a0<!--more--><\/p>\n<p style=\"text-align: justify;\">D\u00fcn KCK, \u0130zmir B\u00fcy\u00fck\u015fehir Belediyesi bask\u0131nlar\u0131 d\u0131\u015f\u0131nda Kocaeli\u2019de sol parti ve \u00f6rg\u00fctleri hedef alan bir ba\u015fka operasyon daha ger\u00e7ekle\u015ftirdi. Kocaeli Cumhuriyet Savc\u0131l\u0131\u011f\u0131n\u0131n talimat\u0131yla ba\u015flayan operasyonlar kapsam\u0131nda bir\u00e7ok eve bask\u0131n d\u00fczenlendi. 26 ki\u015filik listeden 20 ki\u015fi g\u00f6zalt\u0131na al\u0131n\u0131rken geriye kalan 6 ki\u015fi ise hala aran\u0131yor.<\/p>\n<p style=\"text-align: justify;\"><strong>Kitaplar yine delil oldu<\/strong><\/p>\n<p style=\"text-align: justify;\">D\u00fcn Kocaeli\u2019de sosyalist \u00f6rg\u00fctleri hedef alan bask\u0131nlarda delil olarak yine kitaplar topland\u0131. Lenin ve Marx\u2019\u0131n bir\u00e7ok kitab\u0131 delil olarak al\u0131n\u0131rken konuyla ilgili bilgi ald\u0131\u011f\u0131m\u0131z Halkevleri Avukat\u0131 Mehmet \u00dcmit Erdem \u015f\u00f6yle konu\u015ftu: \u201cKitaplardan, dergilere, sendika yay\u0131nlar\u0131ndan ajandalara kadar bir\u00e7ok materyal delil olarak al\u0131nd\u0131. <span style=\"text-decoration: underline;\">Hatta kimi aramalar s\u0131ras\u0131nda tecr\u00fcbesiz ekipler merkezi arayarak \u00a0\u2018<strong>\u015fu kitab\u0131 alay\u0131m m\u0131<\/strong>\u2019 \u00a0gibi sorular da sormu\u015f<\/span>.\u201d<\/p>\n<p style=\"text-align: justify;\"><strong>\u201cAlt\u0131 \u00e7izili olan ne varsa al\u0131n, \u00e7eyizleri aray\u0131n\u201d<\/strong><\/p>\n<p style=\"text-align: justify;\">Aramalar s\u0131ras\u0131nda alt\u0131 \u00e7izilen ve not tutulan her \u015feye el konuldu\u011funu aktaran Erdem, kimi evlerde m\u00fchendislik kitaplar\u0131na dahi alt\u0131 \u00e7izili olan yerler var diye el konuldu\u011funu dile getirdi. Ka\u00e7 evin bas\u0131ld\u0131\u011f\u0131n\u0131 net olarak bilemediklerini belirten Erdem, kimi evlerde \u00e7eyiz sand\u0131klar\u0131na varana kadar uzun s\u00fcreli aramalar yap\u0131ld\u0131\u011f\u0131n\u0131 s\u00f6yledi.<\/p>\n<p style=\"text-align: justify;\"><strong>\u201c2010-2011\u2019deki eylemler su\u00e7 unsuruymu\u015f\u201d<\/strong><\/p>\n<p style=\"text-align: justify;\">Kocaeli\u2019de y\u00fcr\u00fct\u00fclen soru\u015fturman\u0131n d\u00fcn yap\u0131lan KCK operasyonlar\u0131yla bir ilgisi bulunmad\u0131\u011f\u0131n\u0131 belirten Erdem, operasyonlar\u0131n nedeninin 2010-2011 y\u0131llar\u0131 aras\u0131nda yap\u0131lan eylemler oldu\u011funu dile getirdi. Savc\u0131l\u0131k ile konuyu konu\u015ftu\u011funu ancak gizlilik karar\u0131 oldu\u011fu i\u00e7in bilgi alamad\u0131\u011f\u0131n\u0131 belirten Erdem, kimi bask\u0131nlarda operasyonun nedeninin yap\u0131lan eylemler ve anmalar oldu\u011funu ifade etti.<\/p>\n<p style=\"text-align: justify;\"><strong>\u201cPolisin elinde 26 ki\u015filik liste var\u201d<\/strong><\/p>\n<p style=\"text-align: justify;\">Kocaeli\u2019de \u015fu ana kadar EMEP, SDP, ESP ve Halkevleri \u00fcyesi olan 20\u2019ye yak\u0131n ki\u015finin g\u00f6zalt\u0131na al\u0131nd\u0131\u011f\u0131n\u0131 vurgulayan Erdem, polislerin elinde 26 ki\u015filik liste var. Geriye kalan 6 ki\u015finin de yakalanmas\u0131 i\u00e7in operasyonlar yap\u0131lacak. Bize s\u00f6ylenen Hendek, Derince ve \u0130stanbul\u2019da da g\u00f6zalt\u0131lar\u0131n olaca\u011f\u0131 \u015feklinde\u201d diye konu\u015ftu.<\/p>\n<p style=\"text-align: justify;\"><a href=\"http:\/\/haber.sol.org.tr\/soldakiler\/bu-kitabi-da-alayim-mi-amirim-haberi-48613\" target=\"_blank\">Kaynak : soL &#8211; Haber Merkezi<\/a><\/p>\n","protected":false},"excerpt":{"rendered":"<p style=\"text-align: center;\">\n<p style=\"text-align: justify;\">D\u00fcn g\u00fcne \u00fc\u00e7 farkl\u0131 operasyonla uyanan T\u00fcrkiye\u2019de, Kocaeli&#8217;de g\u00f6zalt\u0131na al\u0131nan Halkevleri, EMEP, SDP ve ESP \u00fcyeleri i\u00e7in su\u00e7lamalar \u201csu\u00e7u ve su\u00e7luyu \u00f6vmek\u201d ve \u201cter\u00f6r \u00f6rg\u00fct\u00fc propagandas\u0131\u201d oldu. Polisin elindeki 26 ki\u015filik liste do\u011frultusunda 20 ki\u015fi g\u00f6zalt\u0131na al\u0131n\u0131rken, yine kitaplara el kondu. <\/p>\n","protected":false},"author":1,"featured_media":0,"comment_status":"open","ping_status":"open","sticky":false,"template":"","format":"standard","meta":{"footnotes":""},"categories":[105],"tags":[],"class_list":["post-43256","post","type-post","status-publish","format-standard","hentry","category-gundem","odd"],"_links":{"self":[{"href":"http:\/\/www.korhanyilmaz.com\/index.php?rest_route=\/wp\/v2\/posts\/43256","targetHints":{"allow":["GET"]}}],"collection":[{"href":"http:\/\/www.korhanyilmaz.com\/index.php?rest_route=\/wp\/v2\/posts"}],"about":[{"href":"http:\/\/www.korhanyilmaz.com\/index.php?rest_route=\/wp\/v2\/types\/post"}],"author":[{"embeddable":true,"href":"http:\/\/www.korhanyilmaz.com\/index.php?rest_route=\/wp\/v2\/users\/1"}],"replies":[{"embeddable":true,"href":"http:\/\/www.korhanyilmaz.com\/index.php?rest_route=%2Fwp%2Fv2%2Fcomments&post=43256"}],"version-history":[{"count":0,"href":"http:\/\/www.korhanyilmaz.com\/index.php?rest_route=\/wp\/v2\/posts\/43256\/revisions"}],"wp:attachment":[{"href":"http:\/\/www.korhanyilmaz.com\/index.php?rest_route=%2Fwp%2Fv2%2Fmedia&parent=43256"}],"wp:term":[{"taxonomy":"category","embeddable":true,"href":"http:\/\/www.korhanyilmaz.com\/index.php?rest_route=%2Fwp%2Fv2%2Fcategories&post=43256"},{"taxonomy":"post_tag","embeddable":true,"href":"http:\/\/www.korhanyilmaz.com\/index.php?rest_route=%2Fwp%2Fv2%2Ftags&post=43256"}],"curies":[{"name":"wp","href":"https:\/\/api.w.org\/{rel}","templated":true}]}}