{"id":43251,"date":"2011-11-23T13:31:14","date_gmt":"2011-11-23T11:31:14","guid":{"rendered":"http:\/\/www.korhanyilmaz.com\/?p=43251"},"modified":"2011-11-27T15:00:34","modified_gmt":"2011-11-27T13:00:34","slug":"bir-yilda-kac-kisi-dinlendi","status":"publish","type":"post","link":"http:\/\/www.korhanyilmaz.com\/?p=43251","title":{"rendered":"Bir y\u0131lda ka\u00e7 ki\u015fi dinlendi?"},"content":{"rendered":"<p style=\"text-align: justify;\"><a href=\"http:\/\/www.korhanyilmaz.com\/wp-content\/uploads\/2011\/11\/7329.jpg\"  class=\"lightview\"><img loading=\"lazy\" decoding=\"async\" class=\"aligncenter size-full wp-image-43252\" title=\"\" src=\"http:\/\/www.korhanyilmaz.com\/wp-content\/uploads\/2011\/11\/7329.jpg\" alt=\"\" width=\"425\" height=\"133\" \/><\/a><\/p>\n<p style=\"text-align: justify;\"><strong>70 bin ki\u015fi dinlendi&#8230;<\/strong><\/p>\n<p style=\"text-align: justify;\">Ula\u015ft\u0131rma Denizcilik ve Haberle\u015fme Bakan\u0131 Binali Y\u0131ld\u0131r\u0131m, Telekom\u00fcnikasyon \u0130leti\u015fim Ba\u015fkanl\u0131\u011f\u0131n\u0131n (T\u0130B) dinleme yetkisinin olmad\u0131\u011f\u0131n\u0131, g\u00f6revinin dinleme yapmak isteyen yetkili kurumlara izin vermek veya vermemek oldu\u011funu belirterek, bir y\u0131lda 5 binden fazla dinleme talebini reddetti\u011fini s\u00f6yledi.\u00a0<!--more--><\/p>\n<p style=\"text-align: justify;\">TBMM Plan ve B\u00fct\u00e7e Komisyonunda bakanl\u0131\u011f\u0131n\u0131n b\u00fct\u00e7esi \u00fczerinde milletvekillerinin sorular\u0131n\u0131 yan\u0131tlayan Y\u0131ld\u0131r\u0131m, dinleme konusunda toplumda ciddi bir alg\u0131 oldu\u011funu belirterek, insanlar\u0131n &#8220;Acaba dinleniyor muyum?&#8221; diye endi\u015fe etti\u011fini, bunu gidermek zorunda olduklar\u0131n\u0131 belirtti.<\/p>\n<p style=\"text-align: justify;\">Dinlemenin yasal ve yasal olmayan boyutu oldu\u011funu, 2007 y\u0131l\u0131na kadar konuyla ilgili hi\u00e7bir kural ve d\u00fczenleme bulunmad\u0131\u011f\u0131n\u0131 hat\u0131rlatan Y\u0131ld\u0131r\u0131m, yap\u0131lan d\u00fczenlemeyle dinleme konusunda yetkili kurumlar\u0131n belirlendi\u011fini, bunlar\u0131n polis istihbarat, jandarma istihbarat ve M\u0130T oldu\u011funu anlatt\u0131. Bu 3 kurum d\u0131\u015f\u0131nda yasal olarak mahkeme karar\u0131yla dinleme yetkisi olan kurum, kurulu\u015f ve ki\u015fi bulunmad\u0131\u011f\u0131na i\u015faret eden Y\u0131ld\u0131r\u0131m, &#8220;Bu her \u00fclkede var; \u00fclkenin g\u00fcvenli\u011fi, su\u00e7lar\u0131n \u00f6nlenmesi, ter\u00f6rle m\u00fccadele, i\u00e7 ve d\u0131\u015f istihbarat toplamak i\u00e7in kanunlar\u0131nda tadat edilmi\u015f&#8221; dedi.<\/p>\n<p style=\"text-align: justify;\">Bir milletvekilinin &#8220;Geriye y\u00f6nelik dinleme var m\u0131?&#8221; sorusuna kar\u015f\u0131l\u0131k Y\u0131ld\u0131r\u0131m, &#8220;Geriye d\u00f6n\u00fck dinleme yok ama ge\u00e7mi\u015fe y\u00f6nelik kay\u0131tlara eri\u015fim var. Kim kimle konu\u015fmu\u015f&#8230; Ama bunun i\u00e7in de mahkeme karar\u0131 aran\u0131yor. \u0130\u00e7erik i\u00e7in yok&#8221; kar\u015f\u0131l\u0131\u011f\u0131n\u0131 verdi.<\/p>\n<p style=\"text-align: justify;\">Daha \u00f6nce Jandarma veya bir ba\u015fka istihbarat kurulu\u015funun bir telefon i\u00e7in karar alarak b\u00fct\u00fcn o ildeki dinlemeleri yapabildi\u011fine dikkati \u00e7eken Y\u0131ld\u0131r\u0131m, ancak \u015fimdi her telefon i\u00e7in ayr\u0131 mahkeme karar\u0131 gerekti\u011fini kaydetti. Dinlemelerle ilgili gelen kararlar\u0131 T\u0130B\u2019in inceledi\u011fini, al\u0131nan karar, izin, mahkemelerde yaz\u0131lan konular, dinlemenin kapsam\u0131na bakt\u0131\u011f\u0131n\u0131, yasaya uymad\u0131\u011f\u0131 takdirde reddetti\u011fini s\u00f6yledi.<\/p>\n<p style=\"text-align: justify;\">Y\u0131ld\u0131r\u0131m, prosed\u00fcr\u00fcn nas\u0131l i\u015fledi\u011fi konusunda, \u015f\u00f6yle konu\u015ftu:<\/p>\n<p style=\"text-align: justify;\">&#8220;T\u00fcrkiye\u2019de b\u00fct\u00fcn dinleme talepleri \u00f6nce mahkemeye gidiyor, daha sonra mahkeme karar\u0131 T\u0130B\u2019e geliyor. T\u0130B bunu inceleyip yol veriyor. T\u0130B, 5 binden fazla dinleme talebini reddetmi\u015f, bir y\u0131lda 70 binini kabul etmi\u015f. N\u00fcfusun binde birine geliyor. Bu konuda yanl\u0131\u015f bilinen bir do\u011fru var; T\u0130B hi\u00e7bir \u015feyi dinlemiyor, dinleme yetkisi yok. Bu kurulu\u015fun tek g\u00f6revi, dinleme yapmak isteyen yetkili kurumlara dinleme i\u00e7in u\u00e7 vermesi, izin vermesi veya vermemesidir. Eskiden bunu telefon \u015firketinden al\u0131yordu. \u015eimdi o yok. Reddetme haklar\u0131 var. 5 binini geri g\u00f6ndermi\u015f. Mahkeme karar\u0131n\u0131n s\u0131n\u0131rlar\u0131n\u0131n belli olmas\u0131 laz\u0131m.&#8221;<\/p>\n<p style=\"text-align: justify;\"><span style=\"background-color: #ffffff;\"><strong>&#8216;M\u00dcNASEBETS\u0130Z ZAMANLAMA&#8217;\u00a0<\/strong><\/span><\/p>\n<p style=\"text-align: justify;\"><span style=\"background-color: #ffffff;\">Ula\u015ft\u0131rma Denizcilik ve Haberle\u015fme Bakan\u0131 Binali Y\u0131ld\u0131r\u0131m, \u0130zmir\u2019in aday oldu\u011fu EXPO 2020 sunumu i\u00e7in bulundu\u011fu Paris\u2019te B\u00fcy\u00fck\u015fehir Belediyesi\u2019ne y\u00f6nelik olarak ger\u00e7ekle\u015ftirilen 44 ki\u015finin g\u00f6zalt\u0131na al\u0131nd\u0131\u011f\u0131, adliyeye sevkedilen 5 ki\u015fiden 3\u2019\u00fcn\u00fcn tutukland\u0131\u011f\u0131, 39\u2019unun sorgusunun s\u00fcrd\u00fc\u011f\u00fc operasyonu de\u011ferlendirdi. Y\u0131ld\u0131r\u0131m, &#8220;\u0130lla davul zurnayla, m\u00fcnasebetsiz bir saatte yap\u0131lmas\u0131na gerek yoktu&#8221; dedi.<\/span><\/p>\n<p style=\"text-align: justify;\"><span style=\"background-color: #ffffff;\">\u0130zmir B\u00fcy\u00fck\u015fehir Belediye Ba\u015fkan\u0131 Aziz Kocao\u011flu\u2019nun da haber al\u0131r almaz Fransa\u2019dan \u0130zmir\u2019e d\u00f6nmesine neden olan operasyonu EXPO 2020 sunumu i\u00e7in bulundu\u011fu Paris\u2019te de\u011ferlendiren Bakan Binali Y\u0131ld\u0131r\u0131m \u015funlar\u0131 s\u00f6yledi:<\/span><\/p>\n<p style=\"text-align: justify;\"><span style=\"background-color: #ffffff;\">&#8220;\u0130lk defa olan bir \u015fey de\u011fil, dosyan\u0131n i\u00e7eri\u011fini bilmiyoruz. T\u00fcrkiye hukuk devleti, hukukun bir tasarrufu. Be\u011fenmedi\u011fim bir \u015fey var, bu tarz uygulamalar\u0131n b\u00f6yle yap\u0131lmamas\u0131 laz\u0131m. Meseleyi \u00e7ok daha medeni bir \u015fekilde \u00e7\u00f6zebiliriz. \u0130lla davul zurnayla m\u00fcnasebetsiz bir saatte yap\u0131lmas\u0131na gerek yoktu. Ben buna kar\u015f\u0131y\u0131m. Herkes i\u00e7in rencide edici bir \u015fey. Bunun da g\u00f6zden ge\u00e7irilmesi laz\u0131m. Yasal bir dayana\u011f\u0131 varsa da de\u011fi\u015fmesi laz\u0131m. Di\u011fer taraftan yasal bir faaliyettir. Dosya i\u00e7eri\u011fi ile ilgili bilgimiz yok. \u2018Niye \u0130zmir, niye b\u00f6yle zamanda yap\u0131l\u0131yor deniyor\u2019, b\u00fct\u00fcn belediyelerde inceleme var. Gelmeden \u00f6nce Ankara Belediye Ba\u015fkan\u0131yla konu\u015ftum, 500 soru\u015fturma ge\u00e7irmi\u015f, ayda iki defa savc\u0131l\u0131\u011fa ifadeye gitti\u011fini s\u00f6yl\u00fcyor. Bunlar b\u00fct\u00fcn idarelerde oluyor. Kamu idarelerinde yap\u0131lan her olay tabii ki denetleniyor. Bunun iktidar veya muhalefet belediyesi olmas\u0131 sonucu de\u011fi\u015ftirmiyor. Muhsin Yaz\u0131c\u0131o\u011flu olay\u0131 ile ilgili beni saat 07.00\u2019de arad\u0131lar. Sivil Havac\u0131l\u0131\u011fa organize su\u00e7lar polisleri gelip, arkada\u015flar\u0131m\u0131z\u0131 g\u00f6t\u00fcrd\u00fcler, hala tutuklular. Ayn\u0131 \u015fey Enerji Bakanl\u0131\u011f\u0131\u2019nda olmad\u0131 m\u0131? O zaman da biz iktidard\u0131k. Asl\u0131nda Ankara ve \u0130stanbul\u2019a g\u00f6re \u0130zmir\u2019de (belediyeleri kastediyor) soru\u015fturma daha az. Soru\u015fturmalar\u0131 sevk ve idare etmek bizim elimizde olsa b\u00f6yle bir zaman se\u00e7er miydik? Ama, \u2018k\u00f6t\u00fc oldu, iyi oldu\u2019 demek yarg\u0131ya m\u00fcdahaleye girer. Sabah yap\u0131lan bu g\u00f6zalt\u0131lar T\u00fcrkiye\u2019nin g\u00f6r\u00fcn\u00fcm\u00fcne yak\u0131\u015fm\u0131yor. Yarg\u0131sal bir faaliyeti \u00f6b\u00fcr t\u00fcrl\u00fc de yapars\u0131n. Organize ter\u00f6r su\u00e7u varsa o zaman zaten olur.&#8221;<\/span><\/p>\n<p style=\"text-align: justify;\"><span style=\"background-color: #ffffff;\">\u0130zmir\u2019in aday oldu\u011fu EXPO 2020 ile ilgili de konu\u015fan Bakan Y\u0131ld\u0131r\u0131m, &#8220;Bug\u00fcn ilk topa vuruyoruz. Ma\u00e7 ba\u015fl\u0131yor. \u00c7ok fazla \u00fczerine d\u00fc\u015fmek yerine \u00e7ok fazla abartmadan, oy verecek delegelerin beklentisini y\u00fckseltmeden, zamana dayal\u0131 bir \u00e7al\u0131\u015fma yapmal\u0131y\u0131z&#8221; dedi.<\/span><\/p>\n<p style=\"text-align: justify;\"><strong>\u0130ZM\u0130R BA\u015eSAVCISI&#8217;NDAN OPERASYON A\u00c7IKLAMASI\u00a0<\/strong><\/p>\n<p style=\"text-align: justify;\">\u0130zmir Cumhuriyet Ba\u015fsavc\u0131s\u0131 Durdu Kavak, \u0130zmir B\u00fcy\u00fck\u015fehir Belediyesine y\u00f6nelik operasyona ili\u015fkin, \u201cCumhuriyet Ba\u015fsavc\u0131l\u0131\u011f\u0131m\u0131z\u0131n su\u00e7 i\u015flendi\u011fi konusunda yeterli \u015f\u00fcphe olu\u015fturacak delillere ula\u015fmas\u0131 durumunda gere\u011fini yapmas\u0131, dolay\u0131s\u0131yla su\u00e7 i\u015flendi\u011fi iddialar\u0131n\u0131 ara\u015ft\u0131rmas\u0131 yasal g\u00f6revidir\u201d ifadelerini kulland\u0131.<\/p>\n<p style=\"text-align: justify;\">Kavak, yapt\u0131\u011f\u0131 yaz\u0131l\u0131 a\u00e7\u0131klamada, Cumhuriyet Ba\u015fsavc\u0131l\u0131\u011f\u0131nca y\u00fcr\u00fct\u00fclen soru\u015fturma kapsam\u0131nda \u0130zmir B\u00fcy\u00fck\u015fehir Belediyesi ve belediyeye ba\u011fl\u0131 \u015firketlerde \u00e7al\u0131\u015fan baz\u0131 g\u00f6revliler ve bu ki\u015filer ile irtibatl\u0131 \u00fc\u00e7\u00fcnc\u00fc ki\u015filerin i\u015fledi\u011fi iddia edilen 254 olay\u0131n soru\u015fturmaya konu edildi\u011fini belirtti.<\/p>\n<p style=\"text-align: justify;\">Ba\u015fsavc\u0131 Durdu Kavak, \u201c\u00e7\u0131kar ama\u00e7l\u0131 su\u00e7 \u00f6rg\u00fct\u00fc kurmak, kurulan \u00f6rg\u00fct\u00fcn faaliyeti kapsam\u0131nda, ihaleye fesat kar\u0131\u015ft\u0131rmak, edimin ifas\u0131na fesat kar\u0131\u015ft\u0131rmak, belgelerde sahtecilik suretiyle kurumu zarara u\u011fratmak, r\u00fc\u015fvet vermek, tehdit ve g\u00f6revi k\u00f6t\u00fcye kullanmak\u201d su\u00e7lar\u0131ndan 2 May\u0131s 2011 tarihinde yap\u0131lan operasyonla 36 \u015f\u00fcphelinin g\u00f6zalt\u0131na al\u0131nd\u0131\u011f\u0131n\u0131, tutuklanma talebiyle mahkemeye sevk edilen 20 ki\u015fiden 17 \u015f\u00fcphelinin tutukland\u0131\u011f\u0131n\u0131, bunlardan halen 13&#8217;\u00fcn\u00fcn tutuklu bulundu\u011funu kaydetti.<\/p>\n<p style=\"text-align: justify;\">Cumhuriyet Ba\u015fsavc\u0131l\u0131\u011f\u0131nca su\u00e7a konu ihale ve al\u0131mlara ait dosyalarla ilgili olarak, 65 bilirki\u015fi raporu ald\u0131r\u0131ld\u0131\u011f\u0131n\u0131 bildiren Kavak, a\u00e7\u0131klamas\u0131nda \u015fu ifadelere yer verdi:<\/p>\n<p style=\"text-align: justify;\">\u201c44 bilirki\u015fi raporunda, &#8216;ihaleye fesat kar\u0131\u015ft\u0131rma, edimin ifas\u0131na fesat kar\u0131\u015ft\u0131rma, g\u00f6revi k\u00f6t\u00fcye kullanma, zimmet, r\u00fc\u015fvet, belgede sahtecilik, g\u00fcveni k\u00f6t\u00fcye kullanmak&#8217; su\u00e7lar\u0131n\u0131n i\u015flendi\u011fi y\u00f6n\u00fcnde deliller elde edilmi\u015ftir.<\/p>\n<p style=\"text-align: justify;\">Al\u0131nan bilirki\u015fi raporlar\u0131 do\u011frultusunda, Cumhuriyet Ba\u015fsavc\u0131l\u0131\u011f\u0131m\u0131zca 22.11.2011 tarihinde saat 07.00&#8217;den itibaren, toplam 39 ki\u015fi yakalama ve g\u00f6zalt\u0131 karar\u0131 gere\u011fince g\u00f6zalt\u0131na al\u0131nm\u0131\u015f olup, daha \u00f6nce ifadesi al\u0131n\u0131p serbest b\u0131rak\u0131lan 5 ki\u015fi yeni deliller nedeniyle Cumhuriyet Ba\u015fsavc\u0131l\u0131\u011f\u0131m\u0131zda haz\u0131r bulundurularak, tekrar ifadeleri al\u0131n\u0131p, tutuklanmalar\u0131 talebiyle n\u00f6bet\u00e7i mahkeme \u00fcyeli\u011fine sevk edilmi\u015f, 3 ki\u015fi tutuklanm\u0131\u015ft\u0131r.<\/p>\n<p style=\"text-align: justify;\">22 Kas\u0131m 2011 tarihindeki operasyon, 02 May\u0131s 2011 tarihinde yap\u0131lan aramalarda el konulan ihale dosyalar\u0131 ile ilgili al\u0131nan bilirki\u015fi raporlar\u0131 ve di\u011fer deliller gere\u011fince ger\u00e7ekle\u015ftirilmi\u015ftir.<\/p>\n<p style=\"text-align: justify;\">Anayasam\u0131z\u0131n 138. ve devam maddelerine g\u00f6re yarg\u0131 ba\u011f\u0131ms\u0131zd\u0131r. Bu sebeple Cumhuriyet Ba\u015fsavc\u0131l\u0131\u011f\u0131m\u0131z\u0131n su\u00e7 i\u015flendi\u011fi konusunda yeterli \u015f\u00fcphe olu\u015fturacak delillere ula\u015fmas\u0131 durumunda gere\u011fini yapmas\u0131, dolay\u0131s\u0131yla su\u00e7 i\u015flendi\u011fi iddialar\u0131n\u0131 ara\u015ft\u0131rmas\u0131 yasal g\u00f6revidir. Bu ba\u011flamda s\u0131fat\u0131 ve g\u00f6revi kim olursa olsun, su\u00e7 i\u015flendi\u011fi y\u00f6n\u00fcnde bir iddia s\u00f6z konusu oldu\u011funda yarg\u0131 mercileri gere\u011fini yapmakla m\u00fckelleftir. \u201c<\/p>\n<p style=\"text-align: justify;\"><a href=\"http:\/\/haber.gazetevatan.com\/bir-yilda-kac-kisi-dinlendi\/412824\/9\/Siyaset\" target=\"_blank\">Kaynak : Vatan Gazetesi<\/a><\/p>\n","protected":false},"excerpt":{"rendered":"<p style=\"text-align: justify;\">\n<p style=\"text-align: justify;\">70 bin ki\u015fi dinlendi&#8230;<\/p>\n<p style=\"text-align: justify;\">Ula\u015ft\u0131rma Denizcilik ve Haberle\u015fme Bakan\u0131 Binali Y\u0131ld\u0131r\u0131m, Telekom\u00fcnikasyon \u0130leti\u015fim Ba\u015fkanl\u0131\u011f\u0131n\u0131n (T\u0130B) dinleme yetkisinin olmad\u0131\u011f\u0131n\u0131, g\u00f6revinin dinleme yapmak isteyen yetkili kurumlara izin vermek veya vermemek oldu\u011funu belirterek, bir y\u0131lda 5 binden fazla dinleme talebini reddetti\u011fini s\u00f6yledi. <\/p>\n","protected":false},"author":1,"featured_media":0,"comment_status":"open","ping_status":"open","sticky":false,"template":"","format":"standard","meta":{"footnotes":""},"categories":[105],"tags":[228,526],"class_list":["post-43251","post","type-post","status-publish","format-standard","hentry","category-gundem","tag-binali-yildirim","tag-durdu-kavak","odd"],"_links":{"self":[{"href":"http:\/\/www.korhanyilmaz.com\/index.php?rest_route=\/wp\/v2\/posts\/43251","targetHints":{"allow":["GET"]}}],"collection":[{"href":"http:\/\/www.korhanyilmaz.com\/index.php?rest_route=\/wp\/v2\/posts"}],"about":[{"href":"http:\/\/www.korhanyilmaz.com\/index.php?rest_route=\/wp\/v2\/types\/post"}],"author":[{"embeddable":true,"href":"http:\/\/www.korhanyilmaz.com\/index.php?rest_route=\/wp\/v2\/users\/1"}],"replies":[{"embeddable":true,"href":"http:\/\/www.korhanyilmaz.com\/index.php?rest_route=%2Fwp%2Fv2%2Fcomments&post=43251"}],"version-history":[{"count":0,"href":"http:\/\/www.korhanyilmaz.com\/index.php?rest_route=\/wp\/v2\/posts\/43251\/revisions"}],"wp:attachment":[{"href":"http:\/\/www.korhanyilmaz.com\/index.php?rest_route=%2Fwp%2Fv2%2Fmedia&parent=43251"}],"wp:term":[{"taxonomy":"category","embeddable":true,"href":"http:\/\/www.korhanyilmaz.com\/index.php?rest_route=%2Fwp%2Fv2%2Fcategories&post=43251"},{"taxonomy":"post_tag","embeddable":true,"href":"http:\/\/www.korhanyilmaz.com\/index.php?rest_route=%2Fwp%2Fv2%2Ftags&post=43251"}],"curies":[{"name":"wp","href":"https:\/\/api.w.org\/{rel}","templated":true}]}}