{"id":43247,"date":"2011-11-23T16:33:17","date_gmt":"2011-11-23T14:33:17","guid":{"rendered":"http:\/\/www.korhanyilmaz.com\/?p=43247"},"modified":"2011-11-23T22:51:47","modified_gmt":"2011-11-23T20:51:47","slug":"baskin-sonrasi-izmir-ayaklandi","status":"publish","type":"post","link":"http:\/\/www.korhanyilmaz.com\/?p=43247","title":{"rendered":"Bask\u0131n sonras\u0131 \u0130zmir ayakland\u0131!"},"content":{"rendered":"<p style=\"text-align: center;\"><a href=\"http:\/\/www.korhanyilmaz.com\/wp-content\/uploads\/2011\/11\/7328.jpg\"  class=\"lightview\"><img loading=\"lazy\" decoding=\"async\" class=\"aligncenter  wp-image-43248\" src=\"http:\/\/www.korhanyilmaz.com\/wp-content\/uploads\/2011\/11\/7328.jpg\" alt=\"\" width=\"420\" height=\"210\" \/><\/a><\/p>\n<p style=\"text-align: justify;\">\u0130ZM\u0130R\u2019de B\u00fcy\u00fck\u015fehir Belediyesi\u2019ne yap\u0131lan operasyonla ilgili olarak memur sendikas\u0131 T\u00fcm Bel- Sen ve i\u015f\u00e7i sendikas\u0131 Belediye-\u0130\u015f ortak eylemle tepki g\u00f6sterdi. Eylemde \u00e7al\u0131\u015fanlara seslenip, &#8220;Yap\u0131lan operasyonda, bilirki\u015fi raporlar\u0131, vergi incelemelerine bak\u0131ld\u0131\u011f\u0131nda incir \u00e7ekirde\u011fini dolduracak bir \u015fey yok&#8221; diyen \u0130zmir B\u00fcy\u00fck\u015fehir Belediye Ba\u015fkan\u0131 Aziz Kocao\u011flu, amac\u0131n belediyeyi, b\u00fcrokratlardan i\u015f\u00e7isine kadar \u00e7al\u0131\u015ft\u0131rmamak, kilitlemek oldu\u011funu s\u00f6yledi. Bu t\u00fcr toplant\u0131 ve eylemlerin faydas\u0131n\u0131n bulunmad\u0131\u011f\u0131n\u0131, ya\u015fananlara daha \u00e7ok \u00e7al\u0131\u015farak cevap vereceklerini dile getirdi.\u00a0<!--more--><\/p>\n<p style=\"text-align: justify;\">B\u00fcy\u00fck\u015fehir Belediyesi\u2019ne yap\u0131lan operasyonla ilgili memur sendikas\u0131 T\u00dcM BEL-SEN ve i\u015f\u00e7i sendikas\u0131 Belediye-\u0130\u015f ortak tepki eylemi yapt\u0131. Memur ve i\u015f\u00e7iler B\u00fcy\u00fck\u015fehir Belediyesi \u00f6n\u00fcnde \u00f6\u011fle paydosunda topland\u0131. CHP \u0130zmir milletvekilleri Alaattin Y\u00fcksel ve Mustafa Moro\u011flu\u2019nun da destek verdi\u011fi tepki eyleminde, \u2019Buras\u0131 \u0130zmir, Kayseri de\u011fil\u2019, \u2019G\u00f6zalt\u0131na hay\u0131r, tacize son\u2019, \u2019Ba\u015fbakan \u0130zmir\u2019de yanda\u015f arama\u2019, \u2019\u0130zmir uyuma ba\u015fkan\u0131na sahip \u00e7\u0131k\u2019, \u2019G\u00fcn gelecek devran d\u00f6necek AKP \u0130zmir\u2019e hesap verecek\u2019 sloganlar\u0131 at\u0131ld\u0131. Belediye-\u0130\u015f 4 No\u2019lu \u015eube Ba\u015fkan\u0131 Cemal K\u00fcpeli operasyonun siyasi oldu\u011funu s\u00f6yledi. \u0130\u015f\u00e7i toplu s\u00f6zle\u015fme g\u00f6r\u00fc\u015fmelerinde belediye ba\u015fkan\u0131 ve b\u00fcrokratlar\u0131n halk\u0131n ve kamunun paras\u0131n\u0131 nas\u0131l koruduklar\u0131n\u0131 \u00e7ok iyi bildiklerini belirten K\u00fcpeli, &#8220;2009 yerel se\u00e7imlerinde AKP aday\u0131 Taha Aksoy c\u00fczdan\u0131n\u0131 Aziz Kocao\u011flu\u2019na teslim edebilece\u011fini s\u00f6ylemi\u015fti. \u015eimdi ne oldu da bu operasyon yap\u0131ld\u0131. Bize g\u00f6re bir neden de B\u00fcy\u00fck\u015fehir Belediyesi\u2019nde ta\u015feronla\u015fmaya son verilmesidir&#8221; dedi.<\/p>\n<p style=\"text-align: justify;\"><strong>KOCAO\u011eLU: B\u0130ZE D\u00dc\u015eEN \u00c7ALI\u015eMAK\u00a0<\/strong><\/p>\n<p style=\"text-align: justify;\">CHP \u0130zmir Milletvekili Mustafa Moro\u011flu\u2019nun \u00e7a\u011fr\u0131s\u0131 \u00fczerine belediye binas\u0131n\u0131n \u00f6n\u00fcne gelen Ba\u015fkan Aziz Kocao\u011flu, sendikac\u0131lar\u0131n magafonundan toplanan i\u015f\u00e7i ve memurlara seslendi. Kocao\u011flu, s\u00fcreci yasal yoldan takip ettiklerini, al\u0131nlar\u0131n a\u00e7\u0131k oldu\u011funu ve yapt\u0131klar\u0131n\u0131 bildiklerini s\u00f6yledi. B\u00fcrokratlar\u0131n yapt\u0131klar\u0131n\u0131 da bildi\u011fini belirten Kocao\u011flu, kendilerine d\u00fc\u015fen g\u00f6revin \u00e7al\u0131\u015fmak oldu\u011funu, bu t\u00fcr toplant\u0131, eylemlerin faydas\u0131n\u0131n olmad\u0131\u011f\u0131n\u0131 s\u00f6yledi.<\/p>\n<p style=\"text-align: justify;\">Aziz Kocao\u011flu, &#8220;Yap\u0131lan operasyonda, bilirki\u015fi raporlar\u0131, vergi incelemelerine bak\u0131ld\u0131\u011f\u0131nda incir \u00e7ekirde\u011fini dolduracak bir \u015fey yok. Ama\u00e7 \u0130zmir B\u00fcy\u00fck\u015fehir Belediyesi\u2019ni b\u00fcrokratlardan i\u015f\u00e7ilere kadar \u00e7al\u0131\u015ft\u0131rmamak, kilitlemektir. Buna kar\u015f\u0131 tek g\u00fcc\u00fcm\u00fcz \u00e7al\u0131\u015fmakt\u0131r. \u0130zmirlilere lay\u0131k olmakt\u0131r. \u00c7al\u0131\u015farak yan\u0131t verece\u011fiz. \u0130zmirlilere lay\u0131k olarak yan\u0131t verece\u011fiz. Hepinize te\u015fekk\u00fcr ediyorum. Art\u0131k daha \u00e7ok \u00e7al\u0131\u015faca\u011f\u0131z&#8221; dedi.<\/p>\n<p style=\"text-align: justify;\"><strong>OPERASYON \u00dc\u00c7 KONUDA YO\u011eUNLA\u015eTI<\/strong><\/p>\n<p style=\"text-align: justify;\">\u00a0\u0130zmir B\u00fcy\u00fck\u015fehir Belediyesi\u2019ne y\u00f6nelik \u0130zmir Emniyeti Ka\u00e7ak\u00e7\u0131l\u0131k ve Organize Su\u00e7larla M\u00fccadele \u015eube M\u00fcd\u00fcrl\u00fc\u011f\u00fc Mali B\u00fcro Amirli\u011fi ekipleri taraf\u0131ndan ger\u00e7ekle\u015ftirilen operasyon kapsam\u0131nda g\u00f6zalt\u0131na al\u0131nanlardan 39 ki\u015finin sorgusu s\u00fcrerken, sorgulaman\u0131n, ESHOT\u2019un otob\u00fcs duraklar\u0131ndaki ilan, reklam afi\u015fleri, Grand Plaza Anonim \u015eirketi\u2019nin hizmetleri ve al\u0131mlar\u0131, amat\u00f6r spor kul\u00fcplerine y\u00f6nelik destekler ve i\u015fe al\u0131mlar \u00fczerinde yo\u011funla\u015ft\u0131\u011f\u0131 \u00f6\u011frenildi.<\/p>\n<p style=\"text-align: justify;\">Yak\u0131nlar\u0131 emniyet binas\u0131 d\u0131\u015f\u0131nda bekleyen zanl\u0131lara, bilirki\u015fi raporlar\u0131ndaki tespitlere g\u00f6re, ESHOT\u2019un otob\u00fcs duraklar\u0131ndaki ilan, reklam afi\u015fleri, Grand Plaza Anonim \u015eirketi\u2019nin hizmetleri ve al\u0131mlar\u0131, amat\u00f6r spor kul\u00fcplerine y\u00f6nelik desteklerle ilgili sorular soruldu\u011fu \u00f6\u011frenildi. \u00d6zellikle ESHOT\u2019un 750 duraktaki ilan ve reklam afi\u015fleriyle ilgili neden Euro baz\u0131nda ihaleye \u00e7\u0131k\u0131ld\u0131\u011f\u0131, amat\u00f6r spor kul\u00fcplerine y\u00f6nelik otob\u00fcs tahsisi, biletlerin sat\u0131\u015f\u0131, belediye \u015firketi Grand Plaza\u2019n\u0131n hizmet al\u0131mlar\u0131 ve se\u00e7im d\u00f6nemlerinde da\u011f\u0131t\u0131lan kumanyalarla ilgili konularda zanl\u0131lar\u0131n ifadelerinin al\u0131nd\u0131\u011f\u0131 kaydedildi.<\/p>\n<p style=\"text-align: justify;\"><strong>SEND\u0130KACILARA \u0130\u015eE ALIM SORULARI\u00a0<\/strong><\/p>\n<p style=\"text-align: justify;\">Operasyon kapsam\u0131nda g\u00f6zalt\u0131na al\u0131nan sendika y\u00f6neticilerine de belediyenin personel ihalesiyle ilgili sorular y\u00f6netildi\u011fi \u00f6\u011frenildi. Sendika temsilcilerinin personel ihalesine giren \u00f6zel \u015firket yetkililerini tehdit etti\u011fi, ihalelerin belediye \u015firketlerine kalmas\u0131 i\u00e7in \u00e7aba sarfettikleri iddialar\u0131yla ilgili sorular soruldu\u011fu bildirildi.<\/p>\n<p style=\"text-align: justify;\">Ayr\u0131ca, AK Parti Bayrakl\u0131 \u0130l\u00e7e Y\u00f6netim Kurulu \u00fcyesi, kuyumcu \u00c7a\u011flar Haspolat\u2019a ise, sporculara hediye edilen alt\u0131nlarla ilgili ihale yap\u0131l\u0131p yap\u0131lmad\u0131\u011f\u0131n\u0131n soruldu\u011fu kaydedildi.<\/p>\n<p style=\"text-align: justify;\"><strong>B\u0130L\u0130RK\u0130\u015e\u0130 RAPORLARINDA KUMANYA\u00a0<\/strong><\/p>\n<p style=\"text-align: justify;\">Operasyon kapsam\u0131nda, Grand Plaza Anonim \u015eirketi\u2019nce haz\u0131rlanan kumanyalar\u0131n, 23 Nisan \u00c7ocuk Bayram\u0131\u2019nda \u00e7ocuklara da\u011f\u0131t\u0131lm\u0131\u015f gibi g\u00f6sterildi\u011fi, ancak Ba\u015fkan Aziz Kocao\u011flu\u2019nun se\u00e7im b\u00fcrolar\u0131na g\u00f6t\u00fcr\u00fcld\u00fc\u011f\u00fc ileri s\u00fcr\u00fcld\u00fc. Bilirki\u015fi raporlar\u0131nda, bu y\u00f6nde faturalarda oynamalar yap\u0131larak, 26 bin sandvi\u00e7, 10 bin meyve suyu ve 4 bin suyun se\u00e7im b\u00fcrolar\u0131nda da\u011f\u0131t\u0131ld\u0131\u011f\u0131 da yer ald\u0131. \u0130zmir B\u00fcy\u00fck\u015fehir Belediyesi\u2019nin, \u00f6zel ve resmi g\u00fcnlerde d\u00fczenledi\u011fi \u015eevval Sam ve Sezen Aksu gibi sanat\u00e7\u0131lar\u0131n konserlerinin ger\u00e7ekle\u015ftirilmesinde de usuls\u00fczl\u00fckler ilgili san\u0131klara sorular y\u00f6neltildi\u011fi \u00f6\u011frenildi.<\/p>\n<p style=\"text-align: justify;\">Kar\u015f\u0131yaka Belediye Ba\u015fkan\u0131 Cevat Durak da, \u00f6\u011flen saatlerinde, Kar\u015f\u0131yaka Spor Kul\u00fcb\u00fc Ba\u015fkan\u0131 H\u00fcseyin \u00c7al\u0131\u015fkan\u2019\u0131n e\u015fiyle birlikte Emniyete gelip ya\u015fananlar hakk\u0131nda bilgi ald\u0131. Sorgular\u0131na devam edilen zanl\u0131lardan bir k\u0131sm\u0131n\u0131n yar\u0131n, di\u011ferlerinin de cuma g\u00fcn\u00fc adliyeye sevkedilecekleri bildirildi.<\/p>\n<p style=\"text-align: justify;\"><strong>CHP\u2019li il\u00e7e belediye ba\u015fkanlar\u0131ndan destek\u00a0<\/strong><\/p>\n<p style=\"text-align: justify;\">\u0130ZM\u0130R B\u00fcy\u00fck\u015fehir Belediyesi\u2019ne d\u00fczenlenen operasyona CHP\u2019li il\u00e7e belediye ba\u015fkanlar\u0131 da zamanlama, operasyonun ka\u00e7ak\u00e7\u0131l\u0131k ve organize su\u00e7lar kapsam\u0131nda de\u011ferlendirilmesi, EXPO\u2019ya zarar verece\u011fi gibi konulara dikkat \u00e7ekerek tepki g\u00f6sterdi. \u0130l\u00e7e belediye ba\u015fkanlar\u0131 operasyon sonras\u0131 EXPO 2020 sunumuna kat\u0131lmadan Paris\u2019ten acilen d\u00f6nen B\u00fcy\u00fck\u015fehir Belediye Ba\u015fkan\u0131 Aziz Kocao\u011flu\u2019nu havaliman\u0131nda kar\u015f\u0131layarak ilk desteklerini verdi. Kocao\u011flu\u2019nu yaln\u0131z b\u0131rakmayan il\u00e7e belediye ba\u015fkanlar\u0131, operasyona da tepkilerini farkl\u0131 s\u00f6zlerle g\u00f6sterdi.<\/p>\n<p style=\"text-align: justify;\"><strong>&#8220;B\u00dcY\u00dcK\u015eEH\u0130R BELED\u0130YES\u0130 \u00c7ETE DE\u011e\u0130L, MAFYA DE\u011e\u0130L&#8221;\u00a0<\/strong><\/p>\n<p style=\"text-align: justify;\">Seferihisar Belediye Ba\u015fkan\u0131 Tun\u00e7 Soyer, &#8220;\u0130zmir B\u00fcy\u00fck\u015fehir Belediyesi \u00e7ete de\u011fil, mafya de\u011fil. Ben ka\u00e7ak\u00e7\u0131l\u0131k ve organize su\u00e7lar subesiyle nas\u0131l bir irtibat kuruldu\u011funa anlam veremiyorum. B\u00fcy\u00fck\u015fehir Belediyesi 22 bin \u00e7al\u0131\u015fan\u0131yla koskoca bir belediyedir. Bir ki\u015finin bile tutuklanmas\u0131na gerek olmadan soru\u015fturman\u0131n devam etmesi m\u00fcmk\u00fcnken ka\u00e7ak\u00e7\u0131l\u0131k ve organize su\u00e7lar m\u00fcdahale ediyor. Benim bildi\u011fim Ka\u00e7ak\u00e7\u0131l\u0131k ve Organize Su\u00e7larl\u00fc M\u00fccadele \u015eubesi, Emniyet M\u00fcd\u00fcrl\u00fc\u011f\u00fc i\u00e7inde, mafya \u00f6rg\u00fctleri, \u00e7eteler i\u00e7in kurulmu\u015f bir departmand\u0131r. Belediye ne \u00e7ete ne de mafya olmad\u0131\u011f\u0131 i\u00e7in bu operasyonu yad\u0131rg\u0131yorum&#8221; dedi.<\/p>\n<p style=\"text-align: justify;\"><strong>DURAK: \u0130FADEYE \u00c7A\u011eIRSALAR HEPS\u0130 GEL\u0130RD\u0130\u00a0<\/strong><\/p>\n<p style=\"text-align: justify;\">Kar\u015f\u0131yaka Belediye Ba\u015fkan\u0131 Cevat Durak operasyon ve Kar\u015f\u0131yaka Belediye Ba\u015fkan Yard\u0131mc\u0131s\u0131 ve KSK Ba\u015fkan\u0131 yak\u0131n arkada\u015f\u0131 H\u00fcseyin \u00c7al\u0131\u015fkan&#8221;\u0131n g\u00f6zalt\u0131na al\u0131nmas\u0131yla ilgili olarak konu\u015ftu. Durak, &#8220;Adalete g\u00fcveniyoruz. Aziz ba\u015fkan gerekeni s\u00f6yledi. Ne oldu\u011fu ortada! Biz \u00e7al\u0131\u015fmak istiyoruz. Halk i\u015f bekliyor. S\u0131k\u0131nt\u0131l\u0131 bir s\u00fcre\u00e7 ya\u015f\u0131yoruz. \u0130n\u015fallah biter. G\u00f6zalt\u0131na al\u0131nan H\u00fcseyin \u00c7al\u0131\u015fkan en ufak hilesi hurdas\u0131 olmayan birisidir. Di\u011fer arkada\u015flar da \u00f6yle. Levent \u0130\u015fler\u2019i, Erhan Bey\u2019i tan\u0131yorum. P\u0131r\u0131l p\u0131r\u0131l arkada\u015flar. Eksik i\u015flem yapm\u0131\u015f olabilirler. D\u00fcr\u00fcst olduklar\u0131n\u0131 biliyorum. Bu beni \u00fcz\u00fcyor. Bilerek yapm\u0131\u015f olduklar\u0131 bir \u015fey oldu\u011funu sanm\u0131yorum. Tabii ki soru\u015fturma olabilir, ifadeleri al\u0131nabilir. Ancak, ifadeye \u00e7a\u011fr\u0131lsalar hepsi gelirdi. Ancak farkl\u0131 noktalara getirildi. Bu durum herkesi geriyor. \u0130ktidar olman\u0131n b\u00f6yle bir yolu olmamal\u0131&#8221; diye konu\u015ftu.<\/p>\n<p style=\"text-align: justify;\"><strong>BATUR: EXPO\u2019YA ZARAR VEREB\u0130L\u0130R\u00a0<\/strong><\/p>\n<p style=\"text-align: justify;\">Narl\u0131dere Belediye Ba\u015fkan\u0131 Abd\u00fcl Batur ise Ba\u015fkan Aziz Kocao\u011flu\u2019nun 2020 EXPO\u2019su i\u00e7in \u00f6nemli bir toplant\u0131yla ilgili Paris\u2019te bulundu\u011fu s\u0131rada operasyonun olmas\u0131n\u0131n EXPO \u015fans\u0131na zarar verdi\u011fini s\u00f6yledi. Batur, &#8220;Hukuk s\u00fcreci i\u015fliyor. Herkesin sayg\u0131l\u0131 olmas\u0131 laz\u0131m. Ba\u015fkan yurtd\u0131\u015f\u0131ndayken b\u00f6yle bir operasyonun olmas\u0131 EXPO\u2019ya zarar verdi. Neticesini ya\u015fay\u0131p g\u00f6rece\u011fiz. Uzun s\u00fcreleri tutukluluk halleri ve iddianamelerin ge\u00e7 haz\u0131rlanmas\u0131 konusu T\u00fcrkiye genelini ilgilendiren bir s\u0131k\u0131nt\u0131d\u0131r. Kanuni d\u00fczenleme ihtiyac\u0131n\u0131 \u00fclkeye y\u00f6netenler de fark\u0131nda. Bu konuda d\u00fczenleme yapmay\u0131 d\u00fc\u015f\u00fcn\u00fcyorlar. Umar\u0131m bu k\u0131sada olur de ma\u011fduriyetler ortadan kalkar&#8221; dedi.<\/p>\n<p style=\"text-align: justify;\"><strong>\u00c7ALKAYA: &#8220;\u0130ZM\u0130R HALKINA HESAP VER\u0130L\u0130R&#8221;\u00a0<\/strong><\/p>\n<p style=\"text-align: justify;\">Bal\u00e7ova Belediye Ba\u015fkan\u0131 Mehmet Ali \u00c7alkaya da \u015funlar\u0131 s\u00f6yledi:<\/p>\n<p style=\"text-align: justify;\">&#8220;Biz g\u00f6reve geldi\u011fimiz g\u00fcnden bu yana sadece ve sadece \u0130zmir halk\u0131na hizmet etmek i\u00e7in \u00e7al\u0131\u015f\u0131yoruz. Sadece B\u00fcy\u00fck\u015fehir Belediyemiz iki ayd\u0131r her cumartesi b\u00fcy\u00fck bir yat\u0131r\u0131m\u0131n ya temelini at\u0131yor ya da a\u00e7\u0131l\u0131\u015f\u0131n\u0131 yap\u0131yor. \u0130zmir\u2019deki t\u00fcm il\u00e7e belediyeleri de ayn\u0131 \u015fevkle \u00e7al\u0131\u015f\u0131yor. Biz d\u00fcn ya\u015fad\u0131\u011f\u0131m\u0131z ve bundan sonra ya\u015fayaca\u011f\u0131m\u0131z engellemelere ve y\u0131ld\u0131rmalara boyun e\u011fmeden hizmet etmeye devam edece\u011fiz. Hesap verilecek bir merci varsa O\u2019da \u0130zmir halk\u0131d\u0131r.&#8221;<\/p>\n<p style=\"text-align: justify;\"><strong>TATI: &#8220;BASKILAR HAD SAFHAYA ULA\u015eTI&#8221;\u00a0<\/strong><\/p>\n<p style=\"text-align: justify;\">Buca Belediye Ba\u015fkan\u0131 Ercan Tat\u0131 da, &#8220;Bizler bu g\u00f6revlere hizmet etmek i\u00e7in geldik. Ben nas\u0131l \u2018\u0130\u015fim Buca G\u00fcc\u00fcm Buca\u2019 diyerek geldiysem, B\u00fcy\u00fck\u015fehir Belediye Ba\u015fkan\u0131m\u0131z da \u2018\u0130\u015fim \u0130zmir G\u00fcc\u00fcm \u0130zmir\u2019 diyerek bu g\u00f6reve geldi. Ama bask\u0131lar had safhaya ula\u015ft\u0131. E\u011fer bir su\u00e7umuz varsa d\u00fczg\u00fcn bir \u015fekilde gelinir ve biz cezam\u0131za raz\u0131 oluruz. Ben hi\u00e7bir belediye ba\u015fkan\u0131 arkada\u015f\u0131m\u0131n bilerek bir su\u00e7 i\u015fledi\u011fine inanm\u0131yorum. Polemik yapmak istemiyorum ama durum ortada. May\u0131s\u2019ta bir operasyon oluyor aradan bir s\u00fcre ge\u00e7iyor bir daha operasyon oluyor. Bug\u00fcn B\u00fcy\u00fck\u015fehir Belediyesi neredeyse \u00e7al\u0131\u015fmaz bir hale geldi. Benim i\u00e7in de ayn\u0131 durum s\u00f6z konusu. Benim il\u00e7em \u00e7ok sorunlu bir il\u00e7eydi. B\u00fcy\u00fck bir operasyon yap\u0131lm\u0131\u015f bir il\u00e7eydi. Ben geldi\u011fimde insanlar\u0131 ihale komisyonuna yazmaya korkuyordum. Ama \u015fu anda her \u015feyi ray\u0131na oturttum. Bir ihale yap\u0131yorum 4 tane kamera ile izletiyorum. Fakat \u015fu ya\u015fananlardan sonra \u015fimdi bir ihale yapsam memurlar m\u00fcd\u00fcrler \u2018\u0130haleye girmeyece\u011fim\u2019 dese ben ne diyece\u011fim. Bu kadar bask\u0131 alt\u0131nda nas\u0131l \u00e7al\u0131\u015faca\u011f\u0131z bilmiyorum&#8221; diye konu\u015ftu.<\/p>\n<p style=\"text-align: justify;\"><strong>AK Parti\u2019lilerden de\u011ferlendirme\u00a0<\/strong><\/p>\n<p style=\"text-align: justify;\">\u0130ZM\u0130R B\u00fcy\u00fck\u015fehir Belediyesi\u2019ne y\u00f6nelik operasyonun ard\u0131ndan CHP\u2019nin hedef ald\u0131\u011f\u0131 Ak Parti\u2019nin \u0130l Ba\u015fkan\u0131 \u00d6mer Cihat Akay, &#8220;Yarg\u0131y\u0131 siyasetle beraber d\u00fc\u015f\u00fcnmesinler. Yarg\u0131n\u0131n i\u015fine kimse kar\u0131\u015fm\u0131yor&#8221; dedi. Ak Parti \u0130zmir \u0130l Ba\u015fkan\u0131 \u00d6mer Cihat Akay, \u0130zmir B\u00fcy\u00fck\u015fehir Belediyesi\u2019ne y\u00f6nelik operasyonu \u015fu s\u00f6zlerle de\u011ferlendirdi:<\/p>\n<p style=\"text-align: justify;\">&#8220;Hesap veremeyecekleri bir \u015fey yoksa beklesinler. \u00d6nceden yorum yapmas\u0131nlar. G\u00f6zalt\u0131na al\u0131nanlar mutlaka su\u00e7ludur ya da de\u011fildir diyemezsiniz. Yarg\u0131lamay\u0131 siz yapamazs\u0131n\u0131z. Yarg\u0131ya intikal eden konularla ilgili yorum yapm\u0131yorum. Bekleyelim g\u00f6relim. T\u00fcrkiye\u2019de belli erkler vard\u0131r. Yarg\u0131y\u0131 siyasetle beraber d\u00fc\u015f\u00fcnmesinler. Yarg\u0131n\u0131n i\u015fine kimse kar\u0131\u015fm\u0131yor.&#8221;<\/p>\n<p style=\"text-align: justify;\"><strong>AYDIN \u015eENG\u00dcL: &#8220;SU\u00c7LARINI G\u00d6LGELEME GAYRET\u0130 \u0130\u00c7\u0130NDELER&#8221;\u00a0<\/strong><\/p>\n<p style=\"text-align: justify;\">AK Parti \u0130zmir Milletvekili Ayd\u0131n \u015eeng\u00fcl, &#8220;CHP ge\u00e7mi\u015fte, \u2018yarg\u0131ya g\u00fcvenelim\u2019 diyordu. \u015eimdi ne oldu? \u0130zmir B\u00fcy\u00fck\u015fehir Belediye Ba\u015fkan\u0131 Aziz Kocao\u011flu\u2019nun bir s\u0131k\u0131nt\u0131s\u0131 m\u0131 var da bunu siyasi boyuta ta\u015f\u0131yor. Yar\u0131n yarg\u0131 sonucunda ciddi bir su\u00e7 ortaya \u00e7\u0131karsa Kocao\u011flu bunun hesab\u0131n\u0131 nas\u0131l verecek? CHP\u2019nin zihniyetinde muhalefet, yarg\u0131dan muhaf. Hukuksuzluk yapsalar da onlara kimse dokunamaz diye d\u00fc\u015f\u00fcnceleri var. Bu d\u00fc\u015f\u00fcnce genlerinde var. \u00dclke normalle\u015fiyor. Daha \u00f6nce \u00fclke anormaldi. Parti ayr\u0131m\u0131 yapmaks\u0131z\u0131n ortada bir yanl\u0131\u015f varsa herkes hesab\u0131n\u0131 verecek. Bunlar art\u0131k al\u0131\u015fkanl\u0131k haline getirdi. Dikkati siyasi arenaya \u00e7ekmeye \u00e7al\u0131\u015f\u0131yor. Su\u00e7lar\u0131n\u0131 g\u00f6lgeleme gayreti i\u00e7indeler. Yarg\u0131lama sonucu su\u00e7lu varsa cezas\u0131n\u0131 \u00e7ekecek. Su\u00e7u yoksa serbest b\u0131rak\u0131lacak. B\u00f6yle operasyonlar\u0131n zaman\u0131 olmaz. Bu s\u00fcre\u00e7 yarg\u0131n\u0131n g\u00fcd\u00fcm\u00fcndedir. Yarg\u0131 emniyete talimat verir, o da gere\u011fini yapar. Bunun EXPO ile ilgisi yok&#8221; dedi.<\/p>\n<p style=\"text-align: justify;\"><strong>&#8220;YARGIYI RAHAT BIRAKMAK LAZIM&#8221;\u00a0<\/strong><\/p>\n<p style=\"text-align: justify;\">AK Parti \u0130zmir Milletvekili Hamza Da\u011f da, CHP\u2019lilerin topu taca atmaya \u00e7al\u0131\u015ft\u0131\u011f\u0131n\u0131 \u00f6ne s\u00fcrerek, &#8220;E\u011fer bir s\u0131k\u0131nt\u0131 varsa bunun \u00fczerine gitmek gerekir. Se\u00e7imden \u00f6nce yap\u0131lan operasyonda CHP \u0130l Ba\u015fkan\u0131, \u2018dokuzuncu s\u0131radaki milletvekili aday\u0131 arkada\u015flar\u0131m\u0131 aray\u0131p tebrik ettim\u2019 diye a\u00e7\u0131klama yapm\u0131\u015ft\u0131. Operasyonu siyasi bir ranta \u00e7evirmeye \u00e7al\u0131\u015fm\u0131\u015ft\u0131. Yarg\u0131y\u0131 rahat b\u0131rakmak gerekir. \u00dclkemiz bir hukuk devletidir. Yarg\u0131 tarihinde olmad\u0131\u011f\u0131 kadar ba\u011f\u0131ms\u0131z. CHP\u2019liler yine ucuz siyaset yap\u0131yor&#8221; diye konu\u015ftu.<\/p>\n<p style=\"text-align: justify;\"><strong>CHP \u0130L BA\u015eKANI BAYIR: \u0130ZM\u0130RL\u0130 VATANDA\u015eA H\u0130ZMETE BAKAR<\/strong><\/p>\n<p style=\"text-align: justify;\">\u0130zmir B\u00fcy\u00fck\u015fehir Belediyesi\u2019ne y\u00f6nelik operasyon, CHP ile Ak Parti\u2019yi kar\u015f\u0131 kar\u015f\u0131 getirdi. CHP \u0130zmir \u0130l Ba\u015fkan\u0131 Tacettin Bay\u0131r, partisinin \u0130l Ba\u015fkanl\u0131\u011f\u0131\u2019nda d\u00fczenledi\u011fi bas\u0131n toplant\u0131s\u0131nda Ak Parti\u2019ye \u015fu s\u00f6zlerle y\u00fcklendi:<\/p>\n<p style=\"text-align: justify;\">&#8220;\u00d6nce aleyhlerinde yazanlar\u0131 \u2018\u00e7ete\u2019 diyerek toplad\u0131lar, sonra ter\u00f6rle m\u00fccadele eden y\u00fcksek r\u00fctbeli subaylar\u0131m\u0131z\u0131 ald\u0131lar. Hakimlere, savc\u0131lara talimatlar ya\u011fd\u0131rd\u0131lar. Bir g\u00fcnl\u00fck hakimleri tayin ettirip, kendileri gibi d\u00fc\u015f\u00fcnmeyenleri ya topluyor ya da sindiriyorlar. Anlamad\u0131lar anlamayacaklar. CHP ve \u0130zmirliler bask\u0131ya, tehdide, iftiraya hukuk d\u0131\u015f\u0131 eylemlere ne \u015fehrini ne de onurunu teslim eder. Kafalar\u0131 basmad\u0131, basmayacak da. \u0130zmirli yanda\u015fa hizmete de\u011fil, vatanda\u015fa hizmete bakar. Art niyetle, ayak oyunlar\u0131yla, devletin t\u00fcm imkanlar\u0131yla, bir h\u00fccre evine bask\u0131n yapar gibi, insanlar\u0131 evlerinden, e\u015finin ve \u00e7ocuklar\u0131n\u0131n g\u00f6z\u00fc \u00f6n\u00fcnde g\u00f6zalt\u0131na alarak, yarat\u0131lmak istenen korku imparatorlu\u011fuyla ne bizleri ne de i\u015fini yapan d\u00fcr\u00fcst ve namuslu \u00e7al\u0131\u015fanlar\u0131 sindirebilirler.&#8221;<\/p>\n<p style=\"text-align: justify;\"><strong>\u015eA\u0130BE YARATMAYA \u00c7ALI\u015eIYORLAR\u00a0<\/strong><\/p>\n<p style=\"text-align: justify;\">Bay\u0131r, Ak Parti\u2019nin \u0130zmir\u2019de kendisine destek vermeyen halka ra\u011fmen \u2019fa\u015fizan y\u00f6ntemler\u2019 ile bask\u0131 yapt\u0131\u011f\u0131 \u00f6ne s\u00fcrd\u00fc. Bay\u0131r, Ak Parti\u2019nin bu operasyonlarda CHP\u2019li belediyede \u015faibe imas\u0131 yaratmaya \u00e7al\u0131\u015ft\u0131\u011f\u0131n\u0131 ileri s\u00fcrerek, \u015f\u00f6yle konu\u015ftu:<\/p>\n<p style=\"text-align: justify;\">&#8220;\u0130zmir\u2019de CHP iktidar\u0131m\u0131z\u0131 \u00f6n\u00fcm\u00fczdeki se\u00e7imlere kadar sanki belediyelerde bir \u015faibe varm\u0131\u015f mant\u0131\u011f\u0131yla alg\u0131 yaratmaya \u00e7al\u0131\u015f\u0131yorlar. \u00d6n\u00fcm\u00fczdeki s\u00fcre\u00e7te bunlara devam edeceklerini d\u00fc\u015f\u00fcn\u00fcyorum. \u0130zmirli bilin\u00e7lidir, sorgular. Bu bir sindirme politikas\u0131d\u0131r.&#8221;<\/p>\n<p style=\"text-align: justify;\"><strong>\u0130ZM\u0130R\u2019\u0130N EXPO\u2019YU ALMASI \u0130STENM\u0130YOR\u00a0<\/strong><\/p>\n<p style=\"text-align: justify;\">H\u00fck\u00fcmetin \u0130zmir\u2019in EXPO\u2019yu almas\u0131n\u0131 istemedi\u011fini, \u0130stanbul olimpiyatlar\u0131n\u0131 \u00f6ne \u00e7\u0131kard\u0131\u011f\u0131n\u0131 \u00f6ne s\u00fcren Bay\u0131r, &#8220;EXPO \u00e7ok ilgin\u00e7 bir tesad\u00fcf. \u0130lk operasyon EXPO arifesindeydi. \u0130nsan\u0131n akl\u0131na \u015fu geliyor: Bu H\u00fck\u00fcmet acaba EXPO\u2019yu ger\u00e7ekten istiyor mu? Yoksa istemedi\u011fi i\u00e7in mi tam EXPO arifesinde d\u00fc\u011fmeye basarak bu bask\u0131nlar d\u00fczenleniyor. Ama\u00e7lar\u0131 ne olabilir ? Ama\u00e7 \u0130stanbul olimpiyatlar\u0131n\u0131 \u00f6ne alarak \u0130stanbul\u2019un bu olimpiyatlar\u0131 kazanmas\u0131, \u2018\u0130zmir zaten bize oy vermiyor can\u0131m niye EXPO\u2019yu als\u0131n ki\u2019 diye bir anlay\u0131\u015f var&#8221; dedi.<\/p>\n<p style=\"text-align: justify;\"><strong>BA\u015eSAVCIDAN YAZILI A\u00c7IKLAMA\u00a0<\/strong><\/p>\n<p style=\"text-align: justify;\">\u0130zmir Cumhuriyet Ba\u015fsavc\u0131s\u0131 Durdu Kavak, \u00f6zellikle yap\u0131l\u0131\u015f \u015fekli ve zamanlamas\u0131 nedeniyle tepki g\u00f6sterilen, \u0130zmir B\u00fcy\u00fck\u015fehir Belediyesi\u2019ne y\u00f6nelik operasyonla ilgili olarak yaz\u0131l\u0131 bir a\u00e7\u0131klama yapt\u0131. Kavak, \u0130zmir Cumhuriyet Ba\u015fsavc\u0131l\u0131\u011f\u0131\u2019nca yap\u0131lan soru\u015fturma kapsam\u0131nda, \u0130zmir B\u00fcy\u00fck\u015fehir Belediyesi ve ba\u011fl\u0131 \u015firketlerde \u00e7al\u0131\u015fanlar ile ba\u011flant\u0131l\u0131 \u00fc\u00e7\u00fcnc\u00fc ki\u015filerin i\u015fledi\u011fi iddia edilen 254 edimle ilgili \u2019\u00e7\u0131kar ama\u00e7l\u0131 su\u00e7 \u00f6rg\u00fct\u00fc kurmak, kurulan \u00f6rg\u00fct\u00fcn faaliyeti kapsam\u0131nda ihaleye fesat kar\u0131\u015ft\u0131rmak, edimin ifas\u0131na fesat kar\u0131\u015ft\u0131rmak, belgelerde sahtecilik suretiyle kurumu zarara u\u011fratmak, r\u00fc\u015fvet vermek, tehdit ve g\u00f6revi k\u00f6t\u00fcye kullanmak\u2019 su\u00e7lar\u0131ndan ge\u00e7en 2 May\u0131s\u2019ta yap\u0131lan operasyonda 36 ki\u015finin g\u00f6zalt\u0131na al\u0131nd\u0131\u011f\u0131n\u0131, 17 ki\u015finin tutukland\u0131\u011f\u0131n\u0131, bunlardan 4\u2019\u00fcn\u00fcn tahliye edildi\u011fini, 13\u2019\u00fcn\u00fcn ise tutuklulu\u011funun devam etti\u011fini belirtti.<\/p>\n<p style=\"text-align: justify;\">Su\u00e7a konu ihale ve al\u0131mlara ili\u015fkin dosyalarla ilgili 65 bilirki\u015fi raporu haz\u0131rland\u0131\u011f\u0131n\u0131, 44\u2019\u00fcnde \u2019\u0130haleye fesat kar\u0131\u015ft\u0131rma, edimin ifas\u0131na fesat kar\u0131\u015ft\u0131rma, g\u00f6revi k\u00f6t\u00fcye kullanma, zimmet, r\u00fc\u015fvet, belgelerde sahtecilik, g\u00fcveni k\u00f6t\u00fcye kullanma\u2019 su\u00e7lar\u0131n\u0131n i\u015flendi\u011fi y\u00f6n\u00fcnde deliller elde edildi\u011fini vurgulad\u0131. Ba\u015fsavc\u0131 Durdu Kavak, a\u00e7\u0131klamas\u0131nda \u015f\u00f6yle dedi:<\/p>\n<p style=\"text-align: justify;\">&#8220;Al\u0131nan bilirki\u015fi raporlar\u0131 do\u011frultusunda Cumhuriyet Ba\u015fsavc\u0131l\u0131\u011f\u0131m\u0131zca 22 Kas\u0131m 2011 g\u00fcn\u00fc saat 07.00\u2019ten itibaren toplam 39 ki\u015fi yakalama ve g\u00f6zalt\u0131 karar\u0131 gere\u011fince g\u00f6zalt\u0131na al\u0131nm\u0131\u015f olup, daha \u00f6nce ifadesi al\u0131n\u0131p serbest b\u0131rak\u0131lan 5 ki\u015fi yeni deliller nedeniyle Cumhuriyet Ba\u015fsavc\u0131l\u0131\u011f\u0131m\u0131zda haz\u0131r bulundurularak tekrar ifadeleri al\u0131n\u0131p, tutuklama talebi ile n\u00f6bet\u00e7i mahkeme \u00fcyeli\u011fine sevkedilmi\u015f, 3 ki\u015fi tutuklanm\u0131\u015ft\u0131r. 22 Kas\u0131m 2011 tarihinde yap\u0131lan operasyon, 2 May\u0131s 2011 tarihinde yap\u0131lan aramalarda el konulan ihale dosyalar\u0131 ile ilgili al\u0131nan bilirki\u015fi raporlar\u0131 ve di\u011fer deliller gere\u011fince ger\u00e7ekle\u015fmi\u015ftir. T\u00fcrkiye Cumhuriyeti Anayasas\u0131\u2019n\u0131n 138\u2019inci ve devam maddelerine g\u00f6re yarg\u0131 ba\u011f\u0131ms\u0131zd\u0131r. Bu sebeple Cumhuriyet Ba\u015fsavc\u0131l\u0131\u011f\u0131m\u0131z\u0131n su\u00e7 i\u015flendi\u011fi konusunda yeterli \u015f\u00fcphe olu\u015fturacak delillere ula\u015fmas\u0131 durumunda gere\u011fini yapmas\u0131, dolay\u0131s\u0131yla su\u00e7 i\u015flendi\u011fi iddialar\u0131n\u0131n ara\u015ft\u0131r\u0131lmas\u0131 yasal g\u00f6revidir. Bu ba\u011flamda s\u0131fat\u0131 ve g\u00f6revi kim olursa olsun, su\u00e7 i\u015flendi\u011fi y\u00f6n\u00fcnde bir iddia s\u00f6zkonusu oldu\u011funda yarg\u0131 mercileri gere\u011fini yapmakla m\u00fckelleftir. T\u00fcm bu hususlar kamuoyuna sayg\u0131 ile duyurulur.&#8221;<\/p>\n<p style=\"text-align: justify;\"><a href=\"http:\/\/haber.gazetevatan.com\/baskin-sonrasi-izmir-ayaklandi\/412868\/1\/Gundem\" target=\"_blank\">Kaynak : Vatan Gazetesi<\/a><\/p>\n","protected":false},"excerpt":{"rendered":"<p style=\"text-align: center;\">\n<p style=\"text-align: justify;\">\u0130ZM\u0130R\u2019de B\u00fcy\u00fck\u015fehir Belediyesi\u2019ne yap\u0131lan operasyonla ilgili olarak memur sendikas\u0131 T\u00fcm Bel- Sen ve i\u015f\u00e7i sendikas\u0131 Belediye-\u0130\u015f ortak eylemle tepki g\u00f6sterdi. Eylemde \u00e7al\u0131\u015fanlara seslenip, &#8220;Yap\u0131lan operasyonda, bilirki\u015fi raporlar\u0131, vergi incelemelerine bak\u0131ld\u0131\u011f\u0131nda incir \u00e7ekirde\u011fini dolduracak bir \u015fey yok&#8221; diyen \u0130zmir B\u00fcy\u00fck\u015fehir Belediye Ba\u015fkan\u0131 Aziz Kocao\u011flu, amac\u0131n belediyeyi, b\u00fcrokratlardan i\u015f\u00e7isine kadar \u00e7al\u0131\u015ft\u0131rmamak, kilitlemek <\/p>\n","protected":false},"author":1,"featured_media":0,"comment_status":"open","ping_status":"open","sticky":false,"template":"","format":"standard","meta":{"footnotes":""},"categories":[105],"tags":[],"class_list":["post-43247","post","type-post","status-publish","format-standard","hentry","category-gundem","odd"],"_links":{"self":[{"href":"http:\/\/www.korhanyilmaz.com\/index.php?rest_route=\/wp\/v2\/posts\/43247","targetHints":{"allow":["GET"]}}],"collection":[{"href":"http:\/\/www.korhanyilmaz.com\/index.php?rest_route=\/wp\/v2\/posts"}],"about":[{"href":"http:\/\/www.korhanyilmaz.com\/index.php?rest_route=\/wp\/v2\/types\/post"}],"author":[{"embeddable":true,"href":"http:\/\/www.korhanyilmaz.com\/index.php?rest_route=\/wp\/v2\/users\/1"}],"replies":[{"embeddable":true,"href":"http:\/\/www.korhanyilmaz.com\/index.php?rest_route=%2Fwp%2Fv2%2Fcomments&post=43247"}],"version-history":[{"count":0,"href":"http:\/\/www.korhanyilmaz.com\/index.php?rest_route=\/wp\/v2\/posts\/43247\/revisions"}],"wp:attachment":[{"href":"http:\/\/www.korhanyilmaz.com\/index.php?rest_route=%2Fwp%2Fv2%2Fmedia&parent=43247"}],"wp:term":[{"taxonomy":"category","embeddable":true,"href":"http:\/\/www.korhanyilmaz.com\/index.php?rest_route=%2Fwp%2Fv2%2Fcategories&post=43247"},{"taxonomy":"post_tag","embeddable":true,"href":"http:\/\/www.korhanyilmaz.com\/index.php?rest_route=%2Fwp%2Fv2%2Ftags&post=43247"}],"curies":[{"name":"wp","href":"https:\/\/api.w.org\/{rel}","templated":true}]}}