{"id":43231,"date":"2011-07-11T12:25:35","date_gmt":"2011-07-11T09:25:35","guid":{"rendered":"http:\/\/www.korhanyilmaz.com\/?p=43231"},"modified":"2011-11-23T21:57:27","modified_gmt":"2011-11-23T19:57:27","slug":"madimak-olaylarinin-firari-sanigi-cafer-ercakmak-sivasta-yasamini-yitirdi","status":"publish","type":"post","link":"http:\/\/www.korhanyilmaz.com\/?p=43231","title":{"rendered":"Mad\u0131mak olaylar\u0131n\u0131n firari san\u0131\u011f\u0131 Cafer Er\u00e7akmak, Sivas&#8217;ta ya\u015fam\u0131n\u0131 yitirdi"},"content":{"rendered":"<p style=\"text-align: center;\"><a href=\"http:\/\/www.korhanyilmaz.com\/wp-content\/uploads\/2011\/11\/7325.jpg\"  class=\"lightview\"><img loading=\"lazy\" decoding=\"async\" class=\"aligncenter  wp-image-43232\" src=\"http:\/\/www.korhanyilmaz.com\/wp-content\/uploads\/2011\/11\/7325.jpg\" alt=\"\" width=\"315\" height=\"237\" \/><\/a><\/p>\n<p style=\"text-align: justify;\">S\u0130VAS\u2019ta 2 Temmuz 1993 tarihinde 37 ki\u015finin \u00f6lmesiyli ilgili soru\u015fturman\u0131n \u20191 numaral\u0131 san\u0131\u011f\u0131\u2019 olarak aranan d\u00f6nemin Refah Parti\u2019li Belediye Meclis \u00fcyesi Cafer Er\u00e7akmak\u2019\u0131n, d\u00fcn Sivas\u2019ta ya\u015fam\u0131n\u0131 yitirdi\u011fi ortaya \u00e7\u0131kt\u0131.<!--more--><\/p>\n<p style=\"text-align: justify;\">Er\u00e7akmak\u2019\u0131n cenazesinin, ayn\u0131 g\u00fcn yak\u0131nlar\u0131 taraf\u0131ndan gizlice Yukar\u0131tekke Mezarl\u0131\u011f\u0131\u2019nda topra\u011fa verildi\u011fi de \u00f6\u011frenildi. Polis, Er\u00e7akmak\u2019\u0131n bu s\u00fcre boyunca nerede sakland\u0131\u011f\u0131n\u0131 ara\u015ft\u0131r\u0131yor. Er\u00e7akmak\u2019\u0131n saklanmas\u0131na yard\u0131m edenlerin de sorgulanaca\u011f\u0131 \u00f6\u011frenildi.<\/p>\n<p style=\"text-align: justify;\">Hakk\u0131nda Sivas katliam\u0131n\u0131n ba\u015f azmettiricilerinden biri oldu\u011fu y\u00f6n\u00fcnde iddialar olan ve 18 y\u0131ld\u0131r firarda olan Er\u00e7akmak\u2019\u0131n uzun y\u0131llar Fransa\u2019da sakland\u0131\u011f\u0131 \u00f6ne s\u00fcr\u00fclm\u00fc\u015ft\u00fc.<\/p>\n<p style=\"text-align: justify;\">Er\u00e7akmak\u2019\u0131n ne zaman Sivas\u2019a geldi\u011fi ise hen\u00fcz netle\u015fmedi.<\/p>\n<p style=\"text-align: justify;\"><strong>\u00d6L\u00dcM NEDEN\u0130: KALP KR\u0130Z\u0130\u00a0<\/strong><\/p>\n<p style=\"text-align: justify;\">Sivas Valisi Ali Kolat, Sivas olaylar\u0131n\u0131n aranan san\u0131\u011f\u0131 Cafer Er\u00e7akmak\u2019\u0131n \u00f6ld\u00fc\u011f\u00fc iddialar\u0131yla ilgili olarak, &#8220;Savc\u0131l\u0131\u011f\u0131n<\/p>\n<p style=\"text-align: justify;\">talimat\u0131 \u00fczerine arkada\u015flar ara\u015ft\u0131r\u0131yor&#8221; dedi.<\/p>\n<p style=\"text-align: justify;\">Vali Kolat, Cumhuriyet Savc\u0131l\u0131\u011f\u0131n\u0131n gerekli ara\u015ft\u0131rmay\u0131 y\u00fcr\u00fctt\u00fc\u011f\u00fcn\u00fc belirterek, &#8220;Savc\u0131l\u0131\u011f\u0131n talimat\u0131 \u00fczerine arkada\u015flar ara\u015ft\u0131r\u0131yor, bize net bir \u015fey yok&#8221; ifadelerini kulland\u0131.<\/p>\n<p style=\"text-align: justify;\">Kolat, cenazenin kesin olarak Er\u00e7akmak\u2019a ait olup olmad\u0131\u011f\u0131 y\u00f6n\u00fcndeki soru \u00fczerine ise &#8220;Yeni bir \u015fey, duyduk ama daha netle\u015fmedi&#8221; dedi.<\/p>\n<p style=\"text-align: justify;\">Emniyet yetkilileri ise konuyla ilgili ara\u015ft\u0131rmalar\u0131n s\u00fcrd\u00fc\u011f\u00fcn\u00fc, b\u00fcy\u00fck ihtimalle cenazenin firari san\u0131k Er\u00e7akmak\u2019a ait oldu\u011funu belirtti. Ba\u015flat\u0131lan soru\u015fturma kapsam\u0131nda, cenazenin Er\u00e7akmak\u2019a olmas\u0131 ihtimali \u00fczerine mezar\u0131n a\u00e7\u0131larak otopsi yap\u0131labilece\u011fi kaydedildi.<\/p>\n<p style=\"text-align: justify;\">Sivas Belediyesi Mezarl\u0131klar M\u00fcd\u00fcrl\u00fc\u011f\u00fcnde &#8220;Cafer Er\u00e7akmak&#8221; ad\u0131na d\u00fczenlenen \u00f6l\u00fcm belgesinde \u00f6l\u00fcm nedeni k\u0131sm\u0131nda yaz\u0131l\u0131 olan &#8220;akut myokard infarkt\u00fcs\u00fcn\u00fcn&#8221; kalp krizi, uzam\u0131\u015f iskemi sonras\u0131nda geli\u015fen geri d\u00f6n\u00fc\u015f\u00fcms\u00fcz kalp kas\u0131 nekrozu (\u00f6l\u00fcm\u00fc) oldu\u011fu belirtildi.<\/p>\n<p style=\"text-align: justify;\"><strong>A\u0130LE A\u00c7IKLAMA YAPMADI\u00a0<\/strong><\/p>\n<p style=\"text-align: justify;\">Bu arada, bas\u0131n mensuplar\u0131, Mezarl\u0131klar M\u00fcd\u00fcrl\u00fc\u011f\u00fcnde Er\u00e7akmak ad\u0131na d\u00fczenlenen \u00f6l\u00fcm belgesi ve cenaze bilgi formundaki adresten yola \u00e7\u0131karak cenaze evine gitti. Hoca Ahmet Yesevi Caddesi\u2019ndeki Osmanpa\u015fa Camisi kar\u015f\u0131s\u0131ndaki adrese giden bas\u0131n mensuplar\u0131, s\u00f6z konusu aile ile g\u00f6r\u00fc\u015fmek istedi. Aile bireyleri, bas\u0131n mensuplar\u0131n\u0131n bu iste\u011fini geri \u00e7evirerek, g\u00f6r\u00fc\u015fmeyeceklerini bildirdi.<\/p>\n<p style=\"text-align: justify;\">\u00d6te yandan, ailenin ya\u015fad\u0131\u011f\u0131 belirtilen 8 katl\u0131 apartmanda sessizlik hakim oldu\u011fu g\u00f6zlendi. Apartman\u0131n 6. kat\u0131ndaki dairede ya\u015fayan ailenin, kap\u0131s\u0131n\u0131n \u00f6n\u00fcnde \u00e7ok say\u0131da ayakkab\u0131 g\u00f6r\u00fcld\u00fc.<\/p>\n<p style=\"text-align: justify;\">Binan\u0131n giri\u015findeki i\u015f yerinde kuruyemi\u015f\u00e7ilik yapan bir esnaf da, sabah saatlerinde apartmandan bir cenazenin \u00e7\u0131kar\u0131ld\u0131\u011f\u0131n\u0131, belediyenin cenaze arac\u0131yla g\u00f6t\u00fcr\u00fclen cenazeyi 3-4 ki\u015finin ta\u015f\u0131d\u0131\u011f\u0131n\u0131 g\u00f6rd\u00fc\u011f\u00fcn\u00fc s\u00f6yledi.<\/p>\n<p style=\"text-align: justify;\"><strong>CHP \u0130L BA\u015eKANI CAH\u0130T KORKUT: &#8220;BEN DE \u015eA\u015eIRDIM&#8221;\u00a0<\/strong><\/p>\n<p style=\"text-align: justify;\">Er\u00e7akmak\u2019\u0131n cenazesinin \u00e7\u0131kar\u0131ld\u0131\u011f\u0131 binan\u0131n hemen kar\u015f\u0131s\u0131nda restoran i\u015fleten CHP Sivas \u0130l Ba\u015fkan\u0131 Cahit Korkut ise Er\u00e7akmak\u2019\u0131n cenazesinin, bulunduklar\u0131 caddeden \u00e7\u0131kar\u0131lmas\u0131na \u015fa\u015f\u0131rd\u0131\u011f\u0131n\u0131 belirterek, &#8220;Olay\u0131n \u00fczerinden bildi\u011finiz gibi 18 y\u0131l ge\u00e7ti. Ben de ayn\u0131 sizin gibi Cafer Er\u00e7akmak\u2019\u0131n \u00f6ld\u00fc\u011f\u00fcn\u00fc bug\u00fcn bas\u0131ndan \u00f6\u011frendim. Bilindi\u011fi \u00fczere 18 y\u0131ld\u0131r yurt d\u0131\u015f\u0131nda oldu\u011fu s\u00f6yleniyordu. Fransa\u2019da oldu\u011fu, bir ara \u0130ran\u2019da oldu\u011fu s\u00f6yleniyordu. Asl\u0131nda Sivas\u2019taym\u0131\u015f. Sessiz sedas\u0131z defnedilmi\u015f&#8221; dedi.<\/p>\n<p style=\"text-align: justify;\">Korkut, \u015f\u00f6yle devam etti:<\/p>\n<p style=\"text-align: justify;\">&#8220;Tabi bu neyi g\u00f6steriyor, devletin Mad\u0131mak olaylar\u0131n\u0131n \u00fczerine tamamen gitmedi\u011fi, hatta \u00e7ok yak\u0131n tarihimizde se\u00e7im d\u00f6neminde i\u015fte birka\u00e7 hafta \u00f6nce olay\u0131n as\u0131l faillerinin \u00fcst\u00fcn\u00fcn \u00f6rt\u00fcld\u00fc\u011f\u00fc, olay\u0131n ba\u015fka mecralara \u00e7ekildi\u011fi ulusal bir gazetemizde 2 g\u00fcn man\u015fet olarak yay\u0131nland\u0131. Daha sonra olay\u0131n faillerinin i\u015fte PKK falan oldu\u011fu s\u00f6ylendi. Asl\u0131nda bu olay\u0131n \u00fcst\u00fcn\u00fc \u00f6rtmekle ilgili bir \u015fey. Adam y\u0131llard\u0131r Sivas\u2019ta, kimsenin haberi yok, sessiz sedas\u0131z defnetmi\u015fler.&#8221;<\/p>\n<p style=\"text-align: justify;\"><a href=\"http:\/\/gundem.milliyet.com.tr\/madimak-olaylarinin-firari-sanigi-cafer-ercakmak-sivas-ta-yasamini-yitirdi\/gundem\/gundemdetay\/11.07.2011\/1412932\/default.htm\" target=\"_blank\">Kaynak : Milliyet.com.tr<\/a><\/p>\n","protected":false},"excerpt":{"rendered":"<p style=\"text-align: center;\">\n<p style=\"text-align: justify;\">S\u0130VAS\u2019ta 2 Temmuz 1993 tarihinde 37 ki\u015finin \u00f6lmesiyli ilgili soru\u015fturman\u0131n \u20191 numaral\u0131 san\u0131\u011f\u0131\u2019 olarak aranan d\u00f6nemin Refah Parti\u2019li Belediye Meclis \u00fcyesi Cafer Er\u00e7akmak\u2019\u0131n, d\u00fcn Sivas\u2019ta ya\u015fam\u0131n\u0131 yitirdi\u011fi ortaya \u00e7\u0131kt\u0131.<\/p>\n","protected":false},"author":1,"featured_media":0,"comment_status":"open","ping_status":"open","sticky":false,"template":"","format":"standard","meta":{"footnotes":""},"categories":[105],"tags":[515],"class_list":["post-43231","post","type-post","status-publish","format-standard","hentry","category-gundem","tag-cafer-ercakmak","odd"],"_links":{"self":[{"href":"http:\/\/www.korhanyilmaz.com\/index.php?rest_route=\/wp\/v2\/posts\/43231","targetHints":{"allow":["GET"]}}],"collection":[{"href":"http:\/\/www.korhanyilmaz.com\/index.php?rest_route=\/wp\/v2\/posts"}],"about":[{"href":"http:\/\/www.korhanyilmaz.com\/index.php?rest_route=\/wp\/v2\/types\/post"}],"author":[{"embeddable":true,"href":"http:\/\/www.korhanyilmaz.com\/index.php?rest_route=\/wp\/v2\/users\/1"}],"replies":[{"embeddable":true,"href":"http:\/\/www.korhanyilmaz.com\/index.php?rest_route=%2Fwp%2Fv2%2Fcomments&post=43231"}],"version-history":[{"count":0,"href":"http:\/\/www.korhanyilmaz.com\/index.php?rest_route=\/wp\/v2\/posts\/43231\/revisions"}],"wp:attachment":[{"href":"http:\/\/www.korhanyilmaz.com\/index.php?rest_route=%2Fwp%2Fv2%2Fmedia&parent=43231"}],"wp:term":[{"taxonomy":"category","embeddable":true,"href":"http:\/\/www.korhanyilmaz.com\/index.php?rest_route=%2Fwp%2Fv2%2Fcategories&post=43231"},{"taxonomy":"post_tag","embeddable":true,"href":"http:\/\/www.korhanyilmaz.com\/index.php?rest_route=%2Fwp%2Fv2%2Ftags&post=43231"}],"curies":[{"name":"wp","href":"https:\/\/api.w.org\/{rel}","templated":true}]}}