{"id":43223,"date":"2011-11-23T16:30:23","date_gmt":"2011-11-23T14:30:23","guid":{"rendered":"http:\/\/www.korhanyilmaz.com\/?p=43223"},"modified":"2011-11-23T21:03:25","modified_gmt":"2011-11-23T19:03:25","slug":"erdogan-canli-yayinda-metineri-susturdu","status":"publish","type":"post","link":"http:\/\/www.korhanyilmaz.com\/?p=43223","title":{"rendered":"Erdo\u011fan canl\u0131 yay\u0131nda Metiner&#8217;i susturdu"},"content":{"rendered":"<p style=\"text-align: center;\"><a href=\"http:\/\/www.korhanyilmaz.com\/wp-content\/uploads\/2011\/11\/7324.jpg\"  class=\"lightview\"><img loading=\"lazy\" decoding=\"async\" class=\"aligncenter  wp-image-43224\" src=\"http:\/\/www.korhanyilmaz.com\/wp-content\/uploads\/2011\/11\/7324.jpg\" alt=\"\" width=\"408\" height=\"200\" \/><\/a><\/p>\n<p style=\"text-align: justify;\">Ba\u015fbabakan Erdo\u011fan, Mehmet Metiner&#8217;i canl\u0131 yay\u0131nda susmaya davet etti!<\/p>\n<p style=\"text-align: justify;\">AK Parti Genel Ba\u015fkan\u0131 ve Ba\u015fbakan Recep Tayyip Erdo\u011fan, partisinin geni\u015fletilmi\u015f il ba\u015fkanlar\u0131 toplant\u0131s\u0131nda &#8216;Sabiha G\u00f6k\u00e7en Havaliman\u0131 ismi de\u011fi\u015fsin&#8217; diyen Ad\u0131yaman milletvekili Mehmet Metiner&#8217;e seslendi.\u00a0<!--more--><\/p>\n<p style=\"text-align: justify;\">Ba\u015fbakanl\u0131k ar\u015fivi ve Necip Faz\u0131l K\u0131sak\u00fcrek&#8217;in kitab\u0131ndan belgelerle Dersim Katliam\u0131 konusunda \u00e7arp\u0131c\u0131 a\u00e7\u0131klamalar yapan Ba\u015fbakan Erdo\u011fan, &#8216;E\u011fer devlet olarak bir \u00f6z\u00fcr dilenmeliyse ben devlet ad\u0131na \u00f6z\u00fcr dilerim ve de diliyorum. CHP lideri de CHP tarihi ad\u0131na \u00f6z\u00fcr dilesin&#8217; dedi.<\/p>\n<p style=\"text-align: justify;\"><strong>&#8216;SEN ARTIK BUNA KARI\u015eMA MEHMET\u00c7\u0130\u011e\u0130M&#8217;\u00a0<\/strong><\/p>\n<p style=\"text-align: justify;\">Erdo\u011fan, konu\u015fmas\u0131n\u0131n bir yerinde AK Parti vekili Metiner&#8217;e d\u00f6nerek &#8216;Art\u0131k sen de bu i\u015fe kar\u0131\u015fma Mehmet\u00e7i\u011fim&#8217; dedi.<\/p>\n<p style=\"text-align: justify;\"><strong>ERDO\u011eAN BU \u0130\u015e\u0130 YAPAMAZ DEM\u0130\u015eT\u0130!\u00a0<\/strong><\/p>\n<p style=\"text-align: justify;\">AK Parti&#8217;de Mehmet Metiner&#8217;in konu\u015fmalar\u0131 daha \u00f6nce de tart\u0131\u015fma konusu olmu\u015ftu. Milletvekili se\u00e7ilmeden \u00f6nce yapt\u0131\u011f\u0131 bir konu\u015fmada &#8220;Tayyip Erdo\u011fan, K\u00fcrt sorununu \u00e7\u00f6zemez&#8221; demi\u015fti. Bu konu\u015fmas\u0131na ili\u015fkin ses kayd\u0131n\u0131n g\u00fcndeme d\u00fc\u015fmesi AK Parti&#8217;de infial etkisi yaratm\u0131\u015ft\u0131.<\/p>\n<p style=\"text-align: justify;\"><strong>\u00d6Z\u00dcR \u00dcST\u00dcNE \u00d6Z\u00dcR D\u0130LEM\u0130\u015eT\u0130\u00a0<\/strong><\/p>\n<p style=\"text-align: justify;\">Ses kasedi ortaya \u00e7\u0131k\u0131nca \u00f6nce &#8216;ses bana ait ama ifadeler bana ait de\u011fil&#8217; diyen Metiner ard\u0131ndan &#8216;b\u00f6yle bir \u015fey s\u00f6ylemedim, muhabir haberi yanl\u0131\u015f yazm\u0131\u015f. Ses de ifade de bana ait&#8217; diyerek konu\u015fmay\u0131 sahiplenen son olarak da kanal kanal gezerek &#8220;Ba\u015fbakan Erdo\u011fan&#8217;dan bin kez \u00f6z\u00fcr diliyorum&#8221; a\u00e7\u0131klamas\u0131 yapm\u0131\u015ft\u0131.<\/p>\n<p style=\"text-align: justify;\"><strong>EM\u0130NE HANIM&#8217;IN \u00d6N\u00dcNDE \u0130K\u0130 B\u00dcKL\u00dcM\u00a0<\/strong><\/p>\n<p style=\"text-align: justify;\">Ekranlarda \u00f6z\u00fcr dileyen Metiner, yapt\u0131klar\u0131yla yetinmeyip Ba\u015fbakan Erdo\u011fan&#8217;la bizzat g\u00f6r\u00fc\u015fmek i\u00e7in Kayseri&#8217;ye kadar gitmi\u015fti.<\/p>\n<p style=\"text-align: justify;\">\u0130ddialara g\u00f6re Ba\u015fbakan&#8217;\u0131n konu\u015fmas\u0131 \u00f6ncesi kendisiyle g\u00f6r\u00fc\u015fmeye \u00e7al\u0131\u015fan Metiner&#8217;e ise Erdo\u011fan y\u00fcz vermemi\u015fti. Ba\u015fbakan Erdo\u011fan k\u00fcrs\u00fcde konu\u015furken Metiner bu kez Emine Erdo\u011fan&#8217;\u0131n yan\u0131na gelerek derdini anlatmaya \u00e7al\u0131\u015fsa da ondan da bekledi\u011fi ilgiyi g\u00f6rememi\u015fti. \u0130\u015fin en \u00e7arp\u0131c\u0131 yan\u0131 ise Metiner&#8217;in Emine Erdo\u011fan&#8217;\u0131n yan\u0131nda g\u00f6r\u00fcnen foto\u011fraflardaki bu haliydi.<\/p>\n<p style=\"text-align: justify;\"><a href=\"http:\/\/muhalifgazete.com\/26150-Erdogan-canli-yayinda-Metineri-susturdu.htm\" target=\"_blank\">Kaynak : Muhalif Gazete<\/a><\/p>\n","protected":false},"excerpt":{"rendered":"<p style=\"text-align: center;\">\n<p style=\"text-align: justify;\">Ba\u015fbabakan Erdo\u011fan, Mehmet Metiner&#8217;i canl\u0131 yay\u0131nda susmaya davet etti!<\/p>\n<p style=\"text-align: justify;\">AK Parti Genel Ba\u015fkan\u0131 ve Ba\u015fbakan Recep Tayyip Erdo\u011fan, partisinin geni\u015fletilmi\u015f il ba\u015fkanlar\u0131 toplant\u0131s\u0131nda &#8216;Sabiha G\u00f6k\u00e7en Havaliman\u0131 ismi de\u011fi\u015fsin&#8217; diyen Ad\u0131yaman milletvekili Mehmet Metiner&#8217;e seslendi. <\/p>\n","protected":false},"author":1,"featured_media":0,"comment_status":"open","ping_status":"open","sticky":false,"template":"","format":"standard","meta":{"footnotes":""},"categories":[105],"tags":[],"class_list":["post-43223","post","type-post","status-publish","format-standard","hentry","category-gundem","odd"],"_links":{"self":[{"href":"http:\/\/www.korhanyilmaz.com\/index.php?rest_route=\/wp\/v2\/posts\/43223","targetHints":{"allow":["GET"]}}],"collection":[{"href":"http:\/\/www.korhanyilmaz.com\/index.php?rest_route=\/wp\/v2\/posts"}],"about":[{"href":"http:\/\/www.korhanyilmaz.com\/index.php?rest_route=\/wp\/v2\/types\/post"}],"author":[{"embeddable":true,"href":"http:\/\/www.korhanyilmaz.com\/index.php?rest_route=\/wp\/v2\/users\/1"}],"replies":[{"embeddable":true,"href":"http:\/\/www.korhanyilmaz.com\/index.php?rest_route=%2Fwp%2Fv2%2Fcomments&post=43223"}],"version-history":[{"count":0,"href":"http:\/\/www.korhanyilmaz.com\/index.php?rest_route=\/wp\/v2\/posts\/43223\/revisions"}],"wp:attachment":[{"href":"http:\/\/www.korhanyilmaz.com\/index.php?rest_route=%2Fwp%2Fv2%2Fmedia&parent=43223"}],"wp:term":[{"taxonomy":"category","embeddable":true,"href":"http:\/\/www.korhanyilmaz.com\/index.php?rest_route=%2Fwp%2Fv2%2Fcategories&post=43223"},{"taxonomy":"post_tag","embeddable":true,"href":"http:\/\/www.korhanyilmaz.com\/index.php?rest_route=%2Fwp%2Fv2%2Ftags&post=43223"}],"curies":[{"name":"wp","href":"https:\/\/api.w.org\/{rel}","templated":true}]}}