{"id":43219,"date":"2011-11-23T15:58:10","date_gmt":"2011-11-23T13:58:10","guid":{"rendered":"http:\/\/www.korhanyilmaz.com\/?p=43219"},"modified":"2012-01-15T12:10:21","modified_gmt":"2012-01-15T10:10:21","slug":"nagehan-alci-cok-onemli-isimler-gozaltina-alinacak","status":"publish","type":"post","link":"http:\/\/www.korhanyilmaz.com\/?p=43219","title":{"rendered":"Nagehan Al\u00e7\u0131: \u00c7ok \u00f6nemli isimler g\u00f6zalt\u0131na al\u0131nacak"},"content":{"rendered":"<p style=\"text-align: center;\"><a href=\"http:\/\/www.korhanyilmaz.com\/wp-content\/uploads\/2011\/11\/7323.jpg\"  class=\"lightview\"><img loading=\"lazy\" decoding=\"async\" class=\"aligncenter  wp-image-43220\" src=\"http:\/\/www.korhanyilmaz.com\/wp-content\/uploads\/2011\/11\/7323.jpg\" alt=\"\" width=\"399\" height=\"210\" \/><\/a><\/p>\n<p style=\"text-align: justify;\"><strong>Nagehan Al\u00e7\u0131 dizinin gelecek b\u00f6l\u00fcm\u00fcnde olacaklar\u0131 s\u0131zd\u0131rd\u0131!<\/strong><\/p>\n<p style=\"text-align: justify;\">Nagehan Al\u00e7\u0131, d\u00fcn bir televizyon program\u0131nda, \u00f6n\u00fcm\u00fczdeki g\u00fcnlerde <span style=\"text-decoration: underline;\">KCK<\/span> ve <span style=\"text-decoration: underline;\">Ergenekon<\/span> operasyonlar\u0131nda b\u00fcy\u00fck dalgalar gelece\u011fini ve \u00e7ok <span style=\"text-decoration: underline;\">\u00f6nemli isimlerin<\/span> g\u00f6zalt\u0131na al\u0131naca\u011f\u0131n\u0131 s\u00f6yledi. Al\u00e7\u0131, bu bilgileri nereden ald\u0131\u011f\u0131n\u0131 ise s\u00f6ylemedi.\u00a0<!--more--><\/p>\n<p style=\"text-align: justify;\">Ak\u015fam gazetesi yazar\u0131 Nagehan Al\u00e7\u0131, d\u00fcn Cnn T\u00fcrk&#8217;te yay\u0131nlanan bir tart\u0131\u015fma program\u0131nda \u00f6n\u00fcm\u00fczdeki d\u00f6nemde yap\u0131lacak operasyonlara ili\u015fkin &#8220;istihbarat bilgileri&#8221; payla\u015ft\u0131. D\u00fcn sabah \u00e7ok say\u0131da avukat\u0131n g\u00f6zalt\u0131na al\u0131nd\u0131\u011f\u0131 KCK operasyonunun &#8220;En b\u00fcy\u00fck operasyonun bir \u00f6nceki ad\u0131m\u0131&#8221; oldu\u011funu s\u00f6yleyen Al\u00e7\u0131, &#8220;KCK&#8217;da \u00e7ok daha b\u00fcy\u00fck bir dalga geliyor. \u00c7ok kapsaml\u0131 bir operasyon daha olacak&#8221; dedi.<\/p>\n<p style=\"text-align: justify;\"><strong>Senaryo hakk\u0131nda da bilgi verdi\u00a0<\/strong><\/p>\n<p style=\"text-align: justify;\">Konu\u015fmas\u0131nda \u00f6n\u00fcm\u00fczdeki d\u00f6nem yap\u0131lacak operasyonlar\u0131n senaryosu hakk\u0131nda da &#8220;bilgi&#8221; veren Al\u00e7\u0131, &#8220;KCK ile Ergenekon&#8217;un kesi\u015fim noktalar\u0131n\u0131n a\u00e7\u0131\u011fa \u00e7\u0131kart\u0131laca\u011f\u0131n\u0131&#8221; iddia etti.<\/p>\n<p style=\"text-align: justify;\"><strong>&#8216;Sen mahkeme misin k\u0131z\u0131m?&#8217;\u00a0<\/strong><\/p>\n<p style=\"text-align: justify;\">Programda Altan \u00d6ymen&#8217;in avukatlar\u0131n g\u00f6zalt\u0131na al\u0131nmas\u0131n\u0131 ele\u015ftirmesine yan\u0131t olarak Al\u00e7\u0131, kendisini hakim yerine koyarak &#8220;hepsi de KCK kurucu meclisi \u00fcyesi&#8217; dedi. Bunun \u00fczerine \u00d6ymen &#8216;Sen mahkeme misin k\u0131z\u0131m&#8217; diyerek Al\u00e7\u0131&#8217;ya tepki g\u00f6sterdi.<\/p>\n<p style=\"text-align: justify;\"><strong>Al\u00e7\u0131&#8217;n\u0131n bilgi kaynaklar\u0131 &#8216;gizli&#8217;\u00a0<\/strong><\/p>\n<p style=\"text-align: justify;\">Al\u00e7\u0131&#8217;n\u0131n programda a\u00e7\u0131klad\u0131\u011f\u0131 bilgilerin <span style=\"text-decoration: underline;\">KCK<\/span> ve <span style=\"text-decoration: underline;\">Ergenekon<\/span> operasyonlar\u0131n\u0131 y\u00fcr\u00fcten yarg\u0131 ve emniyet taraf\u0131ndan &#8216;s\u0131zd\u0131r\u0131lm\u0131\u015f&#8217; oldu\u011fu a\u00e7\u0131k. Ancak programda Al\u00e7\u0131 bu iddialar\u0131 &#8216;gazetecilerden&#8217; \u00f6\u011frendi\u011fini iddia etti.<\/p>\n<p style=\"text-align: justify;\"><a href=\"http:\/\/muhalifgazete.com\/26148-Nagehan-Alci-cok-onemli-isimler-gozaltina-alinacak.htm\" target=\"_blank\">Kaynak : Muhalif Gazete<\/a><\/p>\n","protected":false},"excerpt":{"rendered":"<p style=\"text-align: center;\">\n<p style=\"text-align: justify;\">Nagehan Al\u00e7\u0131 dizinin gelecek b\u00f6l\u00fcm\u00fcnde olacaklar\u0131 s\u0131zd\u0131rd\u0131!<\/p>\n<p style=\"text-align: justify;\">Nagehan Al\u00e7\u0131, d\u00fcn bir televizyon program\u0131nda, \u00f6n\u00fcm\u00fczdeki g\u00fcnlerde KCK ve Ergenekon operasyonlar\u0131nda b\u00fcy\u00fck dalgalar gelece\u011fini ve \u00e7ok \u00f6nemli isimlerin g\u00f6zalt\u0131na al\u0131naca\u011f\u0131n\u0131 s\u00f6yledi. Al\u00e7\u0131, bu bilgileri nereden ald\u0131\u011f\u0131n\u0131 ise s\u00f6ylemedi. <\/p>\n","protected":false},"author":1,"featured_media":0,"comment_status":"open","ping_status":"open","sticky":false,"template":"","format":"standard","meta":{"footnotes":""},"categories":[105],"tags":[650,649],"class_list":["post-43219","post","type-post","status-publish","format-standard","hentry","category-gundem","tag-altan-oymen","tag-nagehan-alci","odd"],"_links":{"self":[{"href":"http:\/\/www.korhanyilmaz.com\/index.php?rest_route=\/wp\/v2\/posts\/43219","targetHints":{"allow":["GET"]}}],"collection":[{"href":"http:\/\/www.korhanyilmaz.com\/index.php?rest_route=\/wp\/v2\/posts"}],"about":[{"href":"http:\/\/www.korhanyilmaz.com\/index.php?rest_route=\/wp\/v2\/types\/post"}],"author":[{"embeddable":true,"href":"http:\/\/www.korhanyilmaz.com\/index.php?rest_route=\/wp\/v2\/users\/1"}],"replies":[{"embeddable":true,"href":"http:\/\/www.korhanyilmaz.com\/index.php?rest_route=%2Fwp%2Fv2%2Fcomments&post=43219"}],"version-history":[{"count":0,"href":"http:\/\/www.korhanyilmaz.com\/index.php?rest_route=\/wp\/v2\/posts\/43219\/revisions"}],"wp:attachment":[{"href":"http:\/\/www.korhanyilmaz.com\/index.php?rest_route=%2Fwp%2Fv2%2Fmedia&parent=43219"}],"wp:term":[{"taxonomy":"category","embeddable":true,"href":"http:\/\/www.korhanyilmaz.com\/index.php?rest_route=%2Fwp%2Fv2%2Fcategories&post=43219"},{"taxonomy":"post_tag","embeddable":true,"href":"http:\/\/www.korhanyilmaz.com\/index.php?rest_route=%2Fwp%2Fv2%2Ftags&post=43219"}],"curies":[{"name":"wp","href":"https:\/\/api.w.org\/{rel}","templated":true}]}}