{"id":43213,"date":"2011-11-23T14:58:13","date_gmt":"2011-11-23T12:58:13","guid":{"rendered":"http:\/\/www.korhanyilmaz.com\/?p=43213"},"modified":"2011-11-23T22:15:13","modified_gmt":"2011-11-23T20:15:13","slug":"erdoganin-dersim-ozrune-sevinmeden-once-hatirlanmasi-gereken-gercekler","status":"publish","type":"post","link":"http:\/\/www.korhanyilmaz.com\/?p=43213","title":{"rendered":"Erdo\u011fan&#8217;\u0131n Dersim \u00f6zr\u00fcne sevinmeden \u00f6nce hat\u0131rlanmas\u0131 gereken ger\u00e7ekler!"},"content":{"rendered":"<p style=\"text-align: center;\"><a href=\"http:\/\/www.korhanyilmaz.com\/wp-content\/uploads\/2011\/11\/7322.jpg\"  class=\"lightview\"><img loading=\"lazy\" decoding=\"async\" class=\"aligncenter  wp-image-43214\" src=\"http:\/\/www.korhanyilmaz.com\/wp-content\/uploads\/2011\/11\/7322.jpg\" alt=\"\" width=\"387\" height=\"202\" \/><\/a><\/p>\n<p style=\"text-align: justify;\">Erdo\u011fan&#8217;\u0131n Dersim Katliam\u0131 nedeniyle devlet ad\u0131na \u00f6z\u00fcr dilemesinin samimiyetine inanarak, &#8220;Bu da bir ad\u0131m&#8221; deyip sevinmeden \u00f6nce hat\u0131rlanmas\u0131 gereken tarihsel ger\u00e7ekler var.\u00a0<!--more--><\/p>\n<p style=\"text-align: justify;\">Ba\u015fbakan Recep Tayyip Erdo\u011fan, Dersim katliam\u0131yla ilgili bir a\u00e7\u0131klama yaparak, &#8220;devlet ad\u0131na \u00f6z\u00fcr dilemek gerekiyorsa \u00f6z\u00fcr dilerim&#8221; dedi. Ba\u015fbakan Erdo\u011fan, partisinin il ba\u015fkanlar\u0131n\u0131n kat\u0131ld\u0131\u011f\u0131 toplant\u0131da yapt\u0131\u011f\u0131 konu\u015fmada, toplant\u0131 \u00f6ncesinde belirtildi\u011fi gibi Dersim ile ilgili baz\u0131 belgeleri okudu. &#8220;1926 y\u0131l\u0131nda m\u00fclkiye m\u00fcfetti\u015fi Hamdi Bey taraf\u0131ndan haz\u0131rlanan Dersim raporu&#8221;, d\u00f6nemin &#8220;Jandarma Umum Komutanl\u0131\u011f\u0131&#8217;ndan Ba\u015fvek\u00e2let Y\u00fcksek Makaml\u0131\u011f\u0131&#8217;na&#8221; g\u00f6nderildi\u011fini belirtti\u011fi bir belge ve 1938&#8217;de \u0130smet \u0130n\u00f6n\u00fc imzal\u0131, 11 bin 683 ki\u015finin s\u00fcr\u00fcld\u00fc\u011f\u00fcn\u00fc anlatan bir karardan b\u00f6l\u00fcmler okuyan Erdo\u011fan, devlet ad\u0131na \u00f6z\u00fcr diledi\u011fini s\u00f6yledi.<\/p>\n<p style=\"text-align: justify;\">Erdo\u011fan&#8217;\u0131n \u00f6zr\u00fcne sevinen \u00e7\u0131kar m\u0131 bilinmez, fakat \u00f6zre sevinmek gerekip gerekmedi\u011fine karar vermek i\u00e7in, baz\u0131 tarihsel ger\u00e7ekleri hat\u0131rlamakta fayda var:<\/p>\n<p style=\"text-align: justify;\"><strong>AKP gelene\u011fi bu katliama ortak!<\/strong><\/p>\n<p style=\"text-align: justify;\">Erdo\u011fan, konu\u015fmas\u0131nda katliam\u0131n sorumlusu olarak CHP&#8217;yi g\u00f6sterdi, K\u0131l\u0131\u00e7daro\u011flu&#8217;nu da \u00f6z\u00fcr dilemeye davet etti. Oysa AKP&#8217;nin s\u00fcrekli &#8220;bizim gelene\u011fimiz&#8221; olarak sahiplendi\u011fi Demokrat Parti&#8217;nin kurucusu Celal Bayar, Dersim katliam\u0131 y\u0131llar\u0131nda ba\u015fvekillik g\u00f6revindeydi ve olan bitende en \u00fcst d\u00fczey sorumluluk sahibi idi. Keza AKP&#8217;lilerin &#8220;demokrasi kahraman\u0131&#8221; ilan ettikleri Adnan Menderes de 1931 y\u0131l\u0131ndan itibaren CHP milletvekili idi. Yani Erdo\u011fan&#8217;\u0131n \u00f6z\u00fcr diledi\u011fi bir katliam varsa ortada, bunda kendi gelenekleri de birinci dereceden pay sahibi idi ve ne o d\u00f6nem, ne de sonras\u0131nda bu gelenek, Dersim konusunda bir \u00f6z\u00fcr dilemek bir yana, y\u00f6re halk\u0131na kar\u015f\u0131 hep husumet besledi.<\/p>\n<p style=\"text-align: justify;\"><strong>\u00d6z\u00fcr diliyorsun da, belgeselini niye yasakl\u0131yorsun?<\/strong><\/p>\n<p style=\"text-align: justify;\">AKP&#8217;nin \u00f6zr\u00fcn\u00fcn siyasi bir hesab\u0131n \u00fcr\u00fcn\u00fc oldu\u011funun bir di\u011fer i\u015faret, &#8220;Dersim 38&#8221; belgeselinin ba\u015f\u0131na gelenler. Bu h\u00fck\u00fcmetin K\u00fclt\u00fcr Bakanl\u0131\u011f\u0131, \u00c7ayan Demirel&#8217;in y\u00f6netti\u011fi Dersim 38 belgeselini yasaklam\u0131\u015ft\u0131. Yasa\u011fa kar\u015f\u0131 dava a\u00e7\u0131l\u0131nca Bakanl\u0131k bu yasa\u011f\u0131n arkas\u0131nda durmu\u015f, mahkemeye yasa\u011f\u0131 \u015fiddetle savunan bir mektup g\u00f6ndermi\u015fti. Belgeselin Dersim&#8217;deki g\u00f6sterimini de polis basm\u0131\u015ft\u0131.<\/p>\n<p style=\"text-align: justify;\"><strong>AKP&#8217;liler Sivas katliam\u0131n\u0131 yapanlar\u0131n avukat\u0131<\/strong><\/p>\n<p style=\"text-align: justify;\">Erdo\u011fan&#8217;\u0131n Dersim katliam\u0131 \u00f6zr\u00fcn\u00fc d\u00fc\u015f\u00fcn\u00fcrken, bir ba\u015fka katliam, Sivas katliam\u0131 da akla geliyor. Sivas katliam\u0131n\u0131 ba\u015f\u0131ndan itibaren AKP&#8217;nin gelene\u011fi \u00f6rg\u00fctledi, destekledi. Son senelerde de anmalar yasakland\u0131, katliam sorumlular\u0131 sakland\u0131, cezaland\u0131r\u0131lmad\u0131. Ama AKP&#8217;nin katliamla somut ba\u011f\u0131n\u0131 ortaya koyan, katliam\u0131n san\u0131klar\u0131n\u0131n avukatlar\u0131n\u0131n \u00a0listesi.<\/p>\n<p style=\"text-align: justify;\"><span style=\"text-decoration: underline;\"><strong>O liste \u015f\u00f6yle:<\/strong><\/span><\/p>\n<p style=\"text-align: justify;\"><em>Av. \u015eevket Kazan &#8211; Eski RP Milletvekili ve eski Adalet Bakan\u0131;<\/em><\/p>\n<p style=\"text-align: justify;\"><em>Av. Celal M\u00fcmtaz Ak\u0131nc\u0131 &#8211; AKP oylar\u0131yla Anayasa Mahkemesi \u00fcyesi<\/em><\/p>\n<p style=\"text-align: justify;\"><em>Av. Hayati Yaz\u0131c\u0131 &#8211; AKP\u2019nin Devlet Bakan\u0131<\/em><\/p>\n<p style=\"text-align: justify;\"><em>Av. Haydar Kemal Kurt &#8211; AKP Isparta Milletvekili<\/em><\/p>\n<p style=\"text-align: justify;\"><em>Av. Zeyid Aslan &#8211; AKP Tokat Milletvekili, Ba\u015fbakan Erdo\u011fan\u2019\u0131n eski avukat\u0131<\/em><\/p>\n<p style=\"text-align: justify;\"><em>Av. H\u00fcsn\u00fc Tuna &#8211; AKP Konya Milletvekili<\/em><\/p>\n<p style=\"text-align: justify;\"><em>Av. Burhanettin \u00c7oban &#8211; Afyonkarahisar AKP\u2019li Belediye Ba\u015fkan\u0131<\/em><\/p>\n<p style=\"text-align: justify;\"><em>Av. Faik I\u015f\u0131k &#8211; Ba\u015fbakan Erdo\u011fan\u2019\u0131n ve S\u00fcleyman Merc\u00fcmek\u2019in avukat\u0131<\/em><\/p>\n<p style=\"text-align: justify;\"><em>Av. \u0130brahim Hakk\u0131 A\u015fkar &#8211; 22. D\u00f6nem AKP Afyon Milletvekili<\/em><\/p>\n<p style=\"text-align: justify;\"><em>Av. M. Ali Bulut &#8211; AKP Mara\u015f Milletvekili ve Anayasa Komisyonu \u00fcyesi<\/em><\/p>\n<p style=\"text-align: justify;\"><em>Av. B\u00fclent T\u00fcfek\u00e7i &#8211; AKP Malatya \u0130l Ba\u015fkan\u0131<\/em><\/p>\n<p style=\"text-align: justify;\"><em>Av. Halil \u00dcr\u00fcn &#8211; RP kay\u0131p trilyon san\u0131\u011f\u0131, AKP Afyon Belediye B\u015fk. aday\u0131<\/em><\/p>\n<p style=\"text-align: justify;\"><em>Av. Mevl\u00fct Uysal &#8211; AKP \u0130stanbul Ba\u015fak\u015fehir Belediye Ba\u015fkan\u0131<\/em><\/p>\n<p style=\"text-align: justify;\"><em>Av. Nevzat Er &#8211; Eski AKP Emin\u00f6n\u00fc Belediye Ba\u015fkan\u0131<\/em><\/p>\n<p style=\"text-align: justify;\"><em>Av. Suat Alt\u0131nsoy &#8211; AKP Konya \u0130l Ba\u015fkan\u0131 Yard\u0131mc\u0131s\u0131<\/em><\/p>\n<p style=\"text-align: justify;\"><em>Av. Tayfun Karali &#8211; \u0130stanbul B\u00fcy\u00fck\u015fehir Belediyesi Dar\u00fclaceze M\u00fcd\u00fcr\u00fc<\/em><\/p>\n<p style=\"text-align: justify;\"><em>Av. Ferruh Aslan &#8211; \u0130stanbul B\u00fcy\u00fck\u015fehir Belediyesi Bas\u0131n Yay\u0131n M\u00fcd\u00fcr\u00fc<\/em><\/p>\n<p style=\"text-align: justify;\"><em>Av. \u0130brahim K\u00f6k &#8211; AKP Elaz\u0131\u011f Milletvekili Aday Aday\u0131<\/em><\/p>\n<p style=\"text-align: justify;\"><em>Av. Ali A\u015fl\u0131k &#8211; Eski AKP \u0130zmir \u0130l Ba\u015fkan\u0131<\/em><\/p>\n<p style=\"text-align: justify;\"><em>Av. Bedrettin \u0130skender &#8211; AKP \u00dcmraniye Belediye Ba\u015fkan aday\u0131<\/em><\/p>\n<p style=\"text-align: justify;\"><em>Av. Ekrem Bedir &#8211; Sakarya AKP Hendek Belediye Meclis \u00dcyesi<\/em><\/p>\n<p style=\"text-align: justify;\"><em>Av. Ey\u00fcb Karag\u00fclle &#8211; Eski Saadet Partisi \u0130l\u00e7e Ba\u015fkan\u0131<\/em><\/p>\n<p style=\"text-align: justify;\"><em>Av. Faruk G\u00f6kku\u015f &#8211; AKP K\u00e2\u011f\u0131thane Belediye Ba\u015fkanl\u0131\u011f\u0131 Aday Aday\u0131<\/em><\/p>\n<p style=\"text-align: justify;\"><em>Av. Hasan H\u00fcseyin Pulan &#8211; AKP \u0130stanbul \u0130l Disiplin Kurulu \u00fcyesi<\/em><\/p>\n<p style=\"text-align: justify;\"><em>Av. Hur\u015fit B\u0131y\u0131k &#8211; AKP Trabzon \u0130l Ba\u015fkan Yard\u0131mc\u0131s\u0131<\/em><\/p>\n<p style=\"text-align: justify;\"><em>Av. Re\u015fat Yazak &#8211; Anadolu Ajans\u0131 Y\u00f6netim Kurulu \u00dcyesi<\/em><\/p>\n<p style=\"text-align: justify;\"><strong>Mad\u0131mak M\u00fczesi&#8217;nin ba\u015f\u0131na gelenler!<\/strong><\/p>\n<p style=\"text-align: justify;\">AKP&#8217;nin devletin ge\u00e7mi\u015findeki \u00f6rg\u00fctl\u00fc su\u00e7lara dair &#8220;\u00f6z\u00fcr&#8221; politikas\u0131n\u0131 anlamak i\u00e7in, Sivas Katliam\u0131&#8217;na odaklanmakta fayda var. Katliam\u0131n ard\u0131ndan Aleviler&#8217;in ve ilericilerin talebi y\u0131llard\u0131r Mad\u0131mak Oteli&#8217;nin m\u00fcze yap\u0131lmas\u0131 y\u00f6n\u00fcndeydi. AKP y\u0131llar sonra bunu ger\u00e7ekle\u015ftirdi, ama ufak &#8220;d\u00fczenlemelerle&#8221;&#8230; M\u00fcze de\u011fil, &#8220;Mad\u0131mak Bilim ve K\u00fclt\u00fcr M\u00fczesi&#8221; ad\u0131 konuldu. \u0130\u00e7eride katliamda \u00f6lenlerin isimlerinin oldu\u011fu k\u0131s\u0131mda ise, katliam\u0131 yaparken \u00f6len iki sald\u0131rgan\u0131n ismi de plakete yerle\u015ftirildi! Bunu protesto etmek isteyen 2 Temmuz&#8217;da eylem yapan g\u00f6stericilere ise polis sald\u0131rd\u0131.<\/p>\n<p style=\"text-align: justify;\"><a href=\"http:\/\/haber.sol.org.tr\/devlet-ve-siyaset\/erdoganin-dersim-ozrune-sevinmeden-once-hatirlanmasi-gereken-gercekler-haberi-4862\" target=\"_blank\">Kaynak : soL &#8211; Haber Merkezi<\/a><\/p>\n<hr \/>\n<p style=\"text-align: justify;\"><span style=\"font-size: medium; color: #993300;\"><strong>Sivas Katliam\u0131<\/strong><\/span><\/p>\n<p style=\"text-align: justify;\">Sivas Katliam\u0131 ya da Mad\u0131mak Olay\u0131, 2 Temmuz 1993 tarihinde Sivas&#8217;ta Pir Sultan Abdal K\u00fclt\u00fcr Derne\u011fi taraf\u0131ndan organize edilmi\u015f olan Pir Sultan Abdal \u015eenlikleri s\u0131ras\u0131nda Mad\u0131mak Oteli&#8217;nin yak\u0131lmas\u0131 ve 33 yazar, ozan, d\u00fc\u015f\u00fcn\u00fcr ile 2 otel \u00e7al\u0131\u015fan\u0131n\u0131n yanarak ya da dumandan bo\u011fularak hayatlar\u0131n\u0131 kaybetmesi ile sonu\u00e7lanan olaylard\u0131r. Ayr\u0131ca d\u0131\u015farda toplanan g\u00f6stericilerden de iki ki\u015fi hayat\u0131n\u0131 kaybetmi\u015ftir.<\/p>\n<p style=\"text-align: justify;\"><span style=\"color: #993300; font-size: medium;\"><strong>Olay\u00a0<\/strong>\u00a0<\/span><\/p>\n<p style=\"text-align: justify;\">Pir Sultan Abdal \u015eenlikleri kapsam\u0131nda, aralar\u0131nda Aziz Nesin&#8217;in de bulundu\u011fu pek \u00e7ok sanat\u00e7\u0131 ve fikir insan\u0131 d\u00f6nemin Sivas valisi Ahmet Karabilgin&#8217;in \u00f6zel davetlisi olarak bu kente geldi. K\u00fclt\u00fcr Merkezi i\u00e7indeki kar\u015f\u0131t grupla \u00e7\u0131kan ta\u015fl\u0131 sopal\u0131 \u00e7at\u0131\u015fma, polis taraf\u0131ndan fazla b\u00fcy\u00fcmeden, zor kullan\u0131larak \u00f6nlendi.<\/p>\n<p style=\"text-align: justify;\">Binlerce ki\u015fiden olu\u015fan kar\u015f\u0131t grup, K\u00fclt\u00fcr Merkezi\u2019nden yeniden H\u00fck\u00fcmet Meydan\u0131\u2019na geldi. H\u00fck\u00fcmet Kona\u011f\u0131\u2019n\u0131 ta\u015flamaya ve slogan atmaya ba\u015flayan grup ard\u0131ndan Mad\u0131mak Oteli civar\u0131na ula\u015farak, slogan atmaya devam etti. Grup \u00f6nce Mad\u0131mak Oteli \u00f6n\u00fcndeki ara\u00e7lar\u0131 ate\u015fe verdi ve oteli ta\u015flad\u0131. Mad\u0131mak oteli tutu\u015fturulan perdeler ve alt katta bulunan e\u015fyalarla birlikte yak\u0131ld\u0131. Otele s\u0131\u011f\u0131nm\u0131\u015f olan ki\u015filerden, aralar\u0131nda As\u0131m Bezirci , Nesimi \u00c7imen ,Muhlis Akarsu , Metin Alt\u0131ok \u00a0ve Hasret G\u00fcltekin&#8217;in de bulundu\u011fu 35 ki\u015fi yanarak veya dumandan bo\u011fularak ya\u015fam\u0131n\u0131 yitirdi. Aralar\u0131nda Aziz Nesin&#8217;in de bulundu\u011fu 51 ki\u015fi de olaylardan kendi olanaklar\u0131yla, a\u011f\u0131r yaralarla kurtuldu. \u0130tfaiye merdiveniyle kurtar\u0131lmaya \u00e7al\u0131\u015f\u0131lan Aziz Nesin, merdiven trabzas\u0131ndaki g\u00f6revli taraf\u0131ndan darp edilip, merdivenden itfaiye arac\u0131 etraf\u0131nda toplanan kar\u015f\u0131t g\u00f6r\u00fc\u015fl\u00fc kalabal\u0131\u011fa do\u011fru itildi. Ba\u015f\u0131ndan yaralanan Aziz Nesin&#8217;i lin\u00e7 giri\u015fiminden araya giren polisler kurtard\u0131. Yaral\u0131lar, polis arabalar\u0131yla T\u0131p Fak\u00fcltesi Hastanesi`ne g\u00f6t\u00fcr\u00fcld\u00fc.<\/p>\n<p style=\"text-align: justify;\">Olaylar sonucunda 33 konuk, 2 otel g\u00f6revlisi ve 2 g\u00f6sterici ya\u015fam\u0131n\u0131 yitirdi. Ak\u015fam saatlerinde valilik\u00e7e ilan edilen \u201d2 g\u00fcnl\u00fck soka\u011fa \u00e7\u0131kma yasa\u011f\u0131\u201d ile birlikte, g\u00fcvenlik g\u00fc\u00e7leri \u015fehirde tam bir hakimiyet sa\u011flayabildi.<\/p>\n<p style=\"text-align: justify;\"><span style=\"color: #993300; font-size: medium;\"><strong>Yarg\u0131lama\u00a0<\/strong><\/span><\/p>\n<p style=\"text-align: justify;\">Olaydan bir g\u00fcn sonra 35 ki\u015fi g\u00f6zalt\u0131na al\u0131nd\u0131. Daha sonra g\u00f6zalt\u0131na al\u0131nanlar\u0131n say\u0131s\u0131 190&#8217;a \u00e7\u0131kt\u0131. G\u00f6zalt\u0131na al\u0131nan 190 ki\u015fiden 124&#8217;\u00fc hakk\u0131nda &#8220;<span style=\"text-decoration: underline;\">laik anayasal d\u00fczeni de\u011fi\u015ftirip din devleti kurmaya kalk\u0131\u015fma<\/span>&#8221; su\u00e7lamas\u0131yla dava a\u00e7\u0131ld\u0131, geri kalanlar serbest b\u0131rak\u0131ld\u0131. Kamuoyunda Sivas Davas\u0131 olarak bilinen davan\u0131n ilk duru\u015fmas\u0131, Ankara 1 No&#8217;lu Devlet G\u00fcvenlik Mahkemesi&#8217;nde 21 Ekim 1993 g\u00fcn\u00fc yap\u0131ld\u0131. 26 Aral\u0131k 1994&#8217;te karara ba\u011flanan dava sonucunda, 22 san\u0131k hakk\u0131nda 15&#8217;er y\u0131l, 3 san\u0131k hakk\u0131nda 10&#8217;ar y\u0131l, 54 san\u0131k hakk\u0131nda 3&#8217;er y\u0131l, 6 san\u0131k hakk\u0131nda 2&#8217;\u015fer y\u0131l hapis cezas\u0131, 37 san\u0131k hakk\u0131nda da beraat karar\u0131 verildi.<\/p>\n<p style=\"text-align: justify;\">M\u00fcdahil avukatlar, Devlet G\u00fcvenlik Mahkemesi&#8217;nin karar\u0131n\u0131 &#8220;tarafl\u0131, hukuka ve adalete ayk\u0131r\u0131&#8221; olarak niteleyerek, ayr\u0131nt\u0131l\u0131 bir savunmayla temyize gittiler. Yarg\u0131tay 9. Ceza Dairesi katliam\u0131n &#8220;<span style=\"text-decoration: underline;\">Cumhuriyete, laikli\u011fe ve demokrasiye y\u00f6nelik oldu\u011funu<\/span>&#8221; belirterek Devlet G\u00fcvenlik Mahkemesi&#8217;nin karar\u0131n\u0131 esastan bozdu. Ankara 1 No&#8217;lu Devlet G\u00fcvenlik Mahkemesi, Yarg\u0131tay&#8217;\u0131n bozma karar\u0131na uyarak yarg\u0131lamay\u0131 yeniden ba\u015flatt\u0131.<\/p>\n<p style=\"text-align: justify;\">28 Kas\u0131m 1997&#8217;de a\u00e7\u0131klanan kararda, 33 san\u0131k T\u00fcrk Ceza Yasas\u0131&#8217;n\u0131n 146\/1 maddesine g\u00f6re idama ve 14 san\u0131k 15 y\u0131la kadar de\u011fi\u015fen hapis cezas\u0131na mahk\u00fbm edildi. Yarg\u0131tay 9. Ceza Dairesi 24 Aral\u0131k 1998&#8217;de hapis cezalar\u0131n\u0131 onad\u0131, 33 idam cezas\u0131n\u0131 ise usul noksanl\u0131klar\u0131 nedeniyle bozdu. \u015eubat 1999 tarihinde usul eksikliklerinin giderilmesi i\u00e7in ba\u015flayan yarg\u0131lama sonucunda 16 Haziran 2000&#8217;de 33 san\u0131k Devlet G\u00fcvenlik Mahkemesi&#8217;nce yeniden idam cezas\u0131na \u00e7arpt\u0131r\u0131ld\u0131. <span style=\"text-decoration: underline;\">2002 y\u0131l\u0131nda idam cezas\u0131n\u0131n y\u00fcr\u00fcrl\u00fckten kald\u0131r\u0131lmas\u0131yla idam cezas\u0131 h\u00fck\u00fcml\u00fclerinin cezalar\u0131 m\u00fcebbet a\u011f\u0131r hapis cezas\u0131na \u00e7evrildi.<\/span><\/p>\n<p style=\"text-align: justify;\"><span style=\"text-decoration: underline;\">San\u0131klar\u0131n avukatl\u0131\u011f\u0131n\u0131 \u00fcstlenenler aras\u0131nda olan Refahyol iktidar\u0131n\u0131n Adalet Bakan\u0131 \u015eevket Kazan, bakanl\u0131\u011f\u0131 s\u0131ras\u0131nda onlar\u0131 hapishanede ziyaret etti. Geni\u015f avukat listesinde \u00e7ok say\u0131da Refah Parti \u00fcyesi ve y\u00f6neticisi olmas\u0131 ele\u015ftiri konusu oldu. Bu avukatlar ilerleyen y\u0131llarda AKP ve Saadet Partisi&#8217;ne kat\u0131ld\u0131lar ve i\u00e7lerinden \u00fcst y\u00f6netim g\u00f6revlerine y\u00fckselenler oldu.<\/span><\/p>\n<p style=\"text-align: justify;\">Ge\u00e7en bu zaman zarf\u0131 i\u00e7erisinde san\u0131k say\u0131s\u0131 tahliyelerle 33&#8217;e d\u00fc\u015ft\u00fc. Olay\u0131n kilit ismi olarak nitelendirilen, d\u00f6nemin Sivas Belediye Meclisi \u00fcyesi <span style=\"background-color: #ffff00;\"><a href=\"http:\/\/www.korhanyilmaz.com\/?tag=cafer-ercakmak\">Cafer Er\u00e7akmak<\/a><\/span> ve Yarg\u0131tay&#8217;\u0131n 1997&#8217;deki bozma karar\u0131ndan sonra firar eden 8 san\u0131k ise halen yakalanamam\u0131\u015ft\u0131r.<\/p>\n<p style=\"text-align: justify;\"><span style=\"text-decoration: underline;\">Sivas Davas\u0131 \u0130stiklal Mahkemeleri sonras\u0131nda, tek bir davada, bu kadar \u00e7ok idam cezas\u0131n\u0131n verildi\u011fi ilk davad\u0131r<\/span>.<\/p>\n<p style=\"text-align: justify;\"><span style=\"color: #993300; font-size: medium;\"><strong>Hayat\u0131n\u0131 kaybedenler\u00a0<\/strong><\/span><\/p>\n<p style=\"text-align: justify;\"><strong>\u015eenlik Kat\u0131l\u0131mc\u0131lar\u0131\u00a0<\/strong><\/p>\n<p style=\"text-align: justify;\"><em>Muhlis Akarsu &#8211; 45 ya\u015f\u0131nda, sanat\u00e7\u0131<\/em><\/p>\n<p style=\"text-align: justify;\"><em>Muhibe Akarsu &#8211; 35 ya\u015f\u0131nda, Muhlis Akarsu&#8217;nun e\u015fi<\/em><\/p>\n<p style=\"text-align: justify;\"><em>G\u00fclender Ak\u00e7a &#8211; 25 ya\u015f\u0131nda<\/em><\/p>\n<p style=\"text-align: justify;\"><em>Metin Alt\u0131ok &#8211; 52 ya\u015f\u0131nda, \u015fair, yazar, felsefeci<\/em><\/p>\n<p style=\"text-align: justify;\"><em>Mehmet Atay &#8211; 25 ya\u015f\u0131nda, gazeteci, foto\u011fraf sanat\u00e7\u0131s\u0131<\/em><\/p>\n<p style=\"text-align: justify;\"><em>Seherg\u00fcl Ate\u015f &#8211; 30 ya\u015f\u0131nda<\/em><\/p>\n<p style=\"text-align: justify;\"><em>Beh\u00e7et Sefa Aysan &#8211; 44 ya\u015f\u0131nda, \u015fair<\/em><\/p>\n<p style=\"text-align: justify;\"><em>Erdal Ayranc\u0131 &#8211; 35 ya\u015f\u0131nda<\/em><\/p>\n<p style=\"text-align: justify;\"><em>As\u0131m Bezirci &#8211; 66 ya\u015f\u0131nda ara\u015ft\u0131rmac\u0131, yazar<\/em><\/p>\n<p style=\"text-align: justify;\"><em>Belk\u0131s \u00c7ak\u0131r &#8211; 18 ya\u015f\u0131nda<\/em><\/p>\n<p style=\"text-align: justify;\"><em>Serpil Canik &#8211; 19 ya\u015f\u0131nda<\/em><\/p>\n<p style=\"text-align: justify;\"><em>Muammer \u00c7i\u00e7ek &#8211; 26 ya\u015f\u0131nda, akt\u00f6r<\/em><\/p>\n<p style=\"text-align: justify;\"><em>Nesimi \u00c7imen &#8211; 62 ya\u015f\u0131nda, \u015fair, sanat\u00e7\u0131, \u00fc\u00e7 telli curan\u0131n son ustas\u0131<\/em><\/p>\n<p style=\"text-align: justify;\"><em>Carina Cuanna Thuijs &#8211; 23 ya\u015f\u0131nda, Hollandal\u0131 gazeteci<\/em><\/p>\n<p style=\"text-align: justify;\"><em>Serkan Do\u011fan &#8211; 19 ya\u015f\u0131nda<\/em><\/p>\n<p style=\"text-align: justify;\"><em>Hasret G\u00fcltekin &#8211; 23 ya\u015f\u0131nda \u015fair, sanat\u00e7\u0131<\/em><\/p>\n<p style=\"text-align: justify;\"><em>Murat G\u00fcnd\u00fcz &#8211; 22 ya\u015f\u0131nda<\/em><\/p>\n<p style=\"text-align: justify;\"><em>G\u00fcls\u00fcm Karababa -22 ya\u015f\u0131nda<\/em><\/p>\n<p style=\"text-align: justify;\"><em>U\u011fur Kaynar &#8211; 37 ya\u015f\u0131nda, \u015fair<\/em><\/p>\n<p style=\"text-align: justify;\"><em>Emin Bu\u011fdayc\u0131 -18 ya\u015f\u0131nda \u015fair.<\/em><\/p>\n<p style=\"text-align: justify;\"><em>Asaf Ko\u00e7ak &#8211; 35 ya\u015f\u0131nda, karikat\u00fcrist<\/em><\/p>\n<p style=\"text-align: justify;\"><em>Koray Kaya &#8211; 12 ya\u015f\u0131nda<\/em><\/p>\n<p style=\"text-align: justify;\"><em>Menek\u015fe Kaya &#8211; 15 ya\u015f\u0131nda<\/em><\/p>\n<p style=\"text-align: justify;\"><em>Handan Metin &#8211; 20 ya\u015f\u0131nda<\/em><\/p>\n<p style=\"text-align: justify;\"><em>Sait Metin &#8211; 23 ya\u015f\u0131nda<\/em><\/p>\n<p style=\"text-align: justify;\"><em>Huriye \u00d6zkan &#8211; 22 ya\u015f\u0131nda<\/em><\/p>\n<p style=\"text-align: justify;\"><em>Ye\u015fim \u00d6zkan &#8211; 20 ya\u015f\u0131nda<\/em><\/p>\n<p style=\"text-align: justify;\"><em>Ahmet \u00d6zyurt &#8211; 21 ya\u015f\u0131nda<\/em><\/p>\n<p style=\"text-align: justify;\"><em>Nurcan \u015eahin &#8211; 18 ya\u015f\u0131nda<\/em><\/p>\n<p style=\"text-align: justify;\"><em>\u00d6zlem \u015eahin &#8211; 17 ya\u015f\u0131nda<\/em><\/p>\n<p style=\"text-align: justify;\"><em>Asuman Sivri &#8211; 16 ya\u015f\u0131nda<\/em><\/p>\n<p style=\"text-align: justify;\"><em>Yasemin Sivri &#8211; 19 ya\u015f\u0131nda<\/em><\/p>\n<p style=\"text-align: justify;\"><em>Edibe Sulari &#8211; 40 ya\u015f\u0131nda, sanat\u00e7\u0131<\/em><\/p>\n<p style=\"text-align: justify;\"><em>\u0130nci T\u00fcrk &#8211; 22 ya\u015f\u0131nda<\/em><\/p>\n<p style=\"text-align: justify;\"><strong>Otel \u00e7al\u0131\u015fanlar\u0131\u00a0<\/strong><\/p>\n<p style=\"text-align: justify;\"><em>Ahmet \u00d6zt\u00fcrk &#8211; 21 ya\u015f\u0131nda<\/em><\/p>\n<p style=\"text-align: justify;\"><em>Kenan Y\u0131lmaz &#8211; 21 ya\u015f\u0131nda<\/em><\/p>\n<p style=\"text-align: justify;\"><strong>G\u00f6stericiler\u00a0<\/strong><\/p>\n<p style=\"text-align: justify;\"><em>Ahmet Alan<\/em><\/p>\n<p style=\"text-align: justify;\"><em>Hakan T\u00fcrkgil<\/em><\/p>\n<p style=\"text-align: justify;\"><a href=\"http:\/\/tr.wikipedia.org\/wiki\/Sivas_Katliam%C4%B1\" target=\"_blank\">Kaynak : Vikipedia.org<\/a><\/p>\n","protected":false},"excerpt":{"rendered":"<p style=\"text-align: center;\">\n<p style=\"text-align: justify;\">Erdo\u011fan&#8217;\u0131n Dersim Katliam\u0131 nedeniyle devlet ad\u0131na \u00f6z\u00fcr dilemesinin samimiyetine inanarak, &#8220;Bu da bir ad\u0131m&#8221; deyip sevinmeden \u00f6nce hat\u0131rlanmas\u0131 gereken tarihsel ger\u00e7ekler var. <\/p>\n","protected":false},"author":1,"featured_media":0,"comment_status":"open","ping_status":"open","sticky":false,"template":"","format":"standard","meta":{"footnotes":""},"categories":[105],"tags":[],"class_list":["post-43213","post","type-post","status-publish","format-standard","hentry","category-gundem","odd"],"_links":{"self":[{"href":"http:\/\/www.korhanyilmaz.com\/index.php?rest_route=\/wp\/v2\/posts\/43213","targetHints":{"allow":["GET"]}}],"collection":[{"href":"http:\/\/www.korhanyilmaz.com\/index.php?rest_route=\/wp\/v2\/posts"}],"about":[{"href":"http:\/\/www.korhanyilmaz.com\/index.php?rest_route=\/wp\/v2\/types\/post"}],"author":[{"embeddable":true,"href":"http:\/\/www.korhanyilmaz.com\/index.php?rest_route=\/wp\/v2\/users\/1"}],"replies":[{"embeddable":true,"href":"http:\/\/www.korhanyilmaz.com\/index.php?rest_route=%2Fwp%2Fv2%2Fcomments&post=43213"}],"version-history":[{"count":0,"href":"http:\/\/www.korhanyilmaz.com\/index.php?rest_route=\/wp\/v2\/posts\/43213\/revisions"}],"wp:attachment":[{"href":"http:\/\/www.korhanyilmaz.com\/index.php?rest_route=%2Fwp%2Fv2%2Fmedia&parent=43213"}],"wp:term":[{"taxonomy":"category","embeddable":true,"href":"http:\/\/www.korhanyilmaz.com\/index.php?rest_route=%2Fwp%2Fv2%2Fcategories&post=43213"},{"taxonomy":"post_tag","embeddable":true,"href":"http:\/\/www.korhanyilmaz.com\/index.php?rest_route=%2Fwp%2Fv2%2Ftags&post=43213"}],"curies":[{"name":"wp","href":"https:\/\/api.w.org\/{rel}","templated":true}]}}