{"id":43209,"date":"2011-11-23T20:25:50","date_gmt":"2011-11-23T18:25:50","guid":{"rendered":"http:\/\/www.korhanyilmaz.com\/?p=43209"},"modified":"2011-11-23T20:38:24","modified_gmt":"2011-11-23T18:38:24","slug":"gulden-abye-sonuclarina-katlanirsiniz","status":"publish","type":"post","link":"http:\/\/www.korhanyilmaz.com\/?p=43209","title":{"rendered":"G\u00fcl&#8217;den AB&#8217;ye: &#8220;Sonu\u00e7lar\u0131na katlan\u0131rs\u0131n\u0131z&#8221;"},"content":{"rendered":"<p style=\"text-align: center;\"><a href=\"http:\/\/www.korhanyilmaz.com\/wp-content\/uploads\/2011\/11\/7321.jpg\"  class=\"lightview\"><img loading=\"lazy\" decoding=\"async\" class=\"aligncenter  wp-image-43210\" src=\"http:\/\/www.korhanyilmaz.com\/wp-content\/uploads\/2011\/11\/7321.jpg\" alt=\"\" width=\"307\" height=\"236\" \/><\/a><\/p>\n<p style=\"text-align: justify;\">Cumhurba\u015fkan\u0131 Abdullah G\u00fcl, &#8220;K\u0131br\u0131s&#8217;taki yar\u0131m devletin 2012&#8217;nin ilk yar\u0131s\u0131nda AB D\u00f6nem Ba\u015fkanl\u0131\u011f\u0131 yapacak olmas\u0131 AB taraf\u0131n\u0131n zay\u0131fl\u0131\u011f\u0131n\u0131 g\u00f6steriyor. Bu \u015fartlar alt\u0131nda AB&#8217;nin K\u0131br\u0131s&#8217;\u0131n b\u00fct\u00fcnl\u00fc\u011f\u00fcn\u00fc tamamen imkans\u0131z hale getirecek s\u00fcrecin ba\u015flamas\u0131na sebep olaca\u011f\u0131ndan endi\u015feliyim&#8221;<\/p>\n<p style=\"text-align: justify;\">Cumhurba\u015fkan\u0131 G\u00fcl, \u0130ngiltere&#8217;ye ger\u00e7ekle\u015ftirdi\u011fi resmi ziyaret kapsam\u0131nda \u0130ngiltere Parlamentosunun bir grup milletvekiline hitap etti.\u00a0<!--more--><\/p>\n<p style=\"text-align: justify;\">Konu\u015fmas\u0131n\u0131 \u0130ngilizce olarak yapan G\u00fcl, T\u00fcrkiye-\u0130ngiltere ili\u015fkileri ve Arap Bahar\u0131na ili\u015fkin de\u011ferlendirmelerde bulunduktan sonra K\u0131br\u0131s meselesiyle ilgili AB&#8217;ye mesajlar verdi.<\/p>\n<p style=\"text-align: justify;\">Ada&#8217;da \u00e7\u00f6z\u00fcme ula\u015f\u0131lmas\u0131n\u0131 Rum taraf\u0131n\u0131n engelledi\u011fini belirten Cumhurba\u015fkan\u0131 G\u00fcl, AB \u00fclkelerinin, K\u0131br\u0131s&#8217;\u0131n tamam\u0131n\u0131 temsil etmeyen Rum kesimini \u00fcyeli\u011fe kabul ederek ilkeleriyle \u00e7eli\u015fti\u011fini s\u00f6yledi. G\u00fcl, \u015f\u00f6yle konu\u015ftu:<\/p>\n<p style=\"text-align: justify;\">&#8220;K\u0131br\u0131s&#8217;taki yar\u0131m devletin 2012&#8217;nin ilk yar\u0131s\u0131nda AB D\u00f6nem Ba\u015fkanl\u0131\u011f\u0131 yapacak olmas\u0131, AB taraf\u0131n\u0131n zay\u0131fl\u0131\u011f\u0131n\u0131 g\u00f6steriyor. AB&#8217;nin bu durumu normal g\u00f6rmesi, Rum taraf\u0131n\u0131 \u00e7\u00f6z\u00fcm konusunda isteksizle\u015ftirdi. Bu \u015fartlar alt\u0131nda AB&#8217;nin K\u0131br\u0131s&#8217;\u0131n b\u00fct\u00fcnl\u00fc\u011f\u00fcn\u00fc tamamen imkans\u0131z hale getirecek s\u00fcrecin ba\u015flamas\u0131na sebep olaca\u011f\u0131ndan endi\u015feliyim. B\u00f6yle bir s\u00fcrecin sonu\u00e7lar\u0131na er ya da ge\u00e7 herkes katlanmak zorunda kalacakt\u0131r. AB, ortaya \u00e7\u0131kabilecek b\u00f6yle bir durumu ancak siyasi irade g\u00f6stererek \u00f6nleyebilir. \u0130ngiliz dostlar\u0131m\u0131z AB taraf\u0131nda bu niyetin sergilenmesi i\u00e7in kritik rol oynayabilir.&#8221;<\/p>\n<p style=\"text-align: justify;\"><a href=\"http:\/\/www.cnnturk.com\/2011\/dunya\/11\/23\/gulden.abye.sonuclarina.katlanirsiniz\/637863.0\/index.html\">Kaynak : CNN T\u00dcRK<\/a><\/p>\n","protected":false},"excerpt":{"rendered":"<p style=\"text-align: center;\">\n<p style=\"text-align: justify;\">Cumhurba\u015fkan\u0131 Abdullah G\u00fcl, &#8220;K\u0131br\u0131s&#8217;taki yar\u0131m devletin 2012&#8217;nin ilk yar\u0131s\u0131nda AB D\u00f6nem Ba\u015fkanl\u0131\u011f\u0131 yapacak olmas\u0131 AB taraf\u0131n\u0131n zay\u0131fl\u0131\u011f\u0131n\u0131 g\u00f6steriyor. Bu \u015fartlar alt\u0131nda AB&#8217;nin K\u0131br\u0131s&#8217;\u0131n b\u00fct\u00fcnl\u00fc\u011f\u00fcn\u00fc tamamen imkans\u0131z hale getirecek s\u00fcrecin ba\u015flamas\u0131na sebep olaca\u011f\u0131ndan endi\u015feliyim&#8221;<\/p>\n<p style=\"text-align: justify;\">Cumhurba\u015fkan\u0131 G\u00fcl, \u0130ngiltere&#8217;ye ger\u00e7ekle\u015ftirdi\u011fi resmi ziyaret kapsam\u0131nda \u0130ngiltere Parlamentosunun bir grup milletvekiline hitap etti. <\/p>\n","protected":false},"author":1,"featured_media":0,"comment_status":"open","ping_status":"open","sticky":false,"template":"","format":"standard","meta":{"footnotes":""},"categories":[105],"tags":[],"class_list":["post-43209","post","type-post","status-publish","format-standard","hentry","category-gundem","odd"],"_links":{"self":[{"href":"http:\/\/www.korhanyilmaz.com\/index.php?rest_route=\/wp\/v2\/posts\/43209","targetHints":{"allow":["GET"]}}],"collection":[{"href":"http:\/\/www.korhanyilmaz.com\/index.php?rest_route=\/wp\/v2\/posts"}],"about":[{"href":"http:\/\/www.korhanyilmaz.com\/index.php?rest_route=\/wp\/v2\/types\/post"}],"author":[{"embeddable":true,"href":"http:\/\/www.korhanyilmaz.com\/index.php?rest_route=\/wp\/v2\/users\/1"}],"replies":[{"embeddable":true,"href":"http:\/\/www.korhanyilmaz.com\/index.php?rest_route=%2Fwp%2Fv2%2Fcomments&post=43209"}],"version-history":[{"count":0,"href":"http:\/\/www.korhanyilmaz.com\/index.php?rest_route=\/wp\/v2\/posts\/43209\/revisions"}],"wp:attachment":[{"href":"http:\/\/www.korhanyilmaz.com\/index.php?rest_route=%2Fwp%2Fv2%2Fmedia&parent=43209"}],"wp:term":[{"taxonomy":"category","embeddable":true,"href":"http:\/\/www.korhanyilmaz.com\/index.php?rest_route=%2Fwp%2Fv2%2Fcategories&post=43209"},{"taxonomy":"post_tag","embeddable":true,"href":"http:\/\/www.korhanyilmaz.com\/index.php?rest_route=%2Fwp%2Fv2%2Ftags&post=43209"}],"curies":[{"name":"wp","href":"https:\/\/api.w.org\/{rel}","templated":true}]}}