{"id":43205,"date":"2011-11-23T18:23:25","date_gmt":"2011-11-23T16:23:25","guid":{"rendered":"http:\/\/www.korhanyilmaz.com\/?p=43205"},"modified":"2011-11-23T20:34:35","modified_gmt":"2011-11-23T18:34:35","slug":"ocalan-hakkinda-suc-duyurusu","status":"publish","type":"post","link":"http:\/\/www.korhanyilmaz.com\/?p=43205","title":{"rendered":"\u00d6calan hakk\u0131nda su\u00e7 duyurusu"},"content":{"rendered":"<p style=\"text-align: justify;\"><a href=\"http:\/\/www.korhanyilmaz.com\/wp-content\/uploads\/2011\/11\/7320.jpg\"  class=\"lightview\"><img loading=\"lazy\" decoding=\"async\" class=\"aligncenter size-full wp-image-43206\" title=\"\" src=\"http:\/\/www.korhanyilmaz.com\/wp-content\/uploads\/2011\/11\/7320.jpg\" alt=\"\" width=\"292\" height=\"201\" \/><\/a><\/p>\n<p style=\"text-align: justify;\">Abdullah \u00d6calan hakk\u0131nda, &#8220;cezaevinden verdi\u011fi talimatlarla ter\u00f6r \u00f6rg\u00fct\u00fcn\u00fcn eylemlerini y\u00f6netti\u011fi&#8221; iddias\u0131yla Ankara Cumhuriyet Ba\u015fsavc\u0131l\u0131\u011f\u0131&#8217;na su\u00e7 duyurusunda bulunuldu.<\/p>\n<p style=\"text-align: justify;\">Ak\u015fam saatlerinde Ankara Adliyesine gelen Ankara Barosu&#8217;na kay\u0131tl\u0131 Avukat Yunus Akyol, su\u00e7 duyurusu dilek\u00e7esini, \u0130stanbul \u00d6zel Yetkili Cumhuriyet Ba\u015fsavc\u0131l\u0131\u011f\u0131na g\u00f6nderilmek \u00fczere Ankara Cumhuriyet Ba\u015fsavc\u0131l\u0131\u011f\u0131na verdi.\u00a0<!--more--><\/p>\n<p style=\"text-align: justify;\">Dilek\u00e7ede, ter\u00f6r \u00f6rg\u00fct\u00fc PKK&#8217;y\u0131 kurup, sevk ve idare ederek, devletin hakimiyetindeki topraklardan bir k\u0131sm\u0131n\u0131 devlet idaresinden ay\u0131rmaya y\u00f6nelik su\u00e7 i\u015fleyen \u00d6calan hakk\u0131nda kamu davas\u0131 a\u00e7\u0131ld\u0131\u011f\u0131, hakk\u0131nda idam cezas\u0131 verildi\u011fi, bu karar\u0131n Yarg\u0131tay 9. Ceza Dairesince onanarak kesinle\u015fti\u011fi hat\u0131rlat\u0131ld\u0131.<\/p>\n<p style=\"text-align: justify;\">Avrupa Birli\u011fi m\u00fcktesebat\u0131na uyum s\u00fcrecinde, Anayasa ve kanunlarda yap\u0131lan de\u011fi\u015fikliklerle \u00d6calan&#8217;\u0131n cezas\u0131n\u0131n a\u011f\u0131rla\u015ft\u0131r\u0131lm\u0131\u015f m\u00fcebbet hapse d\u00f6n\u00fc\u015ft\u00fcr\u00fcld\u00fc\u011f\u00fc an\u0131msat\u0131lan dilek\u00e7ede, \u00d6calan&#8217;\u0131n, cezas\u0131n\u0131n infaz\u0131n\u0131 \u0130mral\u0131 F Tipi y\u00fcksek g\u00fcvenlikli cezaevinde s\u00fcrd\u00fcrd\u00fc\u011f\u00fc belirtildi.<\/p>\n<p style=\"text-align: justify;\">\u00d6calan&#8217;\u0131n h\u00fck\u00fcmden sonra da &#8220;PKK ter\u00f6r \u00f6rg\u00fct\u00fcn\u00fcn fiili olarak liderli\u011fini yapmaya, \u00f6rg\u00fct\u00fc ve siyasi uzant\u0131lar\u0131n\u0131 cezaevinden y\u00f6netmeye devam etti\u011fi&#8221; ileri s\u00fcr\u00fclen dilek\u00e7ede, &#8220;Abdullah \u00d6calan, \u0130mral\u0131&#8217;dan Kandil&#8217;e mesajlar g\u00f6nderebilmekte, d\u00fcnya kamuoyuna a\u00e7\u0131klamalar yapabilmekte, yeni parti kurulmas\u0131n\u0131 emretmekte ve kurdurabilmektedir&#8221; ifadesi kullan\u0131ld\u0131. Dilek\u00e7ede, \u015funlar kaydedildi:<\/p>\n<p style=\"text-align: justify;\">&#8220;\u015e\u00fcpheli, cezaevinde bulundu\u011fu s\u00fcre i\u00e7erisinde \u00f6rg\u00fct\u00fcn yapt\u0131\u011f\u0131 \u00f6ld\u00fcrme, yaralama, bombalama, karakol bask\u0131n\u0131, molotofkokteyli sald\u0131r\u0131 eylemlerinden sorumlu olup eylemlere ili\u015fkin talimatlar\u0131n\u0131 s\u00f6zde savunma hakk\u0131n\u0131 kullanmak maksad\u0131yla g\u00f6r\u00fc\u015ft\u00fc\u011f\u00fc avukatlar\u0131 arac\u0131l\u0131\u011f\u0131yla \u00f6rg\u00fcte ve siyasi uzant\u0131lar\u0131na ula\u015ft\u0131rarak, ter\u00f6r \u00f6rg\u00fct\u00fcn\u00fc fiilen y\u00f6netmeye ve eylem talimatlar\u0131 vermeye devam etmi\u015ftir. \u015e\u00fcphelinin bu \u015fekilde verdi\u011fi 130 eylem talimat\u0131 sonucu 132 g\u00fcvenlik g\u00f6revlimiz \u015fehit olmu\u015f, bu kapsamda da \u00d6calan&#8217;\u0131n avukatlar\u0131 taraf\u0131ndan 130 talimat KCK\/PKK&#8217;ya aktar\u0131lm\u0131\u015ft\u0131r.&#8221;<\/p>\n<p style=\"text-align: justify;\">Dilek\u00e7ede, \u00d6calan hakk\u0131nda gerekli soru\u015fturman\u0131n yap\u0131larak, 5237 say\u0131l\u0131 T\u00fcrk Ceza Kanunu&#8217;nun 309. maddesi (Cebir ve \u015fiddet kullanarak, T\u00fcrkiye Cumhuriyeti Anayasas\u0131n\u0131n \u00f6ng\u00f6rd\u00fc\u011f\u00fc d\u00fczeni ortadan kald\u0131rmaya veya bu d\u00fczen yerine ba\u015fka bir d\u00fczen getirmeye veya bu d\u00fczenin fiilen uygulanmas\u0131n\u0131 \u00f6nlemeye te\u015febb\u00fcs), 302. maddesi (Devletin birli\u011fini ve \u00fclke b\u00fct\u00fcnl\u00fc\u011f\u00fcn\u00fc bozmak) ve 3713 say\u0131l\u0131 Ter\u00f6rle M\u00fccadele Kanunu&#8217;na g\u00f6re (Silahl\u0131 Ter\u00f6r \u00d6rg\u00fct\u00fc Kurma ve Y\u00f6netme) cezaland\u0131r\u0131lmas\u0131 i\u00e7in kamu davas\u0131 a\u00e7\u0131lmas\u0131 talep edildi.<\/p>\n<p style=\"text-align: justify;\"><a href=\"http:\/\/www.cnnturk.com\/2011\/turkiye\/11\/23\/ocalan.hakkinda.suc.duyurusu\/637856.0\/index.html\" target=\"_blank\">Kaynak : CNN T\u00dcRK<\/a><\/p>\n","protected":false},"excerpt":{"rendered":"<p style=\"text-align: justify;\">\n<p style=\"text-align: justify;\">Abdullah \u00d6calan hakk\u0131nda, &#8220;cezaevinden verdi\u011fi talimatlarla ter\u00f6r \u00f6rg\u00fct\u00fcn\u00fcn eylemlerini y\u00f6netti\u011fi&#8221; iddias\u0131yla Ankara Cumhuriyet Ba\u015fsavc\u0131l\u0131\u011f\u0131&#8217;na su\u00e7 duyurusunda bulunuldu.<\/p>\n<p style=\"text-align: justify;\">Ak\u015fam saatlerinde Ankara Adliyesine gelen Ankara Barosu&#8217;na kay\u0131tl\u0131 Avukat Yunus Akyol, su\u00e7 duyurusu dilek\u00e7esini, \u0130stanbul \u00d6zel Yetkili Cumhuriyet Ba\u015fsavc\u0131l\u0131\u011f\u0131na g\u00f6nderilmek \u00fczere Ankara Cumhuriyet Ba\u015fsavc\u0131l\u0131\u011f\u0131na verdi. <\/p>\n","protected":false},"author":1,"featured_media":0,"comment_status":"open","ping_status":"open","sticky":false,"template":"","format":"standard","meta":{"footnotes":""},"categories":[105],"tags":[],"class_list":["post-43205","post","type-post","status-publish","format-standard","hentry","category-gundem","odd"],"_links":{"self":[{"href":"http:\/\/www.korhanyilmaz.com\/index.php?rest_route=\/wp\/v2\/posts\/43205","targetHints":{"allow":["GET"]}}],"collection":[{"href":"http:\/\/www.korhanyilmaz.com\/index.php?rest_route=\/wp\/v2\/posts"}],"about":[{"href":"http:\/\/www.korhanyilmaz.com\/index.php?rest_route=\/wp\/v2\/types\/post"}],"author":[{"embeddable":true,"href":"http:\/\/www.korhanyilmaz.com\/index.php?rest_route=\/wp\/v2\/users\/1"}],"replies":[{"embeddable":true,"href":"http:\/\/www.korhanyilmaz.com\/index.php?rest_route=%2Fwp%2Fv2%2Fcomments&post=43205"}],"version-history":[{"count":0,"href":"http:\/\/www.korhanyilmaz.com\/index.php?rest_route=\/wp\/v2\/posts\/43205\/revisions"}],"wp:attachment":[{"href":"http:\/\/www.korhanyilmaz.com\/index.php?rest_route=%2Fwp%2Fv2%2Fmedia&parent=43205"}],"wp:term":[{"taxonomy":"category","embeddable":true,"href":"http:\/\/www.korhanyilmaz.com\/index.php?rest_route=%2Fwp%2Fv2%2Fcategories&post=43205"},{"taxonomy":"post_tag","embeddable":true,"href":"http:\/\/www.korhanyilmaz.com\/index.php?rest_route=%2Fwp%2Fv2%2Ftags&post=43205"}],"curies":[{"name":"wp","href":"https:\/\/api.w.org\/{rel}","templated":true}]}}