{"id":43200,"date":"2011-11-23T12:52:05","date_gmt":"2011-11-23T10:52:05","guid":{"rendered":"http:\/\/www.korhanyilmaz.com\/?p=43200"},"modified":"2011-11-23T21:06:13","modified_gmt":"2011-11-23T19:06:13","slug":"erdogan-dersimin-belgesini-gosterdi","status":"publish","type":"post","link":"http:\/\/www.korhanyilmaz.com\/?p=43200","title":{"rendered":"Erdo\u011fan Dersim&#8217;in belgesini g\u00f6sterdi"},"content":{"rendered":"<p style=\"text-align: center;\"><a href=\"http:\/\/www.korhanyilmaz.com\/wp-content\/uploads\/2011\/11\/7319.jpg\"  class=\"lightview\"><img loading=\"lazy\" decoding=\"async\" class=\"aligncenter  wp-image-43201\" src=\"http:\/\/www.korhanyilmaz.com\/wp-content\/uploads\/2011\/11\/7319.jpg\" alt=\"\" width=\"346\" height=\"265\" \/><\/a><\/p>\n<p style=\"text-align: justify;\">Ba\u015fbakan Recep Tayyip Erdo\u011fan &#8220;Dersim olaylar\u0131 ile ilgili Devlet ad\u0131na \u00f6z\u00fcr dilemek gerekiyorsa ben dilerim&#8221; dedi. Erdo\u011fan olaylarda &#8220;1936, 1937, 1938 ve 1939&#8217;da toplam 13 bin 806 ki\u015finin \u00f6ld\u00fcr\u00fcld\u00fc\u011f\u00fcn\u00fc&#8221; g\u00f6steren bir belge a\u00e7\u0131klad\u0131.<\/p>\n<p style=\"text-align: justify;\">Ba\u015fbakan Erdo\u011fan, Dersim&#8217;e yap\u0131lan m\u00fcdahalenin bilan\u00e7osunu i\u00e7eren 8 A\u011fustos 1939 tarihli belgeyi g\u00f6sterdi.\u00a0<!--more--><\/p>\n<p style=\"text-align: justify;\">Erdo\u011fan, belgede &#8220;1936, 1937, 1938 ve 1939&#8217;da, toplam 13 bin 806 ki\u015finin \u00f6ld\u00fcr\u00fcld\u00fc\u011f\u00fcn\u00fcn&#8221; ifade edildi\u011fini, belgenin ise d\u00f6nemin Dahiliye Vekili Faik \u00d6ztrak&#8217;a ait oldu\u011funu a\u00e7\u0131klad\u0131.<\/p>\n<p style=\"text-align: justify;\">\u0130\u015fte Ba\u015fkakan Erdo\u011fan&#8217;\u0131n a\u00e7\u0131klamalar\u0131ndan di\u011fer \u00f6ne \u00e7\u0131kanlar:<\/p>\n<p style=\"text-align: justify;\"><strong>K\u0131l\u0131\u00e7daro\u011flu&#8217;na ele\u015ftiriler:<\/strong><\/p>\n<p style=\"text-align: justify;\">&#8211; \u015eimdi \u00e7\u0131km\u0131\u015f diyor ki &#8216;Ben Ba\u015fbakan olaca\u011f\u0131m.&#8217; Daha \u00e7ok beklersin. \u0130craatlar\u0131m\u0131zla ba\u015far\u0131l\u0131 bir iktidar olduk, politikalar\u0131m\u0131zla ba\u015far\u0131l\u0131y\u0131z. Biz ba\u015far\u0131s\u0131n\u0131 kendi kendine de\u011ferlendiren bir parti de de\u011filiz. Ba\u015far\u0131m\u0131z\u0131 ve ba\u015far\u0131s\u0131zl\u0131\u011f\u0131m\u0131z\u0131 milletin \u00f6n\u00fcne konulan sand\u0131ktan \u00e7\u0131kan sonuca g\u00f6re muhasebemizi yap\u0131yoruz.<\/p>\n<p style=\"text-align: justify;\">&#8211; Muhalefet \u015f\u00f6yle demi\u015f, b\u00f6yle demi\u015f kafan\u0131z\u0131 takmay\u0131n. Her zaman da cevap vermeye gerek yok. Biz i\u015fimize bakal\u0131m. Bizim daha yapacak \u00e7ok i\u015fimiz var. Ve bunlar\u0131n dilinden \u00e7\u0131kan ifadelere ayn\u0131 dille cevap da vermeyin.<\/p>\n<p style=\"text-align: justify;\">&#8211; Zaman zaman, adeta a\u011f\u0131zlar\u0131ndan salyalar ak\u0131yor. Bizim edebimizde, terbiyemizde, yeti\u015fme tarz\u0131m\u0131zda bunlar\u0131n hi\u00e7biri yok. \u0130\u015fte ana muhalefetin ba\u015fkan\u0131n\u0131n d\u00fcn yapt\u0131\u011f\u0131 konu\u015fmalarda, sokaktan ge\u00e7en, hi\u00e7 yeti\u015fmemi\u015f, adeta m\u00fcrekkep yalamam\u0131\u015f bir tip ve konu\u015fmalar b\u00f6yle. Ben bug\u00fcn ona ayn\u0131 dille cevap vermem, vermeyece\u011fim.<\/p>\n<p style=\"text-align: justify;\"><strong>&#8220;Dokunulmaz konulara dokunduk&#8221;\u00a0<\/strong><\/p>\n<p style=\"text-align: justify;\">&#8211; Biz Cumhuriyet tarihimizin rekorlar\u0131n\u0131 k\u0131rm\u0131\u015f bir partiyiz. Biz bu \u00fclkenin siyasetine demokrasisine hak ve \u00f6zg\u00fcrl\u00fcklerine musallat olan her bela kar\u015f\u0131s\u0131nda biz 9 y\u0131l boyunca dimdik durduk. Nice dokunulmaz konu vard\u0131. Biz hepsine dokunduk. Konu\u015fulmayanlar\u0131n, yaz\u0131lmayanlar\u0131n yaz\u0131lmas\u0131n\u0131 sa\u011flad\u0131k.<\/p>\n<p style=\"text-align: justify;\">&#8211; Yap\u0131c\u0131 ele\u015ftirilere her zaman a\u00e7\u0131\u011f\u0131z. Ama bunun bask\u0131 kampanya \u015feklinde bize zorla dayat\u0131lmas\u0131na asla m\u00fcsaade etmeyiz. Bizim rehberimiz bizzat millettir. Biz her politikada millet ne der sorusunu kendimize sorar\u0131z. Son d\u00f6nemdeki baz\u0131 yarg\u0131 kararlar\u0131ndan dolay\u0131 bize bel alt\u0131ndan vurmaya \u00e7al\u0131\u015fanlar, neye hizmet ettiklerinin fark\u0131na vars\u0131nlar.<\/p>\n<p style=\"text-align: justify;\"><strong>&#8220;Partisinin ge\u00e7mi\u015fine baks\u0131n&#8221;\u00a0<\/strong><\/p>\n<p style=\"text-align: justify;\">&#8211; Silivri\u2019yi toplama kamp\u0131 olarak g\u00f6steren say\u0131n genel ba\u015fkan kendi partisinin ge\u00e7mi\u015fine baks\u0131n. Ge\u00e7mi\u015fte bu \u00fclkenin evlatlar\u0131n\u0131n nas\u0131l toplama kamplar\u0131na getirildiklerini bu millet \u00e7ok iyi biliyor. Bunlar\u0131 ben dedemden de babamdan da dinledim. Adeta tavuk k\u00fcmeslerinde nas\u0131l sakland\u0131klar\u0131n\u0131 anlatt\u0131lar.<\/p>\n<p style=\"text-align: justify;\"><strong>&#8220;CHP&#8217;nin Tunceli k\u00f6kenli Ba\u015fbakan\u0131&#8230;&#8221;\u00a0<\/strong><\/p>\n<p style=\"text-align: justify;\">&#8211; &#8220;Dersim, yak\u0131n tarihimizdeki en ac\u0131, en trajik olaylardan biridir. Dersim, ayd\u0131nlat\u0131lmay\u0131, cesaretle sorgulanmay\u0131 bekleyen bir faciad\u0131r. Dersim, CHP h\u00fck\u00fcmetlerinin onlarca, y\u00fczlerce facias\u0131ndan en ac\u0131s\u0131d\u0131r, en kanl\u0131s\u0131d\u0131r&#8230; Dersim facia kar\u015f\u0131s\u0131nda \u00f6z\u00fcrdileyecek olan, bu faciayla y\u00fczle\u015fecek olan, AK Parti de\u011fil, AK Parti h\u00fck\u00fcmeti de\u011fil, bizzat bu facian\u0131n, bu kanl\u0131 eserin sahibi olan CHP&#8217;dir, CHP&#8217;nin Tunceli milletvekilleridir, CHP&#8217;nin Tunceli k\u00f6kenli Genel Ba\u015fkan\u0131d\u0131r&#8221;<\/p>\n<p style=\"text-align: justify;\"><strong>&#8220;KCK operasyonlar\u0131n\u0131 destekliyorum&#8221;\u00a0<\/strong><\/p>\n<p style=\"text-align: justify;\">&#8211; KCK operasyonlar\u0131n\u0131 bir ba\u015fbakan olarak ben bug\u00fcne kadar aynen destekledim ve destekliyorum. Zira milli birli\u011fimiz, beraberli\u011fimiz ve karde\u015fli\u011fimiz i\u00e7in yap\u0131lan operasyonda i\u015fte bak\u0131n bir \u00e7ok \u015feyler d\u00f6k\u00fcl\u00fcyorlar etrafa. Nelerin nereden ta\u015f\u0131nd\u0131klar\u0131 ortada. Adam kendisinin yapmas\u0131 gereken hukuk m\u00fccadelesini y\u00fcr\u00fctm\u00fcyor, \u00f6rg\u00fct eleman\u0131 olarak bu \u00fclkenin beraberli\u011fini bozman\u0131n gayreti i\u00e7inde olmu\u015flar. Buna illegal bir yap\u0131lanmaya, kalk\u0131p da bir hukuk devletinin m\u00fcsaade etmesi d\u00fc\u015f\u00fcn\u00fclebilir mi?<\/p>\n<p style=\"text-align: justify;\"><strong>&#8220;Bu kitap yak\u0131n tarihimizdeki bask\u0131n\u0131 anlat\u0131yor&#8230; &#8221;\u00a0<\/strong><\/p>\n<p style=\"text-align: justify;\">&#8211; Bizim Dersim\u2019le, Dersim katliam\u0131yla olan ilgimiz, yeni g\u00fcncel ve siyasete y\u00f6nelik bir ilgi asla ve asla de\u011fildir. \u00d6yle kitaplar vard\u0131r ki hayat\u0131n\u0131z\u0131 de\u011fi\u015ftirir. Okudu\u011funuz bir sat\u0131r, nefes al\u0131p verdi\u011finiz s\u00fcrece haf\u0131zan\u0131zdan \u00e7\u0131kmaz.<\/p>\n<p style=\"text-align: justify;\">&#8211; Size burada \u00f6yle bir kitap g\u00f6stermek istiyorum. Necip Faz\u0131l K\u0131sak\u00fcrek\u2019in \u201cSon Devrin Din Mazlumlar\u0131\u201d ilk bask\u0131s\u0131 1969\u2019da yap\u0131lan bu kitap, yak\u0131n tarihimizdeki bask\u0131n\u0131 anlat\u0131yor. Karanl\u0131k sayfalar\u0131na bir kap\u0131 aral\u0131yor. Bu kitap zaman zaman yasakland\u0131, toplat\u0131ld\u0131. Kimler taraf\u0131ndan biliyor musunuz? CHP ortak y\u00f6netimleri taraf\u0131ndan. \u0130\u015fte benim de, benim neslimin de Dersim\u2019le ilk tan\u0131\u015fmam\u0131z bu eserle olmu\u015ftur.<\/p>\n<p style=\"text-align: justify;\">&#8211; \u00dcstad Alevi dememi\u015ftir. Bak\u0131n buras\u0131 \u00e7ok \u00f6nemli. Say\u0131n K\u0131l\u0131\u00e7daro\u011flu sen niye demiyorsun?<\/p>\n<p style=\"text-align: justify;\"><strong>&#8220;K\u0131l\u0131\u00e7daro\u011flu sana yaz\u0131klar olsun&#8221;\u00a0<\/strong><\/p>\n<p style=\"text-align: justify;\">&#8211; Milletvekili arkada\u015f\u0131m Mehmet Metiner sizin a\u015firetinizden bahsetti. S\u00f6yle, niye s\u00f6ylemiyorsun? Burada \u00fcstad K\u00fcrt, Ermeni dememi\u015ftir. Necip Faz\u0131l, Dersim ve Dersimlileri din mazlumlar\u0131 s\u0131n\u0131f\u0131na alarak insan\u0131 trajediyi bize aktarm\u0131\u015ft\u0131r.<\/p>\n<p style=\"text-align: justify;\"><strong>&#8220;Aln\u0131n\u0131 kar\u0131\u015flar\u0131m&#8221;\u00a0<\/strong><\/p>\n<p style=\"text-align: justify;\">&#8211; Bak ben bunu konu\u015fuyorum, ama sen gelip beni Ermeni diasporas\u0131yla ayn\u0131 yere oturtmaya \u00e7al\u0131\u015f\u0131yorsun. Sana yaz\u0131klar olsun. T\u00fcrkiye Cumhuriyeti\u2019nin Ba\u015fbakan\u0131 Tayyip Erdo\u011fan\u2019\u0131 Ermeni diasporas\u0131yla ayn\u0131 yere oturtan\u0131n aln\u0131n\u0131 kar\u0131\u015flar\u0131m.<\/p>\n<p style=\"text-align: justify;\"><strong>&#8220;Bu rapor sadece 100 adet bas\u0131lm\u0131\u015f&#8221;\u00a0<\/strong><\/p>\n<p style=\"text-align: justify;\">&#8211; Dersim\u2019e yap\u0131lan operasyonlar bir isyan\u0131n bast\u0131r\u0131lmas\u0131 olarak zihinlerde me\u015frula\u015ft\u0131r\u0131lmaya \u00e7al\u0131\u015ft\u0131r\u0131l\u0131yor. Ama ilk Meclis\u2019te Dersim Mebusu olarak bizzat Atat\u00fcrk taraf\u0131ndan davet edilen Diyap A\u011fa\u2019dan kimse bahsetmiyor.<\/p>\n<p style=\"text-align: justify;\">&#8211; Seyit R\u0131za\u2019n\u0131n 1915 olaylar\u0131 s\u0131ras\u0131nda, i\u015fgalci ordular\u0131yla sava\u015ft\u0131\u011f\u0131ndan, din ve namusu i\u00e7in hizmet etti\u011fi i\u00e7in vali taraf\u0131ndan \u015fereflendirildi\u011finden kimse bahsetmiyor. Bu rapor sadece 100 adet bas\u0131larak, gizli ve zat\u2019a mahsus olarak belli yerlere g\u00f6nderilmi\u015f bir rapordur. Say\u0131n K\u0131l\u0131\u00e7daro\u011flu, belge ve ar\u015fivden bahsetti. Ba\u015fbakanl\u0131\u011f\u0131n ar\u015fivi a\u00e7\u0131kt\u0131r. Say\u0131n K\u0131l\u0131\u00e7daro\u011flu g\u00f6rmek istiyorsan buyurursun g\u00f6r\u00fcrs\u00fcn incelersin. O \u015fartlar i\u00e7erisinde de bu konudaki bilgisizli\u011fini giderirsin.<\/p>\n<p style=\"text-align: justify;\"><strong>DERS\u0130M&#8217;E YAPILACAK OPERASYONUN AYRINTILARI..<\/strong>.<\/p>\n<p style=\"text-align: justify;\">&#8211; Ne var bu raporda? Sadece birka\u00e7 c\u00fcmleyi aktar\u0131yorum:<\/p>\n<p style=\"text-align: justify;\">&#8211; Sayfa 199. 1926 y\u0131l\u0131nda m\u00fclkiye m\u00fcfetti\u015fi Hamdi beyin raporuna at\u0131f yap\u0131l\u0131yor<\/p>\n<p style=\"text-align: justify;\">&#8211; Dersim h\u00fck\u00fcmeti Cumhuriyet i\u00e7in bir \u00e7\u0131band\u0131r. Bu \u00e7\u0131ban \u00fczerinde kati bir ameliye yapmak ve ihtimalat\u0131 selameti memleket nam\u0131na farz\u0131 ay\u0131md\u0131r diyor. Ve 201. sayfas\u0131nda. Dersim T\u00fcrkiye i\u00e7in cehalet, mai\u015fet darl\u0131\u011f\u0131, dahili ve harici tesvilat ve K\u00fcrtl\u00fck temal\u00fcat\u0131 ile bula\u015fm\u0131\u015f tehlikeli bir \u00e7\u0131band\u0131r. Kesin bir ameliyeye tabii tutulmas\u0131 laz\u0131md\u0131r. Bunun i\u00e7in evvela silah toplamak ard\u0131ndan \u0131slahat yapmak icap eder.<\/p>\n<p style=\"text-align: justify;\"><strong>G\u00f6\u00e7 ettirilecek a\u015firetlerin listesi&#8230;\u00a0<\/strong><\/p>\n<p style=\"text-align: justify;\">Bu rapor eski raporlar\u0131 hat\u0131rlatt\u0131ktan sonra kendi \u00e7\u00f6z\u00fcm \u00f6nerilerini ortaya koyuyor. Dersim\u2019e yap\u0131lacak harekat\u0131n ayr\u0131nt\u0131lar\u0131, g\u00f6\u00e7 ettirilecek a\u015firetlerin listesi anlat\u0131l\u0131yor.<\/p>\n<p style=\"text-align: justify;\"><strong>DERS\u0130M BELGELER\u0130\u00a0<\/strong><\/p>\n<p style=\"text-align: justify;\">Belge 1: Yine 1935 y\u0131l\u0131nda bir kanun \u00e7\u0131kar\u0131l\u0131yor. Ad\u0131 Tunceli vilayetinin idaresi hakk\u0131nda kanun. O zaman sadece Tunceli\u2019yi kapsam\u0131yor, \u015fimdiki \u00e7evre illeri de kaps\u0131yor.<\/p>\n<p style=\"text-align: justify;\">Madde 1: Tunceli vilayetine kor komutan r\u00fctbesinde bir zat, vali ve bir kumandan olarak se\u00e7ilir. Sonra bu vali ve kumandana yasada \u00e7ok enteresan haklar tan\u0131n\u0131yor. Mesela, gerek g\u00f6r\u00fcrlerse aileleri bir yerden bir yere g\u00f6\u00e7 ettirebilir. Mesela idam h\u00fck\u00fcmleri hemen infaz yap\u0131l\u0131r.<\/p>\n<p style=\"text-align: justify;\">Say\u0131n K\u0131l\u0131\u00e7daro\u011flu haberin var m\u0131 bunlardan?<\/p>\n<p style=\"text-align: justify;\"><strong>&#8220;Dersim&#8217;de b\u00fcy\u00fck bir dram ya\u015fan\u0131yor&#8221;\u00a0<\/strong><\/p>\n<p style=\"text-align: justify;\">Mesela ceza mahkemelerinde verilen kararlar\u0131n temyizine gerek yoktur. \u0130\u015fte bu kanunun ard\u0131ndan haz\u0131rl\u0131klar yap\u0131l\u0131yor. 1937-38-39 y\u0131llar\u0131nda Dersim\u2019de maalesef b\u00fcy\u00fck bir dram ya\u015fan\u0131yor. Havadan, karadan toplarla Dersim\u2019de hareket eden her \u015fey katlediliyor.<\/p>\n<p style=\"text-align: justify;\"><strong>&#8220;O d\u00f6nemde sadece CHP var&#8221;\u00a0<\/strong><\/p>\n<p style=\"text-align: justify;\">&#8211; Dersim olaylar\u0131 s\u0131ras\u0131nda oralarda asker olan bir isim veriyorum. Muhsin Batur. Kim oldu\u011funu biliyorsunuz de\u011fil mi? O d\u00f6nemde sadece CHP var. \u015eimdi CHP kendi ge\u00e7mi\u015fini g\u00fcya bunlardan kurtaracak onun i\u00e7in bana fatura kesmek istiyor. \u00d6z\u00fcr dilesin diyor. B\u00fct\u00fcn bu i\u015flerin valisi her \u015feyi sizsiniz. Bizim devlet olarak \u00f6z\u00fcr dilememize mani bir \u015fey yok ama. Bu i\u015fin nedeni sizin zihniyetiniz, CHP zihniyeti. Buna eski defterleri kar\u0131\u015ft\u0131rmak denmez.<\/p>\n<p style=\"text-align: justify;\">Dersim olaylar\u0131 s\u0131ras\u0131nda asker olan Muhsin Batur an\u0131lar\u0131nda aynen \u015f\u00f6yle yaz\u0131yor:<\/p>\n<p style=\"text-align: justify;\">&#8220;G\u00fcnlerden bir g\u00fcn emir geldi. Trenle Elaz\u0131\u011f\u2019a vard\u0131k. Oralardan da ilk durak Pertek olmak \u00fczere harekete ge\u00e7tim. Okuyucular\u0131mdan \u00f6z\u00fcr diliyorum ve ya\u015fant\u0131m\u0131n bu b\u00f6l\u00fcm\u00fcn\u00fc anlatmaktan ka\u00e7\u0131n\u0131yorum diyor. &#8220;<\/p>\n<p style=\"text-align: justify;\"><strong>&#8220;\u0130ki masum \u00e7ocuk s\u00fcng\u00fcletilerek&#8230; &#8221;\u00a0<\/strong><\/p>\n<p style=\"text-align: justify;\">\u00dcstad Necip Faz\u0131l, Dersim\u2019deki facian\u0131n durumunu \u015f\u00f6yle anlat\u0131yor:<\/p>\n<p style=\"text-align: justify;\">&#8220;Babalar\u0131n\u0131 arayan ve yan\u0131na gitmek istediklerini s\u00f6yleyen iki masum \u00e7ocuk, Hozat Kaymakam\u2019\u0131 taraf\u0131ndan s\u00fcng\u00fcletilerek babalar\u0131n\u0131n yan\u0131na g\u00f6nderiliyor. Alevler i\u00e7inden f\u0131rlamak isteyen bir gen\u00e7 kalasla alevlerin i\u00e7ine itiliyor ve kar\u015f\u0131s\u0131nda sigara i\u00e7iliyor. \u0130ktidar CHP iktidar\u0131, zihniyet CHP zihniyeti. &#8220;<\/p>\n<p style=\"text-align: justify;\">\u00dcstad faciay\u0131 \u015fu s\u00f6zlerle anlat\u0131yor. Malazgirt halk\u0131 do\u011franmakta, merhamet sahiplerinden biri \u00e7ocuklar\u0131 al\u0131p bir derenin kenar\u0131nda saklamak istiyor. Fakat bu vaziyeti de haber al\u0131yorlar. \u00c7ocuklar\u0131 da \u00f6ld\u00fcrme emri veriliyor ama bu g\u00f6revi yerine getirecek biri bulunam\u0131yor. Nihayet kara suratl\u0131 bir adam bulunuyor ve bir dere i\u00e7inde titre\u015fe titre\u015fe bekleyen 20 masumun i\u015fi bitiriliyor. Murat suyunun kandan k\u0131pk\u0131rm\u0131z\u0131 akt\u0131\u011f\u0131n\u0131 g\u00f6renler olmu\u015ftur.<\/p>\n<p style=\"text-align: justify;\"><strong>&#8220;Ay\u0131pt\u0131r, zul\u00fcmd\u00fcr, cinayettir&#8221;\u00a0<\/strong><\/p>\n<p style=\"text-align: justify;\">Seyit R\u0131za\u2019n\u0131n hikayesi y\u00fcrek burkucudur. \u015e\u00f6yle anlat\u0131l\u0131yor:<\/p>\n<p style=\"text-align: justify;\">\u201cSon s\u00f6z\u00fcn\u00fc sordum. 40 liram var o\u011fluma verirsiniz dedi. Bu s\u0131rada F\u0131nd\u0131k Haf\u0131z as\u0131l\u0131yordu. Asarken iki kez ip koptu. F\u0131nd\u0131k Haf\u0131z\u2019\u0131n idam\u0131 bitti. Seyit R\u0131za\u2019y\u0131 meydana \u00e7\u0131kard\u0131k. So\u011fuktu etrafta kimseler yoktu. Ama Seyit R\u0131za meydan insan dolmu\u015f gibi sessizli\u011fe hitap etti. \u201cEvlad\u0131 kerbalay\u0131k. Bir hatay\u0131k. Ay\u0131pt\u0131r zul\u00fcmd\u00fcr, cinayettir\u201d diyor. Say\u0131s\u0131 bug\u00fcn daha bilinmeyen binlerce insan katlediliyor. Yuvalar y\u0131k\u0131l\u0131yor.\u201d<\/p>\n<p style=\"text-align: justify;\">CHP\u2019nin ge\u00e7mi\u015finde bunlar var. Bizim ge\u00e7mi\u015fimizde bunlar yok.<\/p>\n<p style=\"text-align: justify;\"><strong>\u0130\u015eTE DERS\u0130M&#8217;E YAPILAN M\u00dcDAHALEN\u0130N B\u0130LAN\u00c7OSU\u00a0<\/strong><\/p>\n<p style=\"text-align: justify;\">Belge 2: Burada belgeyi \u015fimdi size g\u00f6sterece\u011fim. 8 A\u011fustos 1939 belgeli bir belge. Jandarma Komutanl\u0131\u011f\u0131\u2019ndan ba\u015fvekalet y\u00fcksek makam\u0131na g\u00f6nderilmi\u015f.<\/p>\n<p style=\"text-align: justify;\">Dersim\u2019e yap\u0131lan m\u00fcdahalenin bilan\u00e7osu veriliyor. Bask\u0131nlar\u0131n devam edilece\u011fi bildiriliyor. Ekte de bir cetvel var. \u00d6l\u00fc diri teslim olanlar\u0131n rakamlar\u0131. 1936-37-38-39\u2019da toplam 13 bin 806 ki\u015finin \u00f6ld\u00fcr\u00fcld\u00fc\u011f\u00fc bu resmi belgede ifade ediliyor. Bak\u0131n deprem felaketinden bahsetmiyorum. \u00d6ld\u00fcr\u00fclenlerden bahsediyorum. Belgenin alt\u0131ndaki imza \u00e7ok ilgin\u00e7 Faik \u00d6ztrak dahiliye vekili, yani \u0130\u00e7i\u015fleri Bakan\u0131.<\/p>\n<p style=\"text-align: justify;\"><strong>&#8220;\u00d6z\u00fcr diliyorum&#8221;\u00a0<\/strong><\/p>\n<p style=\"text-align: justify;\">&#8211; Say\u0131n K\u0131l\u0131\u00e7daro\u011flu nereye ka\u00e7\u0131yorsun? Bunlardan nas\u0131l s\u0131yr\u0131lacaks\u0131n. Ben mi \u00f6z\u00fcr dileyece\u011fim, sen mi dileyeceksin? E\u011fer devlet ad\u0131na \u00f6z\u00fcr dilenecekse, b\u00f6yle bir literat\u00fcr varsa ben \u00f6z\u00fcr dilerim, diliyorum.<\/p>\n<p style=\"text-align: justify;\">&#8211; Ancak CHP ad\u0131na, CHP zihniyeti ad\u0131na \u00f6z\u00fcr dilemesi gereken varsa, \u015fu anda g\u00fcya yeni CHP\u2019nin genel ba\u015fkan\u0131y\u0131m diyorsun ya. Onur duyuyorum diyorsun ya hadi onurunu kurtar bakal\u0131m.<\/p>\n<p style=\"text-align: justify;\"><strong>BA\u015eBAKAN CELAL BAYAR\u00a0<\/strong><\/p>\n<p style=\"text-align: justify;\">Belge 3: 23 Aral\u0131k 1938. Tunceli\u2019den 11 bin 683 ki\u015finin s\u00fcr\u00fcld\u00fc\u011f\u00fcn\u00fc belirten, iki bin ki\u015finin daha s\u00fcr\u00fclmesini karara ba\u011flayan bakanlar kurulu karar\u0131. Burda da Ba\u015fbakan kim biliyor musunuz? \u0130smet \u0130n\u00f6n\u00fc, Cumhurba\u015fkan\u0131 \u0130smet \u0130n\u00f6n\u00fc, Ba\u015fbakan Celal Bayar.<\/p>\n<p style=\"text-align: justify;\"><strong>&#8220;Bu s\u00fcrg\u00fcnlerin alt\u0131nda \u0130n\u00f6n\u00fc&#8217;n\u00fcn imzalar\u0131 var&#8221;\u00a0<\/strong><\/p>\n<p style=\"text-align: justify;\">Anma t\u00f6renlerini yapan sensin, nas\u0131l y\u00fczle\u015fiyorsun tarihinle? \u0130\u015fte b\u00fct\u00fcn bu s\u00fcrg\u00fcnlerin alt\u0131nda \u0130n\u00f6n\u00fc\u2019n\u00fcn imzalar\u0131 var. Havadan bombard\u0131manlar\u0131n alt\u0131nda imzas\u0131 var. Atat\u00fcrk\u2019\u00fcn vefat\u0131ndan yakla\u015f\u0131k bir ay sonra \u0130smet \u0130n\u00f6n\u00fc Cumhurba\u015fkan\u0131, Ba\u015fbakan Celal Bayar.<\/p>\n<p style=\"text-align: justify;\"><a href=\"http:\/\/www.cnnturk.com\/2011\/turkiye\/11\/23\/erdogan.dersimin.belgesini.gosterdi\/637777.0\/index.html\" target=\"_blank\">Kaynak : CNN T\u00dcRK<\/a><\/p>\n","protected":false},"excerpt":{"rendered":"<p style=\"text-align: center;\">\n<p style=\"text-align: justify;\">Ba\u015fbakan Recep Tayyip Erdo\u011fan &#8220;Dersim olaylar\u0131 ile ilgili Devlet ad\u0131na \u00f6z\u00fcr dilemek gerekiyorsa ben dilerim&#8221; dedi. Erdo\u011fan olaylarda &#8220;1936, 1937, 1938 ve 1939&#8217;da toplam 13 bin 806 ki\u015finin \u00f6ld\u00fcr\u00fcld\u00fc\u011f\u00fcn\u00fc&#8221; g\u00f6steren bir belge a\u00e7\u0131klad\u0131.<\/p>\n<p style=\"text-align: justify;\">Ba\u015fbakan Erdo\u011fan, Dersim&#8217;e yap\u0131lan m\u00fcdahalenin bilan\u00e7osunu i\u00e7eren 8 A\u011fustos 1939 tarihli belgeyi g\u00f6sterdi. <\/p>\n","protected":false},"author":1,"featured_media":0,"comment_status":"open","ping_status":"open","sticky":false,"template":"","format":"standard","meta":{"footnotes":""},"categories":[105],"tags":[],"class_list":["post-43200","post","type-post","status-publish","format-standard","hentry","category-gundem","odd"],"_links":{"self":[{"href":"http:\/\/www.korhanyilmaz.com\/index.php?rest_route=\/wp\/v2\/posts\/43200","targetHints":{"allow":["GET"]}}],"collection":[{"href":"http:\/\/www.korhanyilmaz.com\/index.php?rest_route=\/wp\/v2\/posts"}],"about":[{"href":"http:\/\/www.korhanyilmaz.com\/index.php?rest_route=\/wp\/v2\/types\/post"}],"author":[{"embeddable":true,"href":"http:\/\/www.korhanyilmaz.com\/index.php?rest_route=\/wp\/v2\/users\/1"}],"replies":[{"embeddable":true,"href":"http:\/\/www.korhanyilmaz.com\/index.php?rest_route=%2Fwp%2Fv2%2Fcomments&post=43200"}],"version-history":[{"count":0,"href":"http:\/\/www.korhanyilmaz.com\/index.php?rest_route=\/wp\/v2\/posts\/43200\/revisions"}],"wp:attachment":[{"href":"http:\/\/www.korhanyilmaz.com\/index.php?rest_route=%2Fwp%2Fv2%2Fmedia&parent=43200"}],"wp:term":[{"taxonomy":"category","embeddable":true,"href":"http:\/\/www.korhanyilmaz.com\/index.php?rest_route=%2Fwp%2Fv2%2Fcategories&post=43200"},{"taxonomy":"post_tag","embeddable":true,"href":"http:\/\/www.korhanyilmaz.com\/index.php?rest_route=%2Fwp%2Fv2%2Ftags&post=43200"}],"curies":[{"name":"wp","href":"https:\/\/api.w.org\/{rel}","templated":true}]}}