{"id":43196,"date":"2011-11-23T08:56:38","date_gmt":"2011-11-23T06:56:38","guid":{"rendered":"http:\/\/www.korhanyilmaz.com\/?p=43196"},"modified":"2011-11-23T11:18:33","modified_gmt":"2011-11-23T09:18:33","slug":"cianin-istedigi-yasa-mecliste","status":"publish","type":"post","link":"http:\/\/www.korhanyilmaz.com\/?p=43196","title":{"rendered":"CIA&#8217;n\u0131n istedi\u011fi yasa Meclis&#8217;te"},"content":{"rendered":"<p style=\"text-align: center;\"><a href=\"http:\/\/www.korhanyilmaz.com\/wp-content\/uploads\/2011\/11\/7318.jpg\"  class=\"lightview\"><img loading=\"lazy\" decoding=\"async\" class=\"aligncenter  wp-image-43197\" src=\"http:\/\/www.korhanyilmaz.com\/wp-content\/uploads\/2011\/11\/7318.jpg\" alt=\"\" width=\"399\" height=\"210\" \/><\/a><\/p>\n<p style=\"text-align: justify;\"><strong>\u00c7ok tart\u0131\u015f\u0131ld\u0131 ama bu g\u00fcn Meclis&#8217;te.<\/strong><\/p>\n<p style=\"text-align: justify;\">CIA Ba\u015fkan\u0131 Petraeus\u2019un, \u2018\u2019Yasala\u015faca\u011f\u0131 konusunda umutluyum\u2019\u2019 dedi\u011fi \u2018\u2019Ter\u00f6rizmin finansman\u0131\u2019\u2019 konusundaki yasa tasar\u0131s\u0131 bug\u00fcn TBMM\u2019de g\u00f6r\u00fc\u015f\u00fclecek.<\/p>\n<p style=\"text-align: justify;\">ABD\u2019nin ve merkezi istihbarat te\u015fkilat\u0131 CIA\u2019n\u0131n b\u00fcy\u00fck \u00f6nem verdi\u011fi \u2018\u2019Ter\u00f6rizmin finansman\u0131n\u0131n \u00f6nlenmesi\u2019\u2019 ile ilgili yasa tasar\u0131s\u0131 bug\u00fcn TBMM \u0130\u00e7i\u015fleri Komisyonunda ele al\u0131nacak.\u00a0<!--more--><\/p>\n<p style=\"text-align: justify;\">Temmuz ay\u0131nda T\u00fcrkiye\u2019yi ziyaret eden ve 7 Eyl\u00fcl g\u00fcn\u00fc CIA Ba\u015fkanl\u0131\u011f\u0131 koltu\u011funa oturan Afganistan\u2019daki NATO g\u00fc\u00e7lerinin eski komutan\u0131 Orgeneral Petraeus, bu tasar\u0131n\u0131n bir an \u00f6nce g\u00f6r\u00fc\u015f\u00fcl\u00fcp kanunla\u015faca\u011f\u0131 konusunda umutlu oldu\u011funu a\u00e7\u0131klam\u0131\u015ft\u0131. ABD\u2019nin Ankara B\u00fcy\u00fckel\u00e7isi Ricciardone de TBMM Ba\u015fkan\u0131 Cemil \u00c7i\u00e7ek\u2019i ziyaretinde, \u2018\u2019Ter\u00f6rizmin finansman\u0131na kar\u015f\u0131 \u00e7ok \u00f6nemli olan bu d\u00fczenlemenin TBMM\u2019de kanunla\u015faca\u011f\u0131n\u0131 umuyorum\u2019\u2019 demi\u015fti.<\/p>\n<p style=\"text-align: justify;\"><strong>MALVARLI\u011eI DONDURULACAK\u00a0<\/strong><\/p>\n<p style=\"text-align: justify;\">TBMM \u0130\u00e7i\u015fleri Komisyonunda bug\u00fcn ele al\u0131nacak olan tasar\u0131, ter\u00f6rizmi finanse edenlerin malvarl\u0131klar\u0131n\u0131n dondurulmas\u0131n\u0131 \u00f6ng\u00f6r\u00fcyor. Bu ama\u00e7la MASAK bir De\u011ferlendirme Komisyonu kuracak. Komisyon, ger\u00e7ek veya t\u00fczel ki\u015filiklerin malvarl\u0131\u011f\u0131n\u0131n dondurulmas\u0131na, yabanc\u0131 \u00fclkelerdeki malvarl\u0131\u011f\u0131n\u0131n dondurulmas\u0131 konusunda talepte bulunulmas\u0131na karar verebilecek.<\/p>\n<p style=\"text-align: justify;\">Tasar\u0131yla, ter\u00f6r \u00f6rg\u00fctleri veya ter\u00f6ristlere fon sa\u011flay\u0131p, para toplayan ki\u015fi, 5-10 y\u0131l aras\u0131nda hapse mahkum edilecek. Su\u00e7un kamu g\u00f6revlisince i\u015flenmesi halinde ceza 15 y\u0131la kadar \u00e7\u0131kacak. Bir yabanc\u0131 devlet de T\u00fcrk vatanda\u015f\u0131 veya yabanc\u0131n\u0131n malvarl\u0131\u011f\u0131n\u0131n dondurulmas\u0131na ili\u015fkin T\u00fcrkiye\u2019den talepte bulunabilecek. T\u00fcrkiye de ayn\u0131 talebi ba\u015fka bir devlete yapabilecek.<\/p>\n<p style=\"text-align: justify;\">Malvarl\u0131\u011f\u0131n\u0131n dondurulmas\u0131yla ilgili komisyonda, Ba\u015fbakanl\u0131k G\u00fcvenlik \u0130\u015fleri Genel M\u00fcd\u00fcr\u00fc, M\u0130T M\u00fcste\u015far Yard\u0131mc\u0131s\u0131, \u0130\u00e7i\u015fleri Bakanl\u0131\u011f\u0131 M\u00fcste\u015far Yard\u0131mc\u0131s\u0131, Adalet Bakanl\u0131\u011f\u0131 Ceza \u0130\u015fleri Genel M\u00fcd\u00fcr\u00fc, D\u0131\u015fi\u015fleri Bakanl\u0131\u011f\u0131 \u0130stihbarat Genel M\u00fcd\u00fcr\u00fc ve Hazine M\u00fcste\u015farl\u0131\u011f\u0131 Banka ve Kambiyo Genel M\u00fcd\u00fcr\u00fc yer alacak. Mal varl\u0131\u011f\u0131n\u0131n dondurulmas\u0131 karar\u0131n\u0131 MASAK yerine getirecek.<\/p>\n<p style=\"text-align: justify;\"><a href=\"http:\/\/muhalifgazete.com\/26110-CIAnin-istedigi-yasa-Mecliste.htm\" target=\"_blank\">Kaynak : Muhalif Gazete<\/a><\/p>\n","protected":false},"excerpt":{"rendered":"<p style=\"text-align: center;\">\n<p style=\"text-align: justify;\">\u00c7ok tart\u0131\u015f\u0131ld\u0131 ama bu g\u00fcn Meclis&#8217;te.<\/p>\n<p style=\"text-align: justify;\">CIA Ba\u015fkan\u0131 Petraeus\u2019un, \u2018\u2019Yasala\u015faca\u011f\u0131 konusunda umutluyum\u2019\u2019 dedi\u011fi \u2018\u2019Ter\u00f6rizmin finansman\u0131\u2019\u2019 konusundaki yasa tasar\u0131s\u0131 bug\u00fcn TBMM\u2019de g\u00f6r\u00fc\u015f\u00fclecek.<\/p>\n<p style=\"text-align: justify;\">ABD\u2019nin ve merkezi istihbarat te\u015fkilat\u0131 CIA\u2019n\u0131n b\u00fcy\u00fck \u00f6nem verdi\u011fi \u2018\u2019Ter\u00f6rizmin finansman\u0131n\u0131n \u00f6nlenmesi\u2019\u2019 ile ilgili yasa tasar\u0131s\u0131 bug\u00fcn TBMM \u0130\u00e7i\u015fleri Komisyonunda ele al\u0131nacak. <\/p>\n","protected":false},"author":1,"featured_media":0,"comment_status":"open","ping_status":"open","sticky":false,"template":"","format":"standard","meta":{"footnotes":""},"categories":[105],"tags":[],"class_list":["post-43196","post","type-post","status-publish","format-standard","hentry","category-gundem","odd"],"_links":{"self":[{"href":"http:\/\/www.korhanyilmaz.com\/index.php?rest_route=\/wp\/v2\/posts\/43196","targetHints":{"allow":["GET"]}}],"collection":[{"href":"http:\/\/www.korhanyilmaz.com\/index.php?rest_route=\/wp\/v2\/posts"}],"about":[{"href":"http:\/\/www.korhanyilmaz.com\/index.php?rest_route=\/wp\/v2\/types\/post"}],"author":[{"embeddable":true,"href":"http:\/\/www.korhanyilmaz.com\/index.php?rest_route=\/wp\/v2\/users\/1"}],"replies":[{"embeddable":true,"href":"http:\/\/www.korhanyilmaz.com\/index.php?rest_route=%2Fwp%2Fv2%2Fcomments&post=43196"}],"version-history":[{"count":0,"href":"http:\/\/www.korhanyilmaz.com\/index.php?rest_route=\/wp\/v2\/posts\/43196\/revisions"}],"wp:attachment":[{"href":"http:\/\/www.korhanyilmaz.com\/index.php?rest_route=%2Fwp%2Fv2%2Fmedia&parent=43196"}],"wp:term":[{"taxonomy":"category","embeddable":true,"href":"http:\/\/www.korhanyilmaz.com\/index.php?rest_route=%2Fwp%2Fv2%2Fcategories&post=43196"},{"taxonomy":"post_tag","embeddable":true,"href":"http:\/\/www.korhanyilmaz.com\/index.php?rest_route=%2Fwp%2Fv2%2Ftags&post=43196"}],"curies":[{"name":"wp","href":"https:\/\/api.w.org\/{rel}","templated":true}]}}