{"id":43188,"date":"2011-11-23T10:06:49","date_gmt":"2011-11-23T08:06:49","guid":{"rendered":"http:\/\/www.korhanyilmaz.com\/?p=43188"},"modified":"2011-11-23T10:59:45","modified_gmt":"2011-11-23T08:59:45","slug":"hukumet-toplumu-kontrolu-altina-aliyor","status":"publish","type":"post","link":"http:\/\/www.korhanyilmaz.com\/?p=43188","title":{"rendered":"&#8220;H\u00fck\u00fcmet toplumu kontrol\u00fc alt\u0131na al\u0131yor&#8221;"},"content":{"rendered":"<p style=\"text-align: center;\"><a href=\"http:\/\/www.korhanyilmaz.com\/wp-content\/uploads\/2011\/11\/7316.jpg\"  class=\"lightview\"><img loading=\"lazy\" decoding=\"async\" class=\"aligncenter  wp-image-43189\" src=\"http:\/\/www.korhanyilmaz.com\/wp-content\/uploads\/2011\/11\/7316.jpg\" alt=\"\" width=\"307\" height=\"236\" \/><\/a><\/p>\n<p style=\"text-align: justify;\">\u0130ngiliz Financial Times gazetesi, T\u00fcrkiye\u2019de h\u00fck\u00fcmet taraf\u0131ndan at\u0131lan baz\u0131 ad\u0131mlar\u0131n, devletin toplum \u00fczerindeki h\u00fck\u00fcmranl\u0131\u011f\u0131n\u0131 gittik\u00e7e art\u0131rd\u0131\u011f\u0131na dair endi\u015felere neden oldu\u011funu iddia etti.\u00a0<!--more--><\/p>\n<p style=\"text-align: justify;\">Gazete, T\u00fcrkiye\u2019nin bu y\u0131l baz\u0131 ba\u011f\u0131ms\u0131z kurumlar\u0131 devlet dairelerinin denetimi alt\u0131na ald\u0131\u011f\u0131n\u0131, h\u00fck\u00fcmetin, T\u00fcrk Bilimler Akademisi \u00fcyelerini tayin etmek i\u00e7in kendisine yeni yetkiler verip, \u00f6zelle\u015ftirmede olas\u0131 bir ba\u015flang\u0131\u00e7 arac\u0131 olarak kullanmak amac\u0131yla \u0130stanbul Menkul K\u0131ymetler Borsas\u0131 \u00fczerindeki kontrol\u00fcn\u00fc de arttt\u0131rd\u0131\u011f\u0131na dikkat \u00e7ekti.<\/p>\n<p style=\"text-align: justify;\">Gazetenin T\u00fcrkiye muhabiri Daniel Dombey imzal\u0131 haberde, Ankara\u2019n\u0131n sal\u0131 g\u00fcn\u00fc yeni internet filtrelerini y\u00fcr\u00fcrl\u00fc\u011fe soktu\u011funu ve h\u00fck\u00fcmetin bu filtrelerin \u00e7ocuklar\u0131 zararl\u0131 i\u00e7eriklere kar\u015f\u0131 koruyaca\u011f\u0131n\u0131 iddia etti\u011fi de belirtildi.<\/p>\n<p style=\"text-align: justify;\">Financial Times, devletin her bir durum i\u00e7in farkl\u0131 gerek\u00e7eler g\u00f6sterdi\u011fini belirtti ama ele\u015ftirenlerin ve hatta baz\u0131 sempatizanlar\u0131n bile bu geli\u015fmeler nedeniyle alarma ge\u00e7tiklerini ifade etti.<\/p>\n<p style=\"text-align: justify;\">Bilgi \u00dcniversitesi Profes\u00f6r\u00fc Soli \u00d6zel\u2019in, Recep Tayyip Erdo\u011fan h\u00fck\u00fcmetini \u201cya\u015fam\u0131n her alan\u0131nda yetkiyi ba\u015ftan sona tekeline al\u0131yor\u201d \u015feklindeki ele\u015ftirisine yer veren gazete, \u00d6zel\u2019in, \u201cPolitikac\u0131lar asl\u0131nda ger\u00e7ek do\u011flar\u0131na geri d\u00f6nerek bu kurumlar\u0131n ellerinde ne kadar \u00f6zerklik kald\u0131ysa onlar\u0131 da bertaraf ediyor\u201d \u015feklindeki s\u00f6zlerine de yer veriyor.<\/p>\n<p style=\"text-align: justify;\">Financial Times, baz\u0131 iktidar destek\u00e7ilerinin bu t\u00fcr kurumlar\u0131n ba\u011f\u0131ms\u0131zl\u0131\u011f\u0131n\u0131n devaml\u0131l\u0131k a\u00e7\u0131s\u0131ndan iktidarda zay\u0131f koalisyon oldu\u011fu zamanlarda \u00f6nemli oldu\u011funu, ama g\u00fc\u00e7l\u00fc, me\u015fru ve pop\u00fcler h\u00fck\u00fcmetler iktidardayken buna gerek olmad\u0131\u011f\u0131n\u0131 s\u00f6ylediklerini belirtiyor.<\/p>\n<p style=\"text-align: justify;\">Bu arg\u00fcman\u0131n herkesi ikna etmedi\u011fini de vurgulayan gazete, ABD eski ulusal g\u00fcvenlik dan\u0131\u015fman\u0131 olan ve \u015fimdi ABD D\u0131\u015f \u0130li\u015fkiler Konseyi\u2019nin T\u00fcrkiye\u2019deki \u00f6zel g\u00f6rev komitesine e\u015f ba\u015fkanl\u0131k yapan Stephen Hadley\u2019nin, \u201cE\u011fer g\u00fc\u00e7l\u00fc bir h\u00fck\u00fcmetiniz varsa, i\u015fte as\u0131l o zaman bir kontrol mekanizmas\u0131 olarak sivil topluma ihtiyac\u0131n\u0131z vard\u0131r, \u00f6zellikle de iktidarda bu kadar uzun s\u00fcre bulunmu\u015f bir h\u00fck\u00fcmetiniz varsa\u201d \u015feklindeki s\u00f6zlerine yer veriyor.<\/p>\n<p style=\"text-align: justify;\"><a href=\"http:\/\/www.cnnturk.com\/2011\/dunya\/11\/23\/hukumet.toplumu.kontrolu.altina.aliyor\/637747.0\/index.html\" target=\"_blank\">Kaynak :\u00a0Metin G\u00fcne\u015f \/ CNN T\u00dcRK \/ Londra\u00a0<\/a><\/p>\n","protected":false},"excerpt":{"rendered":"<p style=\"text-align: center;\">\n<p style=\"text-align: justify;\">\u0130ngiliz Financial Times gazetesi, T\u00fcrkiye\u2019de h\u00fck\u00fcmet taraf\u0131ndan at\u0131lan baz\u0131 ad\u0131mlar\u0131n, devletin toplum \u00fczerindeki h\u00fck\u00fcmranl\u0131\u011f\u0131n\u0131 gittik\u00e7e art\u0131rd\u0131\u011f\u0131na dair endi\u015felere neden oldu\u011funu iddia etti. <\/p>\n","protected":false},"author":1,"featured_media":0,"comment_status":"open","ping_status":"open","sticky":false,"template":"","format":"standard","meta":{"footnotes":""},"categories":[105],"tags":[],"class_list":["post-43188","post","type-post","status-publish","format-standard","hentry","category-gundem","odd"],"_links":{"self":[{"href":"http:\/\/www.korhanyilmaz.com\/index.php?rest_route=\/wp\/v2\/posts\/43188","targetHints":{"allow":["GET"]}}],"collection":[{"href":"http:\/\/www.korhanyilmaz.com\/index.php?rest_route=\/wp\/v2\/posts"}],"about":[{"href":"http:\/\/www.korhanyilmaz.com\/index.php?rest_route=\/wp\/v2\/types\/post"}],"author":[{"embeddable":true,"href":"http:\/\/www.korhanyilmaz.com\/index.php?rest_route=\/wp\/v2\/users\/1"}],"replies":[{"embeddable":true,"href":"http:\/\/www.korhanyilmaz.com\/index.php?rest_route=%2Fwp%2Fv2%2Fcomments&post=43188"}],"version-history":[{"count":0,"href":"http:\/\/www.korhanyilmaz.com\/index.php?rest_route=\/wp\/v2\/posts\/43188\/revisions"}],"wp:attachment":[{"href":"http:\/\/www.korhanyilmaz.com\/index.php?rest_route=%2Fwp%2Fv2%2Fmedia&parent=43188"}],"wp:term":[{"taxonomy":"category","embeddable":true,"href":"http:\/\/www.korhanyilmaz.com\/index.php?rest_route=%2Fwp%2Fv2%2Fcategories&post=43188"},{"taxonomy":"post_tag","embeddable":true,"href":"http:\/\/www.korhanyilmaz.com\/index.php?rest_route=%2Fwp%2Fv2%2Ftags&post=43188"}],"curies":[{"name":"wp","href":"https:\/\/api.w.org\/{rel}","templated":true}]}}