{"id":43182,"date":"2011-11-23T08:05:56","date_gmt":"2011-11-23T06:05:56","guid":{"rendered":"http:\/\/www.korhanyilmaz.com\/?p=43182"},"modified":"2011-11-23T11:13:26","modified_gmt":"2011-11-23T09:13:26","slug":"chp-secmeni-umutsuz","status":"publish","type":"post","link":"http:\/\/www.korhanyilmaz.com\/?p=43182","title":{"rendered":"\u00c7ok tart\u0131\u015f\u0131lacak CHP ara\u015ft\u0131rmas\u0131"},"content":{"rendered":"<p style=\"text-align: center;\"><a href=\"http:\/\/www.korhanyilmaz.com\/wp-content\/uploads\/2011\/11\/7317.jpg\"  class=\"lightview\"><img loading=\"lazy\" decoding=\"async\" class=\"aligncenter  wp-image-43192\" src=\"http:\/\/www.korhanyilmaz.com\/wp-content\/uploads\/2011\/11\/7317.jpg\" alt=\"\" width=\"307\" height=\"236\" \/><\/a><\/p>\n<p style=\"text-align: justify;\">Lider de\u011fi\u015fse bile CHP&#8217;nin iktidara gelemeyece\u011fini d\u00fc\u015f\u00fcnenler y\u00fczde 40. CHP&#8217;nin solu temsil edemedi\u011fini d\u00fc\u015f\u00fcnenler y\u00fczde 56.4.<\/p>\n<p style=\"text-align: justify;\">ANKARA- CHP\u2019ye oy veren sol se\u00e7men \u00fczerinde yap\u0131lan ara\u015ft\u0131rmadan tart\u0131\u015f\u0131lacak sonu\u00e7lar \u00e7\u0131kt\u0131. CHP se\u00e7meninin yar\u0131s\u0131 Kemal K\u0131l\u0131\u00e7daro\u011flu\u2019nu ba\u015far\u0131l\u0131 buluyor. CHP\u2019de lider de\u011fi\u015fikli\u011finin iyi olaca\u011f\u0131n\u0131 s\u00f6yleyenlerin oran\u0131 y\u00fczde 54. Buna kar\u015f\u0131l\u0131k lider de\u011fi\u015fikli\u011fi isteyenlerin g\u00fc\u00e7l\u00fc bir alternatifi yok. CHP se\u00e7meninin b\u00fcy\u00fck bir b\u00f6l\u00fcm\u00fc hayat\u0131ndan memnun olmad\u0131\u011f\u0131n\u0131 s\u00f6yledi. CHP\u2019lilerin y\u00fczde 34\u2019\u00fc kendisini \u201cAtat\u00fcrk\u00e7\u00fc\u201d olarak tan\u0131ml\u0131yor. Kendisine \u2018solcu\u2019 diyenlerin oran\u0131 y\u00fczde 7.8.<!--more--><\/p>\n<p style=\"text-align: justify;\">MetroPOLL Stratejik ve Sosyal Ara\u015ft\u0131rmalar \u015eirketi ad\u0131na Prof. Dr. \u00d6zer Sencer, Prof.Dr. \u0130hsan Da\u011f\u0131, Prof.Dr. Do\u011fu Ergil ve Dr. Vahap Co\u015fkun\u2019dan olu\u015fan kadro \u2018Sol ve CHP\u2019li Se\u00e7menin CHP\u2019ye Bak\u0131\u015f\u0131\u2019 isimli bir \u00e7al\u0131\u015fma yapt\u0131. 1-11 Kas\u0131m tarihlerinde, 44 ilde 1705 ki\u015fi \u00fczerinde yap\u0131lan ara\u015ft\u0131rman\u0131n sonu\u00e7lar\u0131 \u015f\u00f6yle:<\/p>\n<p style=\"text-align: justify;\">\u201cHayat\u0131n\u0131zdan memnun musunuz\u201d sorusuna y\u00fczde 32,6\u2019s\u0131 olumlu yan\u0131t verirken, y\u00fczde 44,1\u2019i ise memnun olmad\u0131klar\u0131n\u0131 s\u00f6yledi. Hayat\u0131ndan memnun olmayanlar ileri ya\u015f grubunda daha y\u00fcksek.<\/p>\n<p style=\"text-align: justify;\">T\u00fcrkiye\u2019nin \u2018iyiye gitti\u011fini\u2019 d\u00fc\u015f\u00fcnenlerin oran\u0131 y\u00fczde 22,6 iken, \u2018k\u00f6t\u00fcye gidiyor\u2019 diyenler y\u00fczde 74,3.<\/p>\n<p style=\"text-align: justify;\"><strong>Baykal defteri kapand\u0131<\/strong><\/p>\n<p style=\"text-align: justify;\">Genel ba\u015fkan de\u011fi\u015fikli\u011finin CHP\u2019ye iktidar kap\u0131s\u0131n\u0131 aralayaca\u011f\u0131na inananlar\u0131n oran\u0131 y\u00fczde 55 \u00e7\u0131kt\u0131. Kemal K\u0131l\u0131\u00e7daro\u011flu\u2019nun alternatifi olarak ilk akla gelen isim ise \u015ei\u015fli Belediye Ba\u015fkan\u0131 Mustafa Sar\u0131g\u00fcl, ancak ona verilen destek y\u00fcksek de\u011fil: Y\u00fczde 18.2. Sar\u0131g\u00fcl\u2019\u00fc Grup Ba\u015fkanvekili Muharrem \u0130nce izliyor. \u0130nce\u2019ye verilen oy y\u00fczde 5.3. Deniz Baykal\u2019\u0131 isteyenlerin oran\u0131 sadece y\u00fczde 3.7 \u00e7\u0131kt\u0131.<\/p>\n<p style=\"text-align: justify;\">Anketten \u00e7\u0131kan \u00e7arp\u0131c\u0131 bir sonu\u00e7, CHP\u2019nin y\u00fczde 25\u2019lik b\u00f6l\u00fcm\u00fcn\u00fcn kafas\u0131nda bir lider aday\u0131 olmad\u0131\u011f\u0131. Ankette, lider de\u011fi\u015fikli\u011finin iktidar olabilmek i\u00e7in umut oldu\u011funu s\u00f6yleyenlerin y\u00fczde 55.6\u2019s\u0131 alternatif bir lider ismi s\u00f6ylemiyor. Bu sonu\u00e7 yeni s\u00fcrpriz isimlerin \u015fans\u0131 olabilece\u011fi \u015feklinde yorumlan\u0131yor. Y\u00fczde 40 civar\u0131nda bir kesim, lider de\u011fi\u015fikli\u011fi ger\u00e7ekle\u015fse bile bunun CHP\u2019yi iktidara ta\u015f\u0131mada faydal\u0131 olmayaca\u011f\u0131n\u0131 d\u00fc\u015f\u00fcn\u00fcyor.<\/p>\n<p style=\"text-align: justify;\">CHP se\u00e7meninin y\u00fczde 45.8\u2019i 12 Haziran se\u00e7imlerinde partisini ba\u015far\u0131l\u0131 bulurken, yar\u0131dan fazlas\u0131 (y\u00fczde 53) ba\u015far\u0131s\u0131z buluyor. Se\u00e7men, ba\u015far\u0131s\u0131zl\u0131\u011f\u0131n \u00f6nemli bir sebebi olarak \u00f6rg\u00fct\u00fcn yeterince \u00e7al\u0131\u015fmamas\u0131n\u0131 g\u00f6r\u00fcyor. \u00d6rg\u00fct\u00fc ba\u015far\u0131s\u0131z bulan y\u00fczde 54, K\u0131l\u0131\u00e7daro\u011flu liderli\u011findeki merkez y\u00f6netimi ba\u015far\u0131s\u0131z bulan ise y\u00fczde 46. CHP taban\u0131, K\u0131l\u0131\u00e7daro\u011flu\u2019nu parti y\u00f6netim ve \u00f6rg\u00fct\u00fcne g\u00f6re k\u0131smen daha ba\u015far\u0131l\u0131 g\u00f6r\u00fcyor. K\u0131l\u0131\u00e7daro\u011flu\u2019nu ba\u015far\u0131l\u0131 bulanlar\u0131n oran\u0131 y\u00fczde 53, ba\u015far\u0131s\u0131z bulanlar y\u00fczde 36. K\u0131l\u0131\u00e7daro\u011flu\u2019na partililerin \u00f6rg\u00fctten daha fazla g\u00fcvendi\u011fi g\u00f6r\u00fcl\u00fcyor.<\/p>\n<p style=\"text-align: center;\"><a href=\"http:\/\/www.korhanyilmaz.com\/wp-content\/uploads\/2011\/11\/7315.jpg\"  class=\"lightview\"><img loading=\"lazy\" decoding=\"async\" class=\"aligncenter  wp-image-43184\" src=\"http:\/\/www.korhanyilmaz.com\/wp-content\/uploads\/2011\/11\/7315.jpg\" alt=\"\" width=\"432\" height=\"533\" \/><\/a><\/p>\n<p style=\"text-align: justify;\"><strong>Neden iktidar olam\u0131yor?<\/strong><\/p>\n<p style=\"text-align: justify;\">CHP\u2019nin iktidar olabilecek kadar oy alamamas\u0131n\u0131n \u00f6nemli \u00fc\u00e7 nedeni olarak K\u0131l\u0131\u00e7daro\u011flu\u2019nun yetersizli\u011fi, partinin halktan kopuk olmas\u0131 ve parti i\u00e7i \u00e7eki\u015fmeler g\u00f6sterildi.<\/p>\n<p style=\"text-align: justify;\">CHP\u2019nin solu ve sosyal demokratlar\u0131 yeterince temsil etmedi\u011fini d\u00fc\u015f\u00fcnenlerin oran\u0131 y\u00fczde 56,4. CHP\u2019yi halka yeterince yak\u0131n bulanlar\u0131n oran\u0131 ise y\u00fczde 58.<\/p>\n<p style=\"text-align: justify;\"><a href=\"http:\/\/www.radikal.com.tr\/Radikal.aspx?aType=RadikalHaberDetayV3&amp;ArticleID=1070370&amp;Date=23.11.2011&amp;CategoryID=78\" target=\"_blank\">Kaynak : Radikal.com.tr<\/a><\/p>\n","protected":false},"excerpt":{"rendered":"<p style=\"text-align: center;\">\n<p style=\"text-align: justify;\">Lider de\u011fi\u015fse bile CHP&#8217;nin iktidara gelemeyece\u011fini d\u00fc\u015f\u00fcnenler y\u00fczde 40. CHP&#8217;nin solu temsil edemedi\u011fini d\u00fc\u015f\u00fcnenler y\u00fczde 56.4.<\/p>\n<p style=\"text-align: justify;\">ANKARA- CHP\u2019ye oy veren sol se\u00e7men \u00fczerinde yap\u0131lan ara\u015ft\u0131rmadan tart\u0131\u015f\u0131lacak sonu\u00e7lar \u00e7\u0131kt\u0131. CHP se\u00e7meninin yar\u0131s\u0131 Kemal K\u0131l\u0131\u00e7daro\u011flu\u2019nu ba\u015far\u0131l\u0131 buluyor. CHP\u2019de lider de\u011fi\u015fikli\u011finin iyi olaca\u011f\u0131n\u0131 s\u00f6yleyenlerin oran\u0131 y\u00fczde 54. Buna kar\u015f\u0131l\u0131k lider de\u011fi\u015fikli\u011fi <\/p>\n","protected":false},"author":1,"featured_media":0,"comment_status":"open","ping_status":"open","sticky":false,"template":"","format":"standard","meta":{"footnotes":""},"categories":[105],"tags":[],"class_list":["post-43182","post","type-post","status-publish","format-standard","hentry","category-gundem","odd"],"_links":{"self":[{"href":"http:\/\/www.korhanyilmaz.com\/index.php?rest_route=\/wp\/v2\/posts\/43182","targetHints":{"allow":["GET"]}}],"collection":[{"href":"http:\/\/www.korhanyilmaz.com\/index.php?rest_route=\/wp\/v2\/posts"}],"about":[{"href":"http:\/\/www.korhanyilmaz.com\/index.php?rest_route=\/wp\/v2\/types\/post"}],"author":[{"embeddable":true,"href":"http:\/\/www.korhanyilmaz.com\/index.php?rest_route=\/wp\/v2\/users\/1"}],"replies":[{"embeddable":true,"href":"http:\/\/www.korhanyilmaz.com\/index.php?rest_route=%2Fwp%2Fv2%2Fcomments&post=43182"}],"version-history":[{"count":0,"href":"http:\/\/www.korhanyilmaz.com\/index.php?rest_route=\/wp\/v2\/posts\/43182\/revisions"}],"wp:attachment":[{"href":"http:\/\/www.korhanyilmaz.com\/index.php?rest_route=%2Fwp%2Fv2%2Fmedia&parent=43182"}],"wp:term":[{"taxonomy":"category","embeddable":true,"href":"http:\/\/www.korhanyilmaz.com\/index.php?rest_route=%2Fwp%2Fv2%2Fcategories&post=43182"},{"taxonomy":"post_tag","embeddable":true,"href":"http:\/\/www.korhanyilmaz.com\/index.php?rest_route=%2Fwp%2Fv2%2Ftags&post=43182"}],"curies":[{"name":"wp","href":"https:\/\/api.w.org\/{rel}","templated":true}]}}