{"id":43169,"date":"2011-11-22T22:28:36","date_gmt":"2011-11-22T20:28:36","guid":{"rendered":"http:\/\/www.korhanyilmaz.com\/?p=43169"},"modified":"2011-11-23T07:55:42","modified_gmt":"2011-11-23T05:55:42","slug":"23-yil-sonra","status":"publish","type":"post","link":"http:\/\/www.korhanyilmaz.com\/?p=43169","title":{"rendered":"23 y\u0131l sonra"},"content":{"rendered":"<p style=\"text-align: center;\"><a href=\"http:\/\/www.korhanyilmaz.com\/wp-content\/uploads\/2011\/11\/7310.jpg\"  class=\"lightview\"><img loading=\"lazy\" decoding=\"async\" class=\"aligncenter  wp-image-43170\" src=\"http:\/\/www.korhanyilmaz.com\/wp-content\/uploads\/2011\/11\/7310.jpg\" alt=\"\" width=\"420\" height=\"210\" \/><\/a><\/p>\n<p style=\"text-align: justify;\">Kenan Evren\u2019den sonra \u0130ngiltere\u2019ye resmi ziyarette bulunan ilk T\u00fcrk Cumhurba\u015fkan\u0131 olan Abdullah G\u00fcl ve e\u015fi Hayr\u00fcnnisa Han\u0131m, Londra\u2019da g\u00f6rkemli bir t\u00f6renle kar\u015f\u0131land\u0131. \u0130ngiltere Krali\u00e7esi 2. Elizabeth, G\u00fcl \u00e7ifti onuruna Buckingham Saray\u0131\u2019nda bir ak\u015fam yeme\u011fi verdi. Krali\u00e7e ve G\u00fcl iki \u00fclkenin dostlu\u011funa kadeh kald\u0131rd\u0131.<!--more--><\/p>\n<p style=\"text-align: justify;\"><a href=\"http:\/\/www.korhanyilmaz.com\/wp-content\/uploads\/2011\/11\/7311.jpg\"  class=\"lightview\"><img loading=\"lazy\" decoding=\"async\" class=\"alignleft size-full wp-image-43171\" style=\"margin-left: 10px; margin-right: 10px;\" src=\"http:\/\/www.korhanyilmaz.com\/wp-content\/uploads\/2011\/11\/7311.jpg\" alt=\"\" width=\"193\" height=\"102\" \/><\/a>T\u00fcrkiye\u2019den \u0130ngiltere\u2019ye 23 y\u0131l aradan sonra ilk kez resmi ziyarette bulunan Cumhurba\u015fkan\u0131 Abdullah G\u00fcl ve e\u015fi Hayr\u00fcnnisa G\u00fcl i\u00e7in ba\u015fkent Londra\u2019da \u015fa\u015faal\u0131 bir kar\u015f\u0131lama t\u00f6reni d\u00fczenlendi. Buckingham Saray\u0131\u2019n\u0131n yak\u0131n\u0131ndaki t\u00f6ren alan\u0131na G\u00fcl \u00e7ifti gelmeden \u00f6nce Kraliyet S\u00fcvari Birli\u011fi bando e\u015fli\u011finde giri\u015f yapt\u0131. T\u00f6ren alan\u0131na ilk olarak \u0130ngiltere Krali\u00e7esi 2. Elizabeth ve e\u015fi Edinburgh D\u00fck\u00fc Philip \u0130ngiltere milli mar\u015f\u0131 e\u015fli\u011finde geldi. Daha sonra t\u00f6ren alan\u0131n\u0131n White Hall Kap\u0131s\u0131\u2019ndan T\u00fcrk bayrakl\u0131 ara\u00e7la Cumhurba\u015fkan\u0131 G\u00fcl ve e\u015fi girdi.<\/p>\n<p style=\"text-align: justify;\"><strong>Top at\u0131\u015f\u0131 ile kar\u015f\u0131land\u0131lar\u00a0<\/strong><\/p>\n<p style=\"text-align: justify;\"><a href=\"http:\/\/www.korhanyilmaz.com\/wp-content\/uploads\/2011\/11\/7312.jpg\"  class=\"lightview\"><img loading=\"lazy\" decoding=\"async\" class=\"alignleft  wp-image-43173\" style=\"margin-left: 10px; margin-right: 10px;\" src=\"http:\/\/www.korhanyilmaz.com\/wp-content\/uploads\/2011\/11\/7312.jpg\" alt=\"\" width=\"200\" height=\"150\" \/><\/a>\u00d6ndeki ara\u00e7ta, Galler Prensi Charles Cumhurba\u015fkan\u0131 G\u00fcl\u2019e e\u015flik ederken, arkadaki ara\u00e7ta, rahats\u0131zl\u0131\u011f\u0131 nedeniyle t\u00f6rene kat\u0131lamayan Prens Charles\u2019\u0131n e\u015fi Cornwall D\u00fc\u015fesi Camilla\u2019n\u0131n yerine kraliyet temsilcisinin Hayr\u00fcnnisa G\u00fcl\u2019e e\u015flik etti\u011fi g\u00f6r\u00fcld\u00fc. Krali\u00e7e ve e\u015fi, G\u00fcl \u00e7iftini t\u00f6ren alan\u0131ndaki platformda kar\u015f\u0131lad\u0131. Bu s\u0131rada Green Park\u2019ta 41 pare, Tower of London\u2019da 62 pare top at\u0131\u015f\u0131 yap\u0131ld\u0131. \u0130stiklal Mar\u015f\u0131\u2019n\u0131n \u00e7al\u0131nmas\u0131n\u0131n ard\u0131ndan Cumhurba\u015fkan\u0131 G\u00fcl, Edinburgh D\u00fck\u00fc Philip e\u015fli\u011finde Kraliyet \u015eeref K\u0131tas\u0131\u2019n\u0131 selamlad\u0131. Selamlaman\u0131n ard\u0131ndan S\u00fcvari Birli\u011fi e\u015fli\u011finde Kraliyet atl\u0131 arabalar\u0131 t\u00f6ren alan\u0131na geldi. Krali\u00e7e Elizabeth ve Cumhurba\u015fkan\u0131 G\u00fcl ilk arabaya binerken, Hayr\u00fcnnisa G\u00fcl ile Edinburgh D\u00fck\u00fc Philip ikinci arabada yerlerini ald\u0131lar. Atl\u0131 arabalar\u0131n t\u00f6ren alan\u0131ndan ayr\u0131l\u0131\u015f\u0131 s\u0131ras\u0131nda ikinci kez \u0130stiklal Mar\u015f\u0131 \u00e7al\u0131nd\u0131.<\/p>\n<p style=\"text-align: justify;\">Atl\u0131 arabalar daha sonra sevgi g\u00f6sterileri aras\u0131nda Mall Caddesi\u2019nden ge\u00e7erek Buckingham Saray\u0131\u2019na do\u011fru ilerledi. Buckingham Saray\u0131\u2019nda Krali\u00e7e Elizabeth ve e\u015fi Philip, G\u00fcl \u00e7iftine konaklayacaklar\u0131 Bel\u00e7ika S\u00fciti\u2019ne kadar e\u015flik etti.<\/p>\n<p style=\"text-align: justify;\"><strong>Abd\u00fclaziz\u2019le ayn\u0131 salon\u00a0<\/strong><\/p>\n<p style=\"text-align: justify;\"><a href=\"http:\/\/www.korhanyilmaz.com\/wp-content\/uploads\/2011\/11\/7313.jpg\"  class=\"lightview\"><img loading=\"lazy\" decoding=\"async\" class=\"alignright  wp-image-43172\" style=\"margin-left: 10px; margin-right: 10px;\" src=\"http:\/\/www.korhanyilmaz.com\/wp-content\/uploads\/2011\/11\/7313.jpg\" alt=\"\" width=\"240\" height=\"160\" \/><\/a>Ak\u015fam da Krali\u00e7e, G\u00fcl \u00e7ifti onuruna Buckingham Saray\u0131\u2019nda resmi bir yemek verdi. Yemek, T\u00fcrkiye\u2019den \u0130ngiltere\u2019ye 1867\u2019de ilk kez devlet ziyareti ger\u00e7ekle\u015ftiren Sultan Abd\u00fclaziz\u2019e yemek verilen Buckingham Saray\u0131\u2019n\u0131n M\u00fczik Salonu\u2019nda verildi. Abd\u00fclaziz i\u00e7in verilen yemek s\u0131ras\u0131nda, aralar\u0131nda Osmanl\u0131 Sergi Mar\u015f\u0131\u2019n\u0131n \u00e7al\u0131nd\u0131\u011f\u0131 m\u00fczikler 144 y\u0131l sonra tekrar yank\u0131land\u0131. G\u00fcl ve Krali\u00e7e, salona birlikte girdi. Ard\u0131ndan Hayr\u00fcnnisa G\u00fcl, Edinburgh D\u00fck\u00fc Philip, G\u00fcl\u2019\u00fcn ziyaretine e\u015flik eden Ba\u015fbakan Yard\u0131mc\u0131s\u0131 Ali Babacan ve D\u0131\u015fi\u015fleri Bakan\u0131 Ahmet Davuto\u011flu salondaki yerlerini ald\u0131. Yeme\u011fe G\u00fcl \u00e7iftinin o\u011flu Mehmet Emre G\u00fcl de kat\u0131ld\u0131. Elizabeth, 1971\u2019de de T\u00fcrkiye\u2019yi ziyaret etti\u011fini an\u0131msatarak \u201c2008\u2019de \u00fclkenize geldi\u011fimde T\u00fcrkiye\u2019nin bu s\u00fcrede ge\u00e7irdi\u011fi m\u00fcthi\u015f geli\u015fimi g\u00f6rd\u00fck\u201d dedi. Krali\u00e7e, konu\u015fmas\u0131n\u0131 \u201cKadehimi Cumhurba\u015fkan\u0131 ve T\u00fcrk halk\u0131 i\u00e7in kald\u0131r\u0131yorum\u201d diye bitirdi. Krali\u00e7e\u2019nin kadeh kald\u0131rmas\u0131yla \u0130stiklal Mar\u015f\u0131 \u00e7al\u0131nd\u0131.<\/p>\n<p style=\"text-align: justify;\"><strong>Y\u00fcksek \u015e\u00f6valye Ni\u015fan\u0131 takt\u0131\u00a0<\/strong><\/p>\n<p style=\"text-align: justify;\">G\u00fcl de \u201c\u0130ki stratejik ortak olarak, T\u00fcrkiye ve \u0130ngiltere modern \u00e7a\u011f\u0131n zorluklar\u0131na kar\u015f\u0131n ortak hareket etme konusunda g\u00fc\u00e7l\u00fc bir ba\u011fl\u0131l\u0131\u011f\u0131 payla\u015f\u0131yor\u201d dedi. G\u00fcl, kadehini, \u201c\u0130ngiliz halk\u0131n\u0131n refah\u0131 ve mutlulu\u011fu ile Krali\u00e7e\u2019nin sa\u011fl\u0131\u011f\u0131na\u201d kald\u0131rd\u0131. G\u00fcl\u2019\u00fcn kadehinin kald\u0131rmas\u0131n\u0131n ard\u0131ndan \u0130ngiltere Milli Mar\u015f\u0131 \u00e7al\u0131nd\u0131.<\/p>\n<p style=\"text-align: justify;\">Resmi ak\u015fam yeme\u011finde \u0130ngiliz Kraliyeti protokol\u00fc \u00fcst d\u00fczeyde ve titizlikle uyguland\u0131. Yemekte frak giyen Cumhurba\u015fkan\u0131 Abdullah G\u00fcl, Krali\u00e7e 2. Elizabeth\u2019in 2008 y\u0131l\u0131ndaki T\u00fcrkiye ziyaretinde takdim etti\u011fi, \u201cY\u00fcksek \u015e\u00f6valye Ni\u015fan\u0131\u201dn\u0131 da takt\u0131. Yeme\u011fe b\u00fct\u00fcn erkek konuklar frakla, kad\u0131nlar koyu renk uzun elbiseyle kat\u0131ld\u0131.<\/p>\n<p style=\"text-align: justify;\"><strong>Evren 1988\u2019de ziyaret etti\u00a0<\/strong><\/p>\n<p style=\"text-align: justify;\">Cumhurba\u015fkan\u0131 G\u00fcl, T\u00fcrkiye\u2019den \u0130ngiltere\u2019ye bu seviyede 23 y\u0131ll\u0131k bir aradan sonra ilk devlet ziyaretini ger\u00e7ekle\u015ftiriyor. 1988\u2019de d\u00f6nemin Cumhurba\u015fkan\u0131 Kenan Evren\u2019in ziyaretinden sonraki bu ilk resmi ziyaret, Krali\u00e7e 2. Elizabeth\u2019in 2008\u2019deki T\u00fcrkiye ziyaretinin iadesi niteli\u011fini de ta\u015f\u0131yor. G\u00fcl, y\u0131lda en fazla iki devlet ziyareti kabul eden \u0130ngiltere\u2019yi bu y\u0131l ABD Ba\u015fkan\u0131 Obama\u2019dan sonra ziyaret eden 2. Cumhurba\u015fkan\u0131 oldu. T\u00fcrkiye ile \u0130ngiltere aras\u0131ndaki ili\u015fkilerin tarihi 16. y\u00fczy\u0131la kadar uzan\u0131yor. \u0130lk \u0130ngiliz B\u00fcy\u00fckel\u00e7isi William Harborne 1583\u2019te \u0130stanbul\u2019da, yurt d\u0131\u015f\u0131ndaki ilk T\u00fcrk b\u00fcy\u00fckel\u00e7isi Yusuf Agah Efendi 1793\u2019te Londra\u2019da g\u00f6reve ba\u015flad\u0131. Sultan Abd\u00fclaziz 1867\u2019de \u0130ngiltere\u2019yi ziyaret etti. Bu ziyaret, bir Osmanl\u0131 padi\u015fah\u0131n\u0131n Bat\u0131 Avrupa\u2019ya yapt\u0131\u011f\u0131 ilk ziyaret olarak tarihe ge\u00e7ti.<\/p>\n<p style=\"text-align: justify;\"><strong>Londra\u2019da T\u00fcrk g\u00fcn\u00fc\u00a0<\/strong><\/p>\n<p style=\"text-align: justify;\">G\u00fcl \u00e7iftinin ziyareti, Londra\u2019da tam bir T\u00fcrk havas\u0131 estirdi. Caddeler T\u00fcrk bayraklar\u0131yla s\u00fcslenirken, t\u00f6ren alan\u0131na kurulan platformlar da k\u0131rm\u0131z\u0131 ve beyaz renkte haz\u0131rland\u0131 ve \u00fczerlerine Cumhurba\u015fkanl\u0131\u011f\u0131 forsu konuldu. T\u00f6ren alan\u0131nda yo\u011fun g\u00fcvenlik \u00f6nlemleri al\u0131nd\u0131. Londra\u2019n\u0131n simgelerinden dev d\u00f6nme dolap \u201cLondon Eye\u201d da Cumhurba\u015fkan\u0131 G\u00fcl\u2019\u00fcn ziyareti dolay\u0131s\u0131yla T\u00fcrk bayra\u011f\u0131n\u0131n renkleri olan \u201ck\u0131rm\u0131z\u0131-beyaza\u201d b\u00fcr\u00fcnd\u00fc. Cumhurba\u015fkan\u0131 G\u00fcl, e\u015fi Hayr\u00fcnnisa G\u00fcl ve o\u011flu Mehmet Emre G\u00fcl ile Thames Nehri kenar\u0131ndaki dev d\u00f6nme dolap London Eye\u2019\u0131n k\u0131rm\u0131z\u0131-beyaz renklere b\u00fcr\u00fcnmesini izledi.<\/p>\n<p style=\"text-align: justify;\"><strong>Cameron\u2019la s\u0131cak sohbet\u00a0<\/strong><\/p>\n<p style=\"text-align: justify;\">Cumhurba\u015fkan\u0131 G\u00fcl, Downing Street 10 Numara\u2019daki konutunda \u0130ngiltere Ba\u015fbakan\u0131 David Cameron\u2019u ziyaret etti. Ziyarete Ba\u015fbakan Yard\u0131mc\u0131s\u0131 Ali Babacan ile D\u0131\u015fi\u015fleri Bakan\u0131 Ahmet Davuto\u011flu da kat\u0131ld\u0131.<\/p>\n<p style=\"text-align: justify;\"><a href=\"http:\/\/haber.gazetevatan.com\/23-yil-sonra\/412724\/1\/Gundem\" target=\"_blank\">Kaynak : Vatan Gazetesi<\/a><\/p>\n","protected":false},"excerpt":{"rendered":"<p style=\"text-align: center;\">\n<p style=\"text-align: justify;\">Kenan Evren\u2019den sonra \u0130ngiltere\u2019ye resmi ziyarette bulunan ilk T\u00fcrk Cumhurba\u015fkan\u0131 olan Abdullah G\u00fcl ve e\u015fi Hayr\u00fcnnisa Han\u0131m, Londra\u2019da g\u00f6rkemli bir t\u00f6renle kar\u015f\u0131land\u0131. \u0130ngiltere Krali\u00e7esi 2. Elizabeth, G\u00fcl \u00e7ifti onuruna Buckingham Saray\u0131\u2019nda bir ak\u015fam yeme\u011fi verdi. Krali\u00e7e ve G\u00fcl iki \u00fclkenin dostlu\u011funa kadeh kald\u0131rd\u0131.<\/p>\n","protected":false},"author":1,"featured_media":0,"comment_status":"open","ping_status":"open","sticky":false,"template":"","format":"standard","meta":{"footnotes":""},"categories":[3],"tags":[],"class_list":["post-43169","post","type-post","status-publish","format-standard","hentry","category-dunya","odd"],"_links":{"self":[{"href":"http:\/\/www.korhanyilmaz.com\/index.php?rest_route=\/wp\/v2\/posts\/43169","targetHints":{"allow":["GET"]}}],"collection":[{"href":"http:\/\/www.korhanyilmaz.com\/index.php?rest_route=\/wp\/v2\/posts"}],"about":[{"href":"http:\/\/www.korhanyilmaz.com\/index.php?rest_route=\/wp\/v2\/types\/post"}],"author":[{"embeddable":true,"href":"http:\/\/www.korhanyilmaz.com\/index.php?rest_route=\/wp\/v2\/users\/1"}],"replies":[{"embeddable":true,"href":"http:\/\/www.korhanyilmaz.com\/index.php?rest_route=%2Fwp%2Fv2%2Fcomments&post=43169"}],"version-history":[{"count":0,"href":"http:\/\/www.korhanyilmaz.com\/index.php?rest_route=\/wp\/v2\/posts\/43169\/revisions"}],"wp:attachment":[{"href":"http:\/\/www.korhanyilmaz.com\/index.php?rest_route=%2Fwp%2Fv2%2Fmedia&parent=43169"}],"wp:term":[{"taxonomy":"category","embeddable":true,"href":"http:\/\/www.korhanyilmaz.com\/index.php?rest_route=%2Fwp%2Fv2%2Fcategories&post=43169"},{"taxonomy":"post_tag","embeddable":true,"href":"http:\/\/www.korhanyilmaz.com\/index.php?rest_route=%2Fwp%2Fv2%2Ftags&post=43169"}],"curies":[{"name":"wp","href":"https:\/\/api.w.org\/{rel}","templated":true}]}}