{"id":43158,"date":"2011-11-22T20:21:40","date_gmt":"2011-11-22T18:21:40","guid":{"rendered":"http:\/\/www.korhanyilmaz.com\/?p=43158"},"modified":"2011-11-23T07:26:50","modified_gmt":"2011-11-23T05:26:50","slug":"savcilik-fezlekesini-kursude-yirtti","status":"publish","type":"post","link":"http:\/\/www.korhanyilmaz.com\/?p=43158","title":{"rendered":"Savc\u0131l\u0131k fezlekesini k\u00fcrs\u00fcde y\u0131rtt\u0131"},"content":{"rendered":"<p style=\"text-align: center;\"><a href=\"http:\/\/www.korhanyilmaz.com\/wp-content\/uploads\/2011\/11\/7308.jpg\"  class=\"lightview\"><img loading=\"lazy\" decoding=\"async\" class=\"aligncenter  wp-image-43161\" src=\"http:\/\/www.korhanyilmaz.com\/wp-content\/uploads\/2011\/11\/7308.jpg\" alt=\"\" width=\"420\" height=\"210\" \/><\/a><\/p>\n<p style=\"text-align: justify;\">CHP Grup Ba\u015fkanvekili \u0130nce, Odatv iddianamesinde ad\u0131n\u0131n ge\u00e7mesi \u00fczerine d\u00fcn bir bas\u0131n toplant\u0131s\u0131 d\u00fczenlemi\u015f ve &#8221;o iddianameyi k\u00fcrs\u00fcde y\u0131rt\u0131p ataca\u011f\u0131m&#8221; demi\u015fti. \u0130nce bug\u00fcn de bu eylemini ger\u00e7ekle\u015ftirdi<\/p>\n<p style=\"text-align: justify;\">CHP Grup Ba\u015fkanvekili Muharrem \u0130nce, TBMM Genel Kurulu k\u00fcrs\u00fcs\u00fcnde, yasama dokunulmazl\u0131\u011f\u0131n\u0131n kald\u0131r\u0131lmas\u0131na ili\u015fkin tezkereyi y\u0131rtt\u0131.\u00a0<!--more--><\/p>\n<p style=\"text-align: justify;\">MHP\u2019nin, &#8220;Kad\u0131na y\u00f6nelik \u015fiddetle m\u00fccadele ve kal\u0131c\u0131 \u00e7\u00f6z\u00fcm yollar\u0131n\u0131n ara\u015ft\u0131r\u0131lmas\u0131&#8221; talebini i\u00e7eren \u00f6nergenin bug\u00fcn g\u00fcndeme al\u0131nmas\u0131 hakk\u0131ndaki grup \u00f6nerisinin g\u00f6r\u00fc\u015fmelerinde s\u00f6z alan CHP Grup Ba\u015fkanvekili Muharrem \u0130nce, &#8220;bir milletvekiline uygulanan siyasal ve yarg\u0131sal \u015fiddet&#8221; hakk\u0131nda bilgi vermek istedi\u011fini s\u00f6yledi.<\/p>\n<p style=\"text-align: justify;\">\u0130nce, Sakarya\u2019n\u0131n Pamukova il\u00e7esinde esnaf ziyaretlerinde bulunurken ses d\u00fczeni bulunan bir ara\u00e7tan meydanda toplananlara hitap etti\u011fini anlatt\u0131. Emniyet g\u00fc\u00e7lerince konuya ili\u015fkin haz\u0131rlanan tutana\u011f\u0131 okuyan \u0130nce, tutanakta, &#8220;iktidar\u0131 ele\u015ftirmek suretiyle propaganda yapt\u0131\u011f\u0131na dair&#8221; bir ifadenin yer ald\u0131\u011f\u0131n\u0131 belirtti. \u0130nce, &#8220;Tebrik ediyorum, ele\u015ftiri yapt\u0131\u011f\u0131m\u0131 belirlemi\u015fler. Su\u00e7um b\u00fcy\u00fck. Ne yapacakt\u0131m yani, iktidara ya\u011fc\u0131l\u0131k m\u0131 yapacakt\u0131m?&#8221; diyerek tepki g\u00f6sterdi.<\/p>\n<p style=\"text-align: justify;\">Bu tutanaktan yola \u00e7\u0131k\u0131larak, bir fezleke haz\u0131rland\u0131\u011f\u0131n\u0131 ifade eden \u0130nce, \u015f\u00f6yle devam etti:<\/p>\n<p style=\"text-align: justify;\">&#8220;Fezleke de \u2019h\u00fck\u00fcmeti y\u0131prat\u0131c\u0131 faaliyetler bulunuyor\u2019 deniliyor. Bu savc\u0131lara sesleniyorum; ben iktidar\u0131 y\u0131pratmak istemiyorum y\u0131kmak, yerine yeni bir iktidar kurmak istiyorum. O iddianamelerinizi do\u011fru d\u00fczg\u00fcn yap\u0131n. Ben o iktidar\u0131 y\u0131kmak istiyorum, y\u0131kmak ey savc\u0131lar, bunu duyun. 9 y\u0131l\u0131n sonunda benim de dokunulmazl\u0131\u011f\u0131m\u0131n kald\u0131r\u0131lmas\u0131yla ilgili dosyam oldu ama bak\u0131n ba\u015fka kimlerin neleri var? \u00d6zel evrakta sahtecilik, ihaleye fesat kar\u0131\u015ft\u0131rmak ve kamu kurumlar\u0131n\u0131 doland\u0131rmak, nitelikli zimmet, kamu ta\u015f\u0131ma biletlerinde kalpazanl\u0131k&#8230; Benim ad\u0131mla bu isnat edilen su\u00e7lar\u0131n sahiplerinin adlar\u0131 ayn\u0131 yere yaz\u0131lacak. Benim bu utan\u00e7 verici durumdan kurtulmam gerekiyor.&#8221;<\/p>\n<p style=\"text-align: justify;\">&#8220;Milletin g\u00f6z\u00fcn\u00fcn \u00f6n\u00fcnde dokunulmazl\u0131\u011f\u0131m kald\u0131r\u0131lmas\u0131n\u0131 istiyorum&#8221; diyen \u0130nce, TBMM Ba\u015fkanl\u0131\u011f\u0131na hitaben yazd\u0131\u011f\u0131, dokunulmazl\u0131\u011f\u0131n\u0131n kald\u0131r\u0131lmas\u0131na ili\u015fkin dilek\u00e7eyi k\u00fcrs\u00fcye b\u0131rakt\u0131. \u0130nce, &#8220;Bu dilek\u00e7eyi buraya b\u0131rak\u0131yorum, isteyen sunsun. Verin ba\u015fkanl\u0131\u011fa, parmaklar\u0131n\u0131z kalks\u0131n yarg\u0131lanay\u0131m, bu ay\u0131ptan kurtulay\u0131m&#8221; dedi.<\/p>\n<p style=\"text-align: justify;\"><strong>Savc\u0131l\u0131k fezlekesini y\u0131rtt\u0131<\/strong><\/p>\n<p style=\"text-align: justify;\"><a href=\"http:\/\/www.korhanyilmaz.com\/wp-content\/uploads\/2011\/11\/7307.jpg\"  class=\"lightview\"><img loading=\"lazy\" decoding=\"async\" class=\"aligncenter size-full wp-image-43160\" title=\"7307\" src=\"http:\/\/www.korhanyilmaz.com\/wp-content\/uploads\/2011\/11\/7307.jpg\" alt=\"\" width=\"500\" height=\"667\" \/><\/a><\/p>\n<p style=\"text-align: justify;\">Pamukova Savc\u0131l\u0131\u011f\u0131n\u0131n kendisi hakk\u0131nda haz\u0131rlad\u0131\u011f\u0131 fezlekeyi de k\u00fcrs\u00fcde y\u0131rtan \u0130nce, &#8220;\u0130ktidar\u0131 ele\u015ftirmeyece\u011fim de ne yapaca\u011f\u0131m? O savc\u0131lara sesleniyorum; haz\u0131rlad\u0131\u011f\u0131n\u0131z fezlekeyi bu milletin k\u00fcrs\u00fcs\u00fcnde y\u0131rtt\u0131m, sizi de g\u00f6revinizin gere\u011fini yapmaya \u00e7a\u011f\u0131r\u0131yorum&#8221; dedi.<\/p>\n<p style=\"text-align: justify;\">CHP Genel Ba\u015fkan\u0131 Kemal K\u0131l\u0131\u00e7daro\u011flu dahil t\u00fcm CHP milletvekillerinin dokunulmazl\u0131klar\u0131n\u0131n kald\u0131r\u0131lmas\u0131na ili\u015fkin dilek\u00e7eleri yar\u0131n TBMM Ba\u015fkanl\u0131\u011f\u0131na verebileceklerini s\u00f6yleyen \u0130nce, AK Parti Grup Ba\u015fkanvekili Nurettin Canikli\u2019ye de &#8220;Senin y\u00fcre\u011fin var m\u0131? Say\u0131n Canikli siz Ba\u015fbakan Erdo\u011fan\u2019\u0131n ben de Say\u0131n K\u0131l\u0131\u00e7daro\u011flu\u2019nun vekiliyim. Ben yar\u0131n genel ba\u015fkan\u0131m\u0131n dokunulmazl\u0131\u011f\u0131n\u0131n kald\u0131r\u0131lmas\u0131 dilek\u00e7esini getiririm. Dilek\u00e7eyi verecek g\u00fcc\u00fcm var. Senin var m\u0131?&#8221; diye seslendi.<\/p>\n<p style=\"text-align: justify;\">Kendisi hakk\u0131nda fezleke haz\u0131rlayan savc\u0131lar\u0131n Meclis ile dalga ge\u00e7ti\u011fini s\u00f6yleyen \u0130nce, &#8220;Kim oluyor o savc\u0131? H\u00fck\u00fcmeti ele\u015ftirmi\u015fim, ele\u015ftirmeyip de ne yapacakt\u0131m? Hakaret etmemi\u015fim. Ben yarg\u0131lanmak istiyorum. Dokunulmazl\u0131\u011f\u0131m\u0131n kald\u0131r\u0131lmas\u0131 dilek\u00e7emi buraya b\u0131rak\u0131yorum. Al bunu Meclis\u2019in ba\u015fkanl\u0131\u011f\u0131na ver&#8221; diye konu\u015ftu.<\/p>\n<p style=\"text-align: justify;\">Ba\u015fbakan Recep Tayyip Erdo\u011fan\u2019\u0131n bug\u00fcn yapt\u0131\u011f\u0131 grup konu\u015fmas\u0131nda, &#8220;Bunlar Sultan Abd\u00fclmecid ile Halife Abd\u00fclmecid\u2019in ayn\u0131 ki\u015filer olmad\u0131\u011f\u0131n\u0131 bug\u00fcn anlad\u0131lar&#8221; dedi\u011fini an\u0131msatan \u0130nce, &#8220;Say\u0131n Ba\u015fbakan, sen T\u00fcrk Dili Kurultay\u0131\u2019nda Faruk Naf\u0131z \u00c7aml\u0131bel ile Faz\u0131l H\u00fcsn\u00fc Da\u011flarca\u2019y\u0131 kar\u0131\u015ft\u0131rm\u0131\u015ft\u0131n, hat\u0131rl\u0131yor musun? Ben candan konu\u015fuyorum, sen camdan konu\u015fmana ra\u011fmen iki \u015fairi kar\u0131\u015ft\u0131rd\u0131n, buna ne demeli&#8221; diye konu\u015ftu.<\/p>\n<p style=\"text-align: justify;\">\u0130zmir B\u00fcy\u00fck\u015fehir Belediyesi\u2019ne y\u00f6nelik d\u00fczenlenen operasyonla ilgili de konu\u015fan \u0130nce, &#8220;Se\u00e7imle ele ge\u00e7iremediniz, savc\u0131yla ele ge\u00e7irmek istiyorsunuz. Bask\u0131yla, polisle \u0130zmir belediyesi \u00e7al\u0131\u015fanlar\u0131n\u0131 ele ge\u00e7irebilirsiniz ama \u00e7a\u011fda\u015f \u0130zmir teslim olmayacak&#8221; dedi.<\/p>\n<p style=\"text-align: justify;\">Bu arada, milletvekillerinin birbirlerine y\u00f6nelik s\u00f6zl\u00fc sata\u015fmalar\u0131 art\u0131nca Ba\u015fkanvekili Sa\u011flam, tokmakla masaya vurarak, uyar\u0131da bulundu.<\/p>\n<p style=\"text-align: justify;\">AK Parti Grup Ba\u015fkanvekil Nurettin Canikli de \u0130nce\u2019ye, &#8220;K\u0131l\u0131\u00e7daro\u011flu\u2019nun SSK Genel M\u00fcd\u00fcrl\u00fc\u011f\u00fc d\u00f6nemindeki dile getirdi\u011fimiz olaylar ger\u00e7e\u011fi yans\u0131tm\u0131yor diyebilir misiniz? Sadece bunun cevab\u0131n\u0131 istiyoruz sizden&#8221; diye seslendi. Hakk\u0131nda fezleke bulunan milletvekillerinin, milletvekilli\u011fi s\u00fcreleri bitti\u011finde yarg\u0131lanacaklar\u0131na dikkati \u00e7eken Canikli, K\u0131l\u0131\u00e7daro\u011flu\u2019na y\u00f6neltilen iddialarla ilgili su\u00e7larda af \u00e7\u0131kt\u0131\u011f\u0131n\u0131, bu nedenle K\u0131l\u0131\u00e7daro\u011flu\u2019nun beraat edece\u011fini s\u00f6yledi. Canikli, &#8220;(K\u0131l\u0131\u00e7daro\u011flu\u2019nun bu icraatlar\u0131 do\u011fru de\u011fildir) diyebilir misin? Deyin ben b\u00fct\u00fcn s\u00f6zlerimi geri alaca\u011f\u0131m&#8221; dedi.<\/p>\n<p style=\"text-align: justify;\">CHP Grup Ba\u015fkanvekili Akif Hamza\u00e7ebi de K\u0131l\u0131\u00e7daro\u011flu\u2019nun SSK Genel M\u00fcd\u00fcrl\u00fc\u011f\u00fc d\u00f6neminde yasad\u0131\u015f\u0131 hi\u00e7 bir faaliyetinin olmad\u0131\u011f\u0131n\u0131 belirterek, \u015funlar\u0131 s\u00f6yledi:<\/p>\n<p style=\"text-align: justify;\">&#8220;Say\u0131n Canikli buradan size ekmek \u00e7\u0131kmaz. Bo\u015funa u\u011fra\u015fmay\u0131n. Devlet m\u00fcfetti\u015fleri elinizde, gidin soru\u015fturun ama bulam\u0131yorsunuz. 90\u2019l\u0131 y\u0131llar enflasyon y\u0131llar\u0131, rakamlar\u0131n a\u015f\u0131nd\u0131\u011f\u0131 y\u0131llar. Siz gidin, Y\u00fcksek Denetleme Kurulu raporlar\u0131ndaki Ba\u015fbakan Erdo\u011fan\u2019\u0131n yak\u0131nlar\u0131n\u0131n travers \u015firketlerinin ald\u0131\u011f\u0131 ihalelere bak\u0131n.&#8221;<\/p>\n<p style=\"text-align: justify;\">Daha sonra yap\u0131lan oylamada, MHP\u2019nin grup \u00f6nerisi reddedildi.<\/p>\n<p style=\"text-align: justify;\"><strong>CHP&#8217;L\u0130LER K\u00dcRS\u00dcY\u00dc \u0130\u015eGAL ETT\u0130\u00a0<\/strong><\/p>\n<p style=\"text-align: justify;\">TBMM Ba\u015fkanvekili Mehmet Sa\u011flam, tutanaklar\u0131 okudu\u011funu belirterek, &#8220;\u015eahs\u0131ma yak\u0131\u015fmayan bir s\u00f6z\u00fcn a\u011fz\u0131mdan \u00e7\u0131kt\u0131\u011f\u0131 belli oluyor. B\u00f6yle bir s\u00f6z\u00fcn a\u011fz\u0131mdan \u00e7\u0131kmamas\u0131 gerekirdi. \u00d6z\u00fcr diliyorum&#8221; dedi.<\/p>\n<p style=\"text-align: justify;\">TBMM Genel Kurulu\u2019nda, CHP Grup Ba\u015fkanvekili Muharrem \u0130nce, yerinden aya\u011fa kalkarak, Sa\u011flam\u2019a hitaben, &#8220;Say\u0131n Ba\u015fkan, burada sinkafl\u0131 bir s\u00f6z ettiniz. Televizyonlar\u0131 izleyenler bizden \u00e7ok daha rahat duyuyor. \u015eu anda Facebook ve Twitter\u2019de bununla ilgili yorumlar yap\u0131l\u0131yor. Sizin a\u011fz\u0131n\u0131zdan b\u00f6yle bir laf \u00e7\u0131kt\u0131 m\u0131? Umar\u0131m \u00e7\u0131kmam\u0131\u015ft\u0131r&#8221; dedi.<\/p>\n<p style=\"text-align: justify;\">Sa\u011flam, bunun \u00fczerine birle\u015fime ara verdi. Aran\u0131n ard\u0131ndan tutanaklar\u0131 okuyan Sa\u011flam, &#8220;\u015eahs\u0131ma yak\u0131\u015fmayan bir s\u00f6z\u00fcn a\u011fz\u0131mdan \u00e7\u0131kt\u0131\u011f\u0131 belli oluyor. B\u00f6yle bir s\u00f6z\u00fcn a\u011fz\u0131mdan \u00e7\u0131kmamas\u0131 gerekirdi. \u00d6z\u00fcr diliyorum&#8221; dedi.<\/p>\n<p style=\"text-align: justify;\">CHP Grup Ba\u015fkanvekili Muharrem \u0130nce, bu s\u00f6zler \u00fczerine t\u00fcm CHP milletvekillerini k\u00fcrs\u00fcn\u00fcn etraf\u0131nda toplanmaya \u00e7a\u011f\u0131rd\u0131. \u0130nce\u2019nin ayr\u0131lana kadar eylemi s\u00fcrd\u00fcreceklerini belirtmesi \u00fczerine Sa\u011flam, birle\u015fimi kapatt\u0131.<\/p>\n<p style=\"text-align: justify;\"><a href=\"http:\/\/haber.gazetevatan.com\/savcilik-fezlekesini-kursude-yirtti\/412684\/1\/Gundem\" target=\"_blank\">Kaynak : Vatan Gazetesi<\/a><\/p>\n","protected":false},"excerpt":{"rendered":"<p style=\"text-align: center;\">\n<p style=\"text-align: justify;\">CHP Grup Ba\u015fkanvekili \u0130nce, Odatv iddianamesinde ad\u0131n\u0131n ge\u00e7mesi \u00fczerine d\u00fcn bir bas\u0131n toplant\u0131s\u0131 d\u00fczenlemi\u015f ve &#8221;o iddianameyi k\u00fcrs\u00fcde y\u0131rt\u0131p ataca\u011f\u0131m&#8221; demi\u015fti. \u0130nce bug\u00fcn de bu eylemini ger\u00e7ekle\u015ftirdi<\/p>\n<p style=\"text-align: justify;\">CHP Grup Ba\u015fkanvekili Muharrem \u0130nce, TBMM Genel Kurulu k\u00fcrs\u00fcs\u00fcnde, yasama dokunulmazl\u0131\u011f\u0131n\u0131n kald\u0131r\u0131lmas\u0131na ili\u015fkin tezkereyi y\u0131rtt\u0131. <\/p>\n","protected":false},"author":1,"featured_media":0,"comment_status":"open","ping_status":"open","sticky":false,"template":"","format":"standard","meta":{"footnotes":""},"categories":[105],"tags":[],"class_list":["post-43158","post","type-post","status-publish","format-standard","hentry","category-gundem","odd"],"_links":{"self":[{"href":"http:\/\/www.korhanyilmaz.com\/index.php?rest_route=\/wp\/v2\/posts\/43158","targetHints":{"allow":["GET"]}}],"collection":[{"href":"http:\/\/www.korhanyilmaz.com\/index.php?rest_route=\/wp\/v2\/posts"}],"about":[{"href":"http:\/\/www.korhanyilmaz.com\/index.php?rest_route=\/wp\/v2\/types\/post"}],"author":[{"embeddable":true,"href":"http:\/\/www.korhanyilmaz.com\/index.php?rest_route=\/wp\/v2\/users\/1"}],"replies":[{"embeddable":true,"href":"http:\/\/www.korhanyilmaz.com\/index.php?rest_route=%2Fwp%2Fv2%2Fcomments&post=43158"}],"version-history":[{"count":0,"href":"http:\/\/www.korhanyilmaz.com\/index.php?rest_route=\/wp\/v2\/posts\/43158\/revisions"}],"wp:attachment":[{"href":"http:\/\/www.korhanyilmaz.com\/index.php?rest_route=%2Fwp%2Fv2%2Fmedia&parent=43158"}],"wp:term":[{"taxonomy":"category","embeddable":true,"href":"http:\/\/www.korhanyilmaz.com\/index.php?rest_route=%2Fwp%2Fv2%2Fcategories&post=43158"},{"taxonomy":"post_tag","embeddable":true,"href":"http:\/\/www.korhanyilmaz.com\/index.php?rest_route=%2Fwp%2Fv2%2Ftags&post=43158"}],"curies":[{"name":"wp","href":"https:\/\/api.w.org\/{rel}","templated":true}]}}