{"id":43146,"date":"2011-11-22T15:17:10","date_gmt":"2011-11-22T13:17:10","guid":{"rendered":"http:\/\/www.korhanyilmaz.com\/?p=43146"},"modified":"2011-11-23T06:55:48","modified_gmt":"2011-11-23T04:55:48","slug":"22112011-tarihli-chp-grup-tolantisi","status":"publish","type":"post","link":"http:\/\/www.korhanyilmaz.com\/?p=43146","title":{"rendered":"K\u0131l\u0131\u00e7daro\u011flu: Dersim&#8217;den sana ekmek yok ba\u015fka kap\u0131ya say\u0131n Erdo\u011fan"},"content":{"rendered":"<p style=\"text-align: center;\"><a href=\"http:\/\/www.korhanyilmaz.com\/wp-content\/uploads\/2011\/11\/7306.jpg\"  class=\"lightview\"><img loading=\"lazy\" decoding=\"async\" class=\"aligncenter  wp-image-43153\" src=\"http:\/\/www.korhanyilmaz.com\/wp-content\/uploads\/2011\/11\/7306.jpg\" alt=\"\" width=\"399\" height=\"210\" \/><\/a><\/p>\n<p style=\"text-align: justify;\">Ayakta alk\u0131\u015flanan s\u00f6zleri<\/p>\n<p style=\"text-align: justify;\">Ben Dersim\u2019in \u00e7ocu\u011fuyum. Ben CHP\u2019nin genel ba\u015fkan\u0131 oldum Allah nasip ederse Ba\u015fbakan da olaca\u011f\u0131m..<\/p>\n<p style=\"text-align: justify;\">CHP Genel Ba\u015fkan\u0131 Kemal K\u0131l\u0131\u00e7daro\u011fl\u0131 parti grubu konu\u015fmas\u0131nda Ba\u015fbakan Erdo\u011fan\u2019a sert \u00e7\u0131kt\u0131.\u00a0<!--more--><\/p>\n<p style=\"text-align: justify;\">\u2018Ben bu \u00fclkenin \u00e7ocu\u011fuyum. Ben Dersim\u2019in \u00e7ocu\u011fuyum. Ben CHP\u2019nin genel ba\u015fkan\u0131 oldum Allah nasip ederse Ba\u015fbakan da olaca\u011f\u0131m\u2019 dedi. CHP liderinin bu s\u00f6zleri parti grubunda uzun s\u00fcre ayakta alk\u0131\u015flan\u0131rken \u2018Ba\u015fbakan Kemal\u2019 sloganlar\u0131 at\u0131ld\u0131.<\/p>\n<p style=\"text-align: justify;\">Kemal K\u0131l\u0131\u00e7daro\u011flu bu s\u00f6zleri sarf ederken olduk\u00e7a sinirliydi. Ana muhalefet lideri, &#8216;Dersim&#8217;de ac\u0131 \u00e7ekenlerin s\u00f6zc\u00fcl\u00fc\u011f\u00fcn\u00fc yapmak sana kalmad\u0131. Dersim&#8217;den Dersimli&#8217;den sana ekmek yok. Ba\u015fka kap\u0131ya Say\u0131n Erdo\u011fan&#8217; diye konu\u015ftu.<\/p>\n<p style=\"text-align: justify;\"><a href=\"http:\/\/muhalifgazete.com\/26070-Kilicdaroglu-Dersim-den-sana-ekmek-yok-baska-kapiya-sayin-Erdogan-.htm\" target=\"_blank\">Kaynak : Muhalif Gazete<\/a><\/p>\n<hr \/>\n<p style=\"text-align: justify;\">[youtube width=&#8221;500&#8243; height=&#8221;318&#8243;]http:\/\/www.youtube.com\/watch?v=I-0PTD92MZU[\/youtube]<\/p>\n","protected":false},"excerpt":{"rendered":"<p style=\"text-align: center;\">\n<p style=\"text-align: justify;\">Ayakta alk\u0131\u015flanan s\u00f6zleri<\/p>\n<p style=\"text-align: justify;\">Ben Dersim\u2019in \u00e7ocu\u011fuyum. Ben CHP\u2019nin genel ba\u015fkan\u0131 oldum Allah nasip ederse Ba\u015fbakan da olaca\u011f\u0131m..<\/p>\n<p style=\"text-align: justify;\">CHP Genel Ba\u015fkan\u0131 Kemal K\u0131l\u0131\u00e7daro\u011fl\u0131 parti grubu konu\u015fmas\u0131nda Ba\u015fbakan Erdo\u011fan\u2019a sert \u00e7\u0131kt\u0131. <\/p>\n","protected":false},"author":1,"featured_media":0,"comment_status":"open","ping_status":"open","sticky":false,"template":"","format":"standard","meta":{"footnotes":""},"categories":[105],"tags":[],"class_list":["post-43146","post","type-post","status-publish","format-standard","hentry","category-gundem","odd"],"_links":{"self":[{"href":"http:\/\/www.korhanyilmaz.com\/index.php?rest_route=\/wp\/v2\/posts\/43146","targetHints":{"allow":["GET"]}}],"collection":[{"href":"http:\/\/www.korhanyilmaz.com\/index.php?rest_route=\/wp\/v2\/posts"}],"about":[{"href":"http:\/\/www.korhanyilmaz.com\/index.php?rest_route=\/wp\/v2\/types\/post"}],"author":[{"embeddable":true,"href":"http:\/\/www.korhanyilmaz.com\/index.php?rest_route=\/wp\/v2\/users\/1"}],"replies":[{"embeddable":true,"href":"http:\/\/www.korhanyilmaz.com\/index.php?rest_route=%2Fwp%2Fv2%2Fcomments&post=43146"}],"version-history":[{"count":0,"href":"http:\/\/www.korhanyilmaz.com\/index.php?rest_route=\/wp\/v2\/posts\/43146\/revisions"}],"wp:attachment":[{"href":"http:\/\/www.korhanyilmaz.com\/index.php?rest_route=%2Fwp%2Fv2%2Fmedia&parent=43146"}],"wp:term":[{"taxonomy":"category","embeddable":true,"href":"http:\/\/www.korhanyilmaz.com\/index.php?rest_route=%2Fwp%2Fv2%2Fcategories&post=43146"},{"taxonomy":"post_tag","embeddable":true,"href":"http:\/\/www.korhanyilmaz.com\/index.php?rest_route=%2Fwp%2Fv2%2Ftags&post=43146"}],"curies":[{"name":"wp","href":"https:\/\/api.w.org\/{rel}","templated":true}]}}