{"id":43140,"date":"2011-11-22T21:13:03","date_gmt":"2011-11-22T19:13:03","guid":{"rendered":"http:\/\/www.korhanyilmaz.com\/?p=43140"},"modified":"2011-11-22T23:47:39","modified_gmt":"2011-11-22T21:47:39","slug":"izmirde-baski-operasyonlari","status":"publish","type":"post","link":"http:\/\/www.korhanyilmaz.com\/?p=43140","title":{"rendered":"\u0130zmir&#8217;de bask\u0131 operasyonlar\u0131"},"content":{"rendered":"<p style=\"text-align: center;\"><a href=\"http:\/\/www.korhanyilmaz.com\/wp-content\/uploads\/2011\/11\/7305.jpg\"  class=\"lightview\"><img loading=\"lazy\" decoding=\"async\" class=\"aligncenter  wp-image-43141\" src=\"http:\/\/www.korhanyilmaz.com\/wp-content\/uploads\/2011\/11\/7305.jpg\" alt=\"\" width=\"322\" height=\"241\" \/><\/a><\/p>\n<p style=\"text-align: justify;\">\u0130zmir Cumhuriyet Ba\u015fsavc\u0131l\u0131\u011f\u0131&#8217;n\u0131n \u00e7ete su\u00e7lar\u0131n\u0131 kapsayan CMK 250 kapsam\u0131nda \u0130zmir B\u00fcy\u00fck\u015fehir Belediyesi&#8217;ne y\u00f6nelik d\u00fczenledi\u011fi operasyonun ikincisinde, 44 belediye b\u00fcrokrat\u0131 ve \u00e7al\u0131\u015fan\u0131 g\u00f6zalt\u0131nda al\u0131nd\u0131. Daha sonra mahkeme \u00e7\u0131kar\u0131lan 5 zanl\u0131dan 3&#8217;\u00fc tutukland\u0131.<!--more--><\/p>\n<p style=\"text-align: justify;\">Cumhuriyet \/ \u0130zmir B\u00fcro- Kocao\u011flu\u2019nun son g\u00fcnlerde, belediyede 80 m\u00fcfetti\u015fin g\u00f6rev yapt\u0131\u011f\u0131n\u0131 ve denetimlerin \u201ctaciz boyutuna\u201d ula\u015ft\u0131\u011f\u0131n\u0131 a\u00e7\u0131klamas\u0131n\u0131n ard\u0131ndan, bug\u00fcn operasyonun ikinci dalgas\u0131 ger\u00e7ekle\u015ftirildi. Kocao\u011flu\u2019nun EXPO sunumu i\u00e7in Paris\u2019te bulundu\u011fu s\u0131rada yap\u0131lan operasyonda, 44 ki\u015fi g\u00f6zalt\u0131na al\u0131nd\u0131. Daha sonra mahkemeye \u00e7\u0131kar\u0131lan zanl\u0131lardan \u0130ZENERJ\u0130 Genel M\u00fcd\u00fcr\u00fc Ali Sabuktay, K\u00fclt\u00fcr M\u00fcd\u00fcr\u00fc Halim Yaz\u0131c\u0131 ve prod\u00fcksiyon \u015firketi orta\u011f\u0131 Sedat Sakur tutukland\u0131. Asuman G\u00f6kkaya ve Sosyal Hizmetler Daire Ba\u015fkan\u0131 Murat \u00d6zel ise serbest b\u0131rak\u0131ld\u0131.<\/p>\n<p style=\"text-align: justify;\">\u00a0Operasyonda \u00f6zel kalem m\u00fcd\u00fcrleri, daire ba\u015fkanlar\u0131, \u015firket m\u00fcd\u00fcrlerinin evlerinde aramalar ger\u00e7ekle\u015fti. Kent d\u0131\u015f\u0131nda da g\u00f6zalt\u0131 olurken, ESHOT\u2019ta da aramalar\u0131n yap\u0131ld\u0131\u011f\u0131 \u00f6\u011frenildi. Eski ESHOT Genel M\u00fcd\u00fcr\u00fc G\u00fcl \u015eener\u2019in yan\u0131 s\u0131ra \u00e7ok say\u0131da ESHOT genel m\u00fcd\u00fcr yard\u0131mc\u0131s\u0131 da g\u00f6zalt\u0131na al\u0131nd\u0131. Durak ihalelerinin mercek alt\u0131na al\u0131nd\u0131\u011f\u0131 savlan\u0131rken, ESHOT enc\u00fcmeninde g\u00f6rev yapan Kar\u015f\u0131yaka Spor Kul\u00fcb\u00fc Ba\u015fkan\u0131 ve \u0130zmir B\u00fcy\u00fck\u015fehir Meclis \u00dcyesi H\u00fcseyin \u00c7al\u0131\u015fkan\u2019\u0131n yan\u0131 s\u0131ra, Genel Sekreter Yard\u0131mc\u0131s\u0131 Erhan Bey, Karar ve Tutanaklar Daire Ba\u015fkan\u0131 T\u00fclay Azeri de emniyete g\u00f6t\u00fcr\u00fcld\u00fc.<\/p>\n<p style=\"text-align: justify;\"><strong>Kocao\u011flu: Her \u015fey ortada\u00a0<\/strong><\/p>\n<p style=\"text-align: justify;\">Operasyonu \u00f6\u011frendikten sonra, Paris\u2019te bug\u00fcn yap\u0131lacak EXPO sunumunu beklemeden \u0130zmir\u2019e d\u00f6nen Kocao\u011flu, Paris\u2019te yapt\u0131\u011f\u0131 a\u00e7\u0131klamada, \u201cArt\u0131k s\u00f6yleyecek bir \u015fey yok. T\u00fcm arkada\u015flar\u0131m namusuyla g\u00f6rev yap\u0131yorlar Hepsinin emeklili\u011fi gelmi\u015f isteseler giderler. Onur m\u00fccadelesi veriyoruz. Buradan ayr\u0131l\u0131p geri d\u00f6n\u00fcyorum. Yap\u0131lmak istenen \u015fey ortada. \u2018\u0130stedi\u011fimizi yapar\u0131z oturun sesinizi \u00e7\u0131karmay\u0131n\u2019 d\u00fczenini getirmek istiyorlar\u201d dedi.<\/p>\n<p style=\"text-align: justify;\">Kocao\u011flu, \u0130zmir d\u00f6n\u00fc\u015f\u00fc Adnan Menderes Havaalan\u0131\u2019nda a\u00e7\u0131klama yapmazken, daha sonra belediye \u00f6n\u00fcnde bekleyen \u00e7ok say\u0131da yurtta\u015fa seslendi. Kocao\u011flu burada da, \u201cBu bir oyundur ve er ge\u00e7 bunu kuranlar\u0131n, yapanlar\u0131n ba\u015f\u0131nda hallolacakt\u0131r. Bize bu insanl\u0131k d\u0131\u015f\u0131, adalet d\u0131\u015f\u0131 uygulamay\u0131 yapanlar, hem tanr\u0131 hem de millet, adalet huzurunda hesap verecektir. Bu konuya hem h\u00fck\u00fcmetin hem de devletin el atmas\u0131n\u0131 istiyoruz. Aln\u0131m\u0131z a\u00e7\u0131k. Say\u0131n Ba\u015fbakan\u0131 ve Say\u0131n Cumhurba\u015fkan\u0131&#8217;n\u0131 adalete \u00e7a\u011f\u0131r\u0131yoruz\u201d a\u00e7\u0131klamas\u0131 yapt\u0131.<\/p>\n<p style=\"text-align: justify;\">CHP \u0130zmir milletvekilleri de kente gelerek operasyona tepki g\u00f6sterdi. Paris\u2019teki heyette alan CHP \u0130zmir Milletvekili O\u011fuz Oyan da \u015funlar\u0131 s\u00f6yledi:<\/p>\n<p style=\"text-align: justify;\">\u201c\u0130zmir heyeti EXPO 2020\u2019yi kazanabilmek i\u00e7in Paris\u2019te b\u00fct\u00fcn kesimleriyle \u00e7aba g\u00f6sterirken, \u0130zmir B\u00fcy\u00fck\u015fehir Belediyesi \u00e7al\u0131\u015fanlar\u0131na yap\u0131lan yeni polis bask\u0131n\u0131 tam anlam\u0131yla bir arkadan han\u00e7erlenme olay\u0131d\u0131r. \u0130zmir\u2019in EXPO\u2019da rakibi olan \u015fehirlerin eline art\u0131k \u00e7ok b\u00fcy\u00fck bir koz ge\u00e7mi\u015ftir.AKP\u2019nin doymak bilmez siyasi ihtiras\u0131n\u0131n, art\u0131k hi\u00e7bir s\u0131n\u0131r tan\u0131mad\u0131\u011f\u0131 g\u00f6r\u00fclmektedir. \u015eimdi hukukun son k\u0131r\u0131nt\u0131lar\u0131 da t\u00fcketilmek istenmektedir. Bu gidi\u015f demokrasinin tam z\u0131dd\u0131 olan otokratik bir polis devletine do\u011frudur. Ama T\u00fcrkiye\u2019ye teokratik fa\u015fizmin dar g\u00f6mle\u011fi giydirilemeyecektir!\u201d<\/p>\n<p style=\"text-align: justify;\"><strong>\u0130\u015f\u00e7ilerden eylem\u00a0<\/strong><\/p>\n<p style=\"text-align: justify;\">CHP\u2019li il\u00e7e belediye ba\u015fkanlar\u0131 ve partili avukatlar da operasyonun ard\u0131ndan \u0130zmir B\u00fcy\u00fck\u015fehir Belediyesi\u2019ne geldi. \u0130zmir B\u00fcy\u00fck\u015fehir Belediyesi Ba\u015fkan Vekili S\u0131rr\u0131 Aydo\u011fan, \u201cBizim abdestimiz sa\u011flam k\u0131blemiz bellidir. Bu arkada\u015flar ahlak anlay\u0131\u015f\u0131 olan arkada\u015flard\u0131r\u201d dedi.<\/p>\n<p style=\"text-align: justify;\">\u00a0CHP \u0130zmir il y\u00f6netim kurulu ve il\u00e7e ba\u015fkanlar\u0131n\u0131n yapt\u0131\u011f\u0131 ortak a\u00e7\u0131klamada da, \u201c\u0130zmir\u2019in kalbi bu g\u00fcn EXPO 2020 adayl\u0131\u011f\u0131 i\u00e7in ilk sunumun yap\u0131laca\u011f\u0131 Paris\u2019te atarken yap\u0131lan bu operasyonun zamanlamas\u0131 \u00e7ok manidard\u0131r\u201d denildi.<\/p>\n<p style=\"text-align: justify;\">\u0130zmir Emniyet M\u00fcd\u00fcrl\u00fc\u011f\u00fc Ka\u00e7ak\u00e7\u0131l\u0131k Organize \u0130\u015fler \u015eube M\u00fcd\u00fcrl\u00fc\u011f\u00fc \u00f6n\u00fcnde toplanan b\u00fcrokrat ve \u00e7al\u0131\u015fanlar\u0131n yak\u0131nlar\u0131 da g\u00f6zya\u015flar\u0131na hakim olamad\u0131.<\/p>\n<p style=\"text-align: justify;\">Bu arada belediyede \u00f6rg\u00fctl\u00fc sendikalar, operasyona tepki amac\u0131yla acil hizmetler d\u0131\u015f\u0131nda i\u015f b\u0131rakt\u0131. Basmane\u2019den belediye \u00f6n\u00fcne y\u00fcr\u00fcyen i\u015f\u00e7iler, \u201c\u0130zmir Aziz\u2019dir Aziz kalacak\u201d sloganlar\u0131 att\u0131lar.<\/p>\n<p style=\"text-align: justify;\"><strong>G\u00f6zalt\u0131ndakiler\u00a0<\/strong><\/p>\n<p style=\"text-align: justify;\">Genel Sekreter Yard\u0131mc\u0131s\u0131 Erhan Bey, \u00d6zel Kalem M\u00fcd\u00fcr\u00fc Levent \u0130\u015fler, Karar ve Tutanaklar Daire Ba\u015fkan\u0131 T\u00fclay Azeri, Bilgi Teknolojileri Daire Ba\u015fkan\u0131 Sel\u00e7uk Savc\u0131, K\u00fclt\u00fcr Daire Ba\u015fkanl\u0131\u011f\u0131 \u00e7al\u0131\u015fan\u0131 T\u00fclay T\u00fcmay, Belediye Halkla \u0130li\u015fkiler \u015eube M\u00fcd\u00fcr\u00fc g\u00f6revlisi P\u0131nar \u00c7al\u0131\u015fkan, K\u00fclt\u00fcr Daire Ba\u015fkanl\u0131\u011f\u0131 \u00e7al\u0131\u015fan\u0131 Cengiz Ba\u015fkurt, ESHOT Genel M\u00fcd\u00fcr\u00fc Faruk Al\u00e7elik, ESHOT Genel M\u00fcd\u00fcr Yard\u0131mc\u0131s\u0131 Tufan Eker, ESHOT Destek Hizmetleri Daire Ba\u015fkan\u0131 Besim G\u00fcltekin, ESHOT Sat\u0131n Alma Daire Ba\u015fkan\u0131 \u0130brahim Tuz, ESHOT Strateji Geli\u015ftirme Daire Ba\u015fkan\u0131 Turgay Akaya, ESHOT ihale yetkilisi H\u00fcseyin Mercan, \u0130ZULA\u015e ve \u0130ZDEN\u0130Z Y\u00f6netim Kurulu Ba\u015fkan\u0131 G\u00fcl \u015eener, Eski ESHOT Genel M\u00fcd\u00fcr Yard\u0131mc\u0131s\u0131 \u0130smet Halim G\u00fcrsoy, Grand Plaza Y\u00f6netim Kurulu Ba\u015fkan Vekili ve Genel M\u00fcd\u00fcr Vekili I\u015f\u0131k \u00c7eliko\u011flu, B\u00fcy\u00fck\u015fehir Belediyesi meclis \u00fcyesi ve ESHOT enc\u00fcmeni eski \u00fcyesi H\u00fcseyin \u00c7al\u0131\u015fkan (Kar\u015f\u0131yaka Kul\u00fcp Ba\u015fkan\u0131), B\u00fcy\u00fck\u015fehir Belediye Meclis \u00fcyesi ve ESHOT enc\u00fcmeni eski \u00fcyesi \u0130rfan Aras, ESHOT Yap\u0131 Tesisleri Daire Ba\u015fkan\u0131 Rafet Bayram, \u0130zmir B\u00fcy\u00fck\u015fehir Belediyesi eski y\u00f6netim kurulu \u00fcyesi Muharrem Derbento\u011flu, \u0130ZELMAN Genel M\u00fcd\u00fcr\u00fc H\u00fcseyin K\u0131rm\u0131z\u0131, B\u00fcy\u00fck\u015fehir Belediye Spor Kulub\u00fc \u00e7al\u0131\u015fan\u0131 Kemal Bulut, Grand Plaza \u00e7al\u0131\u015fan\u0131 Yekta Saydam, Grand Plaza \u00e7al\u0131\u015fan\u0131 \u00c7a\u011fr\u0131 \u00c7avu\u015fo\u011flu, D\u0130SK\u2019e ba\u011fl\u0131 Genel-\u0130\u015f Sendikas\u0131 3 No\u2019lu \u015eube Ba\u015fkan\u0131 Cafer Konca, \u015eube \u00fcyeleri Necip Binici, Cafer Alt, Memi\u015f Sar\u0131, Yakup Y\u0131ld\u0131r\u0131m, \u00c7. Haspolat Kuyumculuk \u015firketinden Ercan Mertbilek, \u00c7a\u011flar Haspolat, \u015eulehan Ulusoy, Organizat\u00f6r \u0130smail Yo\u011fut\u00e7u, Turkuaz \u015firketi yetkilileri Mustafa Nafi Kaya, G\u00f6khan Bo\u011fazkesen, Murat Boyac\u0131\u011flu, Ferik Faruk Boyac\u0131o\u011flu,<\/p>\n<p style=\"text-align: justify;\"><a href=\"http:\/\/www.cumhuriyet.com.tr\/?hn=294796&amp;kw=%DDzmir'de+bask%FD+operasyonlar%FD\" target=\"_blank\">Kaynak : Cumhuriyet Haber portal\u0131<\/a><\/p>\n","protected":false},"excerpt":{"rendered":"<p style=\"text-align: center;\">\n<p style=\"text-align: justify;\">\u0130zmir Cumhuriyet Ba\u015fsavc\u0131l\u0131\u011f\u0131&#8217;n\u0131n \u00e7ete su\u00e7lar\u0131n\u0131 kapsayan CMK 250 kapsam\u0131nda \u0130zmir B\u00fcy\u00fck\u015fehir Belediyesi&#8217;ne y\u00f6nelik d\u00fczenledi\u011fi operasyonun ikincisinde, 44 belediye b\u00fcrokrat\u0131 ve \u00e7al\u0131\u015fan\u0131 g\u00f6zalt\u0131nda al\u0131nd\u0131. Daha sonra mahkeme \u00e7\u0131kar\u0131lan 5 zanl\u0131dan 3&#8217;\u00fc tutukland\u0131.<\/p>\n","protected":false},"author":1,"featured_media":0,"comment_status":"open","ping_status":"open","sticky":false,"template":"","format":"standard","meta":{"footnotes":""},"categories":[105],"tags":[],"class_list":["post-43140","post","type-post","status-publish","format-standard","hentry","category-gundem","odd"],"_links":{"self":[{"href":"http:\/\/www.korhanyilmaz.com\/index.php?rest_route=\/wp\/v2\/posts\/43140","targetHints":{"allow":["GET"]}}],"collection":[{"href":"http:\/\/www.korhanyilmaz.com\/index.php?rest_route=\/wp\/v2\/posts"}],"about":[{"href":"http:\/\/www.korhanyilmaz.com\/index.php?rest_route=\/wp\/v2\/types\/post"}],"author":[{"embeddable":true,"href":"http:\/\/www.korhanyilmaz.com\/index.php?rest_route=\/wp\/v2\/users\/1"}],"replies":[{"embeddable":true,"href":"http:\/\/www.korhanyilmaz.com\/index.php?rest_route=%2Fwp%2Fv2%2Fcomments&post=43140"}],"version-history":[{"count":0,"href":"http:\/\/www.korhanyilmaz.com\/index.php?rest_route=\/wp\/v2\/posts\/43140\/revisions"}],"wp:attachment":[{"href":"http:\/\/www.korhanyilmaz.com\/index.php?rest_route=%2Fwp%2Fv2%2Fmedia&parent=43140"}],"wp:term":[{"taxonomy":"category","embeddable":true,"href":"http:\/\/www.korhanyilmaz.com\/index.php?rest_route=%2Fwp%2Fv2%2Fcategories&post=43140"},{"taxonomy":"post_tag","embeddable":true,"href":"http:\/\/www.korhanyilmaz.com\/index.php?rest_route=%2Fwp%2Fv2%2Ftags&post=43140"}],"curies":[{"name":"wp","href":"https:\/\/api.w.org\/{rel}","templated":true}]}}