{"id":43136,"date":"2011-11-22T21:16:20","date_gmt":"2011-11-22T19:16:20","guid":{"rendered":"http:\/\/www.korhanyilmaz.com\/?p=43136"},"modified":"2011-11-22T23:28:59","modified_gmt":"2011-11-22T21:28:59","slug":"bassavciliktan-28-subat-sorusturmasi","status":"publish","type":"post","link":"http:\/\/www.korhanyilmaz.com\/?p=43136","title":{"rendered":"Ba\u015fsavc\u0131l\u0131ktan &#8217;28 \u015eubat&#8217; soru\u015fturmas\u0131"},"content":{"rendered":"<p style=\"text-align: center;\"><a href=\"http:\/\/www.korhanyilmaz.com\/wp-content\/uploads\/2011\/11\/7304.jpg\"  class=\"lightview\"><img loading=\"lazy\" decoding=\"async\" class=\"aligncenter  wp-image-43137\" src=\"http:\/\/www.korhanyilmaz.com\/wp-content\/uploads\/2011\/11\/7304.jpg\" alt=\"\" width=\"290\" height=\"217\" \/><\/a><\/p>\n<p style=\"text-align: justify;\">Ankara Cumhuriyet Ba\u015fsavc\u0131l\u0131\u011f\u0131 &#8220;28 \u015eubat&#8221; s\u00fcreciyle ilgili soru\u015fturma ba\u015flatt\u0131.<\/p>\n<p style=\"text-align: justify;\">Ankara- Bir avukat, 28 \u015eubat s\u00fcreciyle ilgili olarak, d\u00f6nemin Genelkurmay Ba\u015fkan\u0131 emekli Orgeneral \u0130smail Hakk\u0131 Karaday\u0131 ve kuvvet komutanlar\u0131n\u0131n da aralar\u0131nda bulundu\u011fu ki\u015filer hakk\u0131nda, Ankara Cumhuriyet Ba\u015fsavc\u0131l\u0131\u011f\u0131na su\u00e7 duyurusunda bulundu.<!--more--><\/p>\n<p style=\"text-align: justify;\">&#8220;28 \u015eubat&#8221; s\u00fcrecinde ya\u015fanan olaylarda etkin rol oynayan ki\u015filerin eylemlerinin 5237 say\u0131l\u0131 T\u00fcrk Ceza Kanunu&#8217;nun 312. Maddesinde d\u00fczenlenen &#8220;T\u00fcrkiye Cumhuriyeti H\u00fck\u00fcmetini ortadan kald\u0131rma ve g\u00f6revlerini engelleme&#8221; su\u00e7unu olu\u015fturdu\u011fu savunulan dilek\u00e7ede, &#8220;Refahyol h\u00fck\u00fcmetinin &#8216;rejimin tehdidi&#8217; gibi g\u00f6steren bir anlay\u0131\u015f\u0131n kar\u015f\u0131 kar\u015f\u0131ya geldi\u011fi bir ortamda, 28 \u015eubat 1997 tarihinde yap\u0131lan bir darbe ile 54. h\u00fck\u00fcmet g\u00f6revden uzakla\u015ft\u0131r\u0131lm\u0131\u015ft\u0131r&#8221; ifadelerine yer verildi. Ankara Cumhuriyet Ba\u015fsavc\u0131l\u0131\u011f\u0131 da ba\u015fvuruyu mercek alt\u0131na ald\u0131. \u00d6zel Yetkili Savc\u0131l\u0131k, &#8220;Kud\u00fcs Geceleri&#8221;nin d\u00fczenlendi\u011fi, &#8220;Sincan&#8217;da tanklar\u0131n y\u00fcr\u00fcd\u00fc\u011f\u00fc&#8221;, &#8220;Milli G\u00fcvenlik Kurulu&#8221; bildirileriyle &#8220;demokrasiye balans ayar\u0131&#8221;n\u0131n verildi\u011fi d\u00f6nemi mercek alt\u0131na ald\u0131. ANKA&#8217;n\u0131n edindi\u011fi bilgiye g\u00f6re, \u00d6zel Yetkili Savc\u0131l\u0131k taraf\u0131ndan d\u00f6neme ait t\u00fcm bilgi ve belgeler masaya yat\u0131r\u0131l\u0131yor.<\/p>\n<p style=\"text-align: justify;\"><strong>MGK kararlar\u0131 inceleniyor\u00a0<\/strong><\/p>\n<p style=\"text-align: justify;\">\u00d6zel yetkili savc\u0131l\u0131k taraf\u0131ndan y\u00fcr\u00fct\u00fclen soru\u015fturma \u00e7er\u00e7evesinde d\u00f6neme ait t\u00fcm bilgi ve belgeler inceleniyor. Savc\u0131l\u0131\u011f\u0131n &#8220;28 \u015eubat kararlar\u0131&#8221; olarak bilinen Milli G\u00fcvenlik Kurulu kararlar\u0131n\u0131n da mercek alt\u0131na ald\u0131\u011f\u0131, d\u00f6nemi anlatan kitaplar\u0131n bile inceleme kapsam\u0131na girdi\u011fi \u00f6\u011frenildi. Soru\u015fturma \u00e7er\u00e7evesinde savc\u0131l\u0131\u011f\u0131n, G\u00f6lc\u00fck&#8217;teki Donanma Komutanl\u0131\u011f\u0131&#8217;nda \u0130stanbul \u00d6zel Yetkili Cumhuriyet Savc\u0131l\u0131\u011f\u0131 taraf\u0131ndan yap\u0131lar aramada ele ge\u00e7irilen belgeleri de isteyece\u011fi \u00f6\u011frenildi. \u00d6n\u00fcm\u00fczdeki d\u00f6nemde savc\u0131l\u0131\u011f\u0131n d\u00f6nemin komutanlar\u0131n\u0131 ve b\u00fcrokratlar\u0131n\u0131 ifadeye \u00e7a\u011f\u0131rmas\u0131 bekleniyor. Soru\u015fturmadaki su\u00e7lama ise &#8220;Cebir ve \u015fiddet kullanarak h\u00fck\u00fcmeti ortadan kald\u0131rmaya veya g\u00f6revini k\u0131smen ya da tamamen yapmas\u0131n\u0131 engellemeye te\u015febb\u00fcs. Kamu g\u00f6revlisinin g\u00f6revini yapmas\u0131n\u0131 engelleme.&#8221; Savc\u0131l\u0131\u011fa yap\u0131lan ba\u015fvurularda ilk su\u00e7lanan isimler ise d\u00f6nemin Genelkurmay Ba\u015fkan\u0131 emekli Orgeneral \u0130smail Hakk\u0131 Karaday\u0131 ve Genelkurmay 2. Ba\u015fkan\u0131 emekli Orgeneral \u00c7evik Bir.<\/p>\n<p style=\"text-align: justify;\"><strong>28 \u015eubat s\u00fcreci\u00a0<\/strong><\/p>\n<p style=\"text-align: justify;\">1995 genel se\u00e7imlerinde Necmettin Erbakan liderli\u011findeki Refah Partisi sand\u0131ktan birinci parti \u00e7\u0131kt\u0131. Merhum Ba\u015fbakan Necmettin Erbakan ile DYP Genel Ba\u015fkan\u0131 Tansu \u00c7iller REFAHYOL h\u00fck\u00fcmetini kurdu. Erbakan&#8217;\u0131n Ba\u015fbakanl\u0131k Konutu&#8217;nda tarikat \u015feyhlerine iftar yeme\u011fine davet etmesi tepki toplad\u0131. RP&#8217;li Sincan Belediye Ba\u015fkan\u0131&#8217;n\u0131n d\u00fczenledi\u011fi &#8220;Kud\u00fcs Gecesi&#8221; ve burada ya\u015fananlar, bir g\u00fcn sonra Sincan sokaklar\u0131nda tanklar\u0131 y\u00fcr\u00fcmesine neden oldu. RP hakk\u0131nda Yarg\u0131tay Cumhuriyet Ba\u015fsavc\u0131l\u0131\u011f\u0131 taraf\u0131ndan kapatma davas\u0131 a\u00e7\u0131ld\u0131. Bu s\u00fcre\u00e7te yap\u0131lan MGK toplant\u0131s\u0131nda 18 maddelik bildiri haz\u0131rland\u0131. Erbakan 18 Haziran tarihinde ba\u015fbakanl\u0131ktan istifa etmesinin ard\u0131ndan 30 Haziran&#8217;da Mesut Y\u0131lmaz ve B\u00fclent Ecevit ANASOL-D H\u00fck\u00fcmeti kuruldu.<\/p>\n<p style=\"text-align: justify;\"><a href=\"http:\/\/www.cumhuriyet.com.tr\/?hn=294900\" target=\"_blank\">Kaynak : Cumhuriyet Haber Portal\u0131<\/a><\/p>\n","protected":false},"excerpt":{"rendered":"<p style=\"text-align: center;\">\n<p style=\"text-align: justify;\">Ankara Cumhuriyet Ba\u015fsavc\u0131l\u0131\u011f\u0131 &#8220;28 \u015eubat&#8221; s\u00fcreciyle ilgili soru\u015fturma ba\u015flatt\u0131.<\/p>\n<p style=\"text-align: justify;\">Ankara- Bir avukat, 28 \u015eubat s\u00fcreciyle ilgili olarak, d\u00f6nemin Genelkurmay Ba\u015fkan\u0131 emekli Orgeneral \u0130smail Hakk\u0131 Karaday\u0131 ve kuvvet komutanlar\u0131n\u0131n da aralar\u0131nda bulundu\u011fu ki\u015filer hakk\u0131nda, Ankara Cumhuriyet Ba\u015fsavc\u0131l\u0131\u011f\u0131na su\u00e7 duyurusunda bulundu.<\/p>\n","protected":false},"author":1,"featured_media":0,"comment_status":"open","ping_status":"open","sticky":false,"template":"","format":"standard","meta":{"footnotes":""},"categories":[105],"tags":[],"class_list":["post-43136","post","type-post","status-publish","format-standard","hentry","category-gundem","odd"],"_links":{"self":[{"href":"http:\/\/www.korhanyilmaz.com\/index.php?rest_route=\/wp\/v2\/posts\/43136","targetHints":{"allow":["GET"]}}],"collection":[{"href":"http:\/\/www.korhanyilmaz.com\/index.php?rest_route=\/wp\/v2\/posts"}],"about":[{"href":"http:\/\/www.korhanyilmaz.com\/index.php?rest_route=\/wp\/v2\/types\/post"}],"author":[{"embeddable":true,"href":"http:\/\/www.korhanyilmaz.com\/index.php?rest_route=\/wp\/v2\/users\/1"}],"replies":[{"embeddable":true,"href":"http:\/\/www.korhanyilmaz.com\/index.php?rest_route=%2Fwp%2Fv2%2Fcomments&post=43136"}],"version-history":[{"count":0,"href":"http:\/\/www.korhanyilmaz.com\/index.php?rest_route=\/wp\/v2\/posts\/43136\/revisions"}],"wp:attachment":[{"href":"http:\/\/www.korhanyilmaz.com\/index.php?rest_route=%2Fwp%2Fv2%2Fmedia&parent=43136"}],"wp:term":[{"taxonomy":"category","embeddable":true,"href":"http:\/\/www.korhanyilmaz.com\/index.php?rest_route=%2Fwp%2Fv2%2Fcategories&post=43136"},{"taxonomy":"post_tag","embeddable":true,"href":"http:\/\/www.korhanyilmaz.com\/index.php?rest_route=%2Fwp%2Fv2%2Ftags&post=43136"}],"curies":[{"name":"wp","href":"https:\/\/api.w.org\/{rel}","templated":true}]}}