{"id":43126,"date":"2011-11-22T15:14:46","date_gmt":"2011-11-22T13:14:46","guid":{"rendered":"http:\/\/www.korhanyilmaz.com\/?p=43126"},"modified":"2011-11-22T15:52:17","modified_gmt":"2011-11-22T13:52:17","slug":"bdpden-bedelli-yorumu","status":"publish","type":"post","link":"http:\/\/www.korhanyilmaz.com\/?p=43126","title":{"rendered":"BDP&#8217;den bedelli yorumu"},"content":{"rendered":"<p style=\"text-align: center;\"><a href=\"http:\/\/www.korhanyilmaz.com\/wp-content\/uploads\/2011\/11\/7303.jpg\"  class=\"lightview\"><img loading=\"lazy\" decoding=\"async\" class=\"aligncenter  wp-image-43127\" src=\"http:\/\/www.korhanyilmaz.com\/wp-content\/uploads\/2011\/11\/7303.jpg\" alt=\"\" width=\"307\" height=\"236\" \/><\/a><\/p>\n<p style=\"text-align: justify;\">BDP Genel Ba\u015fkan Yard\u0131mc\u0131s\u0131 G\u00fcltan K\u0131\u015fanak, bedelli askerli\u011fin &#8220;devlete para toplama yasas\u0131&#8221; oldu\u011funu savundu. K\u0131\u015fanak, partisinin grup toplant\u0131s\u0131nda yapt\u0131\u011f\u0131 konu\u015fmada, bug\u00fcn 16 ilde y\u00fcr\u00fct\u00fclen g\u00f6zalt\u0131 operasyonlar\u0131 sonucunda 60&#8217;\u0131 a\u015fk\u0131n ki\u015finin g\u00f6zalt\u0131na al\u0131nd\u0131\u011f\u0131n\u0131 ifade etti.\u00a0<!--more--><\/p>\n<p style=\"text-align: justify;\">Son yap\u0131lan operasyonlara, bas\u0131n kurumlar\u0131 ve hukuk b\u00fcrolar\u0131n\u0131n da eklendi\u011fini belirten K\u0131\u015fanak, KCK ile ilgili a\u00e7\u0131lan davalarda 2,5 y\u0131ld\u0131r ilerleme sa\u011flanamad\u0131\u011f\u0131n\u0131, \u00e7\u00fcnk\u00fc tutuklular\u0131n &#8220;savunma yapamad\u0131\u011f\u0131n\u0131&#8221; ileri s\u00fcrd\u00fc.<\/p>\n<p style=\"text-align: justify;\">Ba\u015fbakan Recep Tayyip Erdo\u011fan&#8217;\u0131n &#8220;Su\u00e7suz yere kimse al\u0131nm\u0131yor&#8221; dedi\u011fini an\u0131msatan K\u0131\u015fanak, &#8220;Nereden biliyorsun? Polis misin, savc\u0131 m\u0131s\u0131n, hakim misin? Ortada bir mahkeme karar\u0131 m\u0131 var? Tutuklama talimat\u0131n\u0131 bizzat Ba\u015fbakan veriyor&#8221;dedi.<\/p>\n<p style=\"text-align: justify;\">K\u0131\u015fanak, \u015funlar\u0131 s\u00f6yledi: &#8220;Ba\u015fbakan, yapt\u0131\u011f\u0131 zulm\u00fcn bedelini misliyle \u00f6deyecektir. Halka bunu reva g\u00f6renlerin sonu sand\u0131\u011fa g\u00f6m\u00fclmektir, M\u00fcbarek&#8217;in sonudur. Dostlar\u0131n\u0131n \u015fu anda ya\u015fad\u0131klar\u0131 sonu bu zalimane tutumu s\u00fcrd\u00fcrenler de ya\u015fayacakt\u0131r. Say\u0131n Ba\u015fbakan; zul\u00fcmle abat olunmaz.<\/p>\n<p style=\"text-align: justify;\">Yap\u0131lanlar, karalama kampanyas\u0131 e\u015fli\u011finde me\u015frula\u015ft\u0131r\u0131lmaya, hakl\u0131 g\u00f6sterilmeye \u00e7al\u0131\u015f\u0131l\u0131yor. Ba\u015fbakan&#8217;\u0131n bakanlar\u0131, B\u00fc\u015fra Ersanl\u0131&#8217;n\u0131n ge\u00e7mi\u015fi ve yak\u0131nlar\u0131yla u\u011fra\u015farak bu tutuklamay\u0131 me\u015frula\u015ft\u0131rmaya \u00e7al\u0131\u015f\u0131yor. B\u00fc\u015fra Ersanl\u0131&#8217;n\u0131n ge\u00e7mi\u015finde m\u00fccadele, demokrasi, e\u015fitlik ve adalet aray\u0131\u015f\u0131 var. Bunlar su\u00e7 de\u011fil, bu \u00fclkenin demokratikle\u015fmesi i\u00e7in \u00f6denen bedellerdir.<\/p>\n<p style=\"text-align: justify;\">Bu bir tanecik bakan, \u00d6mer El Be\u015fir&#8217;in en yak\u0131n dostu. AKP iktidar\u0131yla \u00d6mer El Be\u015fir aras\u0131ndaki ki\u015fi. Hocas\u0131 \u00e7ok kuvvetli olan bu bakan bir taraftan 30 y\u0131ld\u0131r Ba\u015fbakan ile dost bir taraftan da soyk\u0131r\u0131m su\u00e7undan aranan bir devlet ba\u015fkan\u0131yla ele el kol kola. Bundan \u00e7\u0131ksa \u00e7\u0131ksa b\u00f6yle bir y\u00f6netim anlay\u0131\u015f\u0131 \u00e7\u0131kar.&#8221;<\/p>\n<p style=\"text-align: justify;\">Ba\u015fbakan&#8217;\u0131n, BDP&#8217;li kad\u0131nlara &#8220;haddini a\u015fan c\u00fcmleler kulland\u0131\u011f\u0131n\u0131&#8221; savunan K\u0131\u015fanak, AK Parti iktidar\u0131 d\u00f6neminde &#8220;129 \u00e7ocu\u011fun katledildi\u011fini&#8221; \u00f6ne s\u00fcrd\u00fc. Bunlardan hi\u00e7 birinin sorumlusunun yarg\u0131ya hesap vermedi\u011fini belirten K\u0131\u015fanak, &#8220;\u00c7\u00fcnk\u00fc talimat\u0131 Ba\u015fbakan&#8217;dan al\u0131yorlar. \u00c7\u00fcnk\u00fc Ba\u015fbakan onlar\u0131 katledenleri de\u011fil \u00e7ocuklar\u0131 ter\u00f6rist olarak g\u00f6r\u00fcyor ve onlar\u0131 koruma alt\u0131na al\u0131yor. Canili\u011fin daniskas\u0131 budur&#8221; ifadesini kulland\u0131.<\/p>\n<p style=\"text-align: justify;\"><strong>-Van depremi-\u00a0<\/strong><\/p>\n<p style=\"text-align: justify;\">Van&#8217;da ya\u015fanan deprem nedeniyle Ba\u015fbakan&#8217;\u0131n &#8220;yaza kadar dayan\u0131n&#8221; dedi\u011fini savunan K\u0131\u015fanak, bunun d\u0131\u015f\u0131nda s\u00f6yledi\u011fi ba\u015fka somut s\u00f6z\u00fcn olmad\u0131\u011f\u0131n\u0131 ileri s\u00fcrd\u00fc. K\u0131\u015fanak, \u015f\u00f6yle devam etti:<\/p>\n<p style=\"text-align: justify;\">&#8220;Vanl\u0131lar ve \u00e7ocuklar yaza kadar dayanam\u0131yor. Senin talimat\u0131n eksi 18 dereceye h\u00fckmedemiyor. D\u00fcn bir \u00e7ocuk daha ya\u015fam\u0131n\u0131 yitirdi. Ge\u00e7en hafta 3 \u00e7ocuk yanarak \u00f6ld\u00fc, ondan \u00f6nce Deniz \u00f6ld\u00fc. Onlar\u0131n katili deprem de\u011fil y\u00f6netim afetidir. Kamu y\u00f6netimi &#8216;bu k\u0131\u015f \u00e7ad\u0131rda ge\u00e7mez&#8217; diye feryat etseydi, bug\u00fcn orada ge\u00e7ici konutlar olurdu. Ge\u00e7ici konutlar niye yap\u0131lm\u0131yor, bunun hesab\u0131n\u0131 iktidar\u0131n vermesi laz\u0131m. Biriken paray\u0131 \u015fimdi konteynere prefabrike eve harcamayacaks\u0131n da ne zaman harcayacaks\u0131n? Herhalde Ba\u015fbakan se\u00e7ime bir y\u0131l kala Van&#8217;da \u015fov yapmak\u00a0i\u00e7in para biriktiriyor.&#8221;<\/p>\n<p style=\"text-align: justify;\"><strong>-Bedelli askerlik-\u00a0<\/strong><\/p>\n<p style=\"text-align: justify;\">Bedelli askerlikle ilgili Ba\u015fbakan&#8217;\u0131n &#8220;8 ay \u00f6nce s\u00f6ylediklerini tekzip&#8221; eti\u011fini ileri s\u00fcren K\u0131\u015fanak, paras\u0131 olan\u0131n askerlikten kurtulaca\u011f\u0131 bir form\u00fcl\u00fcn halka sunuldu\u011funu ileri s\u00fcrd\u00fc.<\/p>\n<p style=\"text-align: justify;\">&#8220;Neden b\u00f6yle alelacele bedelli askerlik yasas\u0131n\u0131 g\u00fcndeme getirdiler? Niye b\u00f6yle tela\u015fla kaynak aray\u0131\u015f\u0131 i\u00e7inde? Ekonomik kriz mi kap\u0131da, b\u00fcy\u00fck bir sava\u015f harcamas\u0131 m\u0131 yap\u0131lacak?&#8221; sorular\u0131n\u0131 y\u00f6nelten K\u0131\u015fanak, &#8220;Bu devlete para toplama yasas\u0131d\u0131r&#8221; diye konu\u015ftu.<\/p>\n<p style=\"text-align: justify;\">Toplanan paray\u0131 \u015fimdilik kamuoyunun tepkisini gizlemek i\u00e7in asker ve polisin ailelerine vereceklerini s\u00f6ylediklerini ancak \u00e7ok az k\u0131sm\u0131n\u0131n &#8220;bu t\u00fcr makyaj i\u015flerine gidece\u011fini ve geri kalan\u0131 AKP h\u00fck\u00fcmetinin b\u00fcy\u00fck hesaplar\u0131 i\u00e7in harcanaca\u011f\u0131n\u0131&#8221; savunan K\u0131\u015fanak, zorunlu askerli\u011fin kald\u0131r\u0131larak vicdani ret hakk\u0131n\u0131n tan\u0131nmas\u0131yla ma\u011fduriyetin k\u00f6kten \u00e7\u00f6z\u00fclmesi i\u00e7in m\u00fccadele edeceklerini s\u00f6yledi.<\/p>\n<p style=\"text-align: justify;\">Dersim tart\u0131\u015fmalar\u0131na da de\u011finen K\u0131\u015fanak, &#8220;Dersim&#8217;de b\u00fcy\u00fck bir katliam ya\u015fand\u0131. Bunu oraya buraya \u00e7ekmeye gerek yok. A\u00e7\u0131k\u00e7a devlet politikas\u0131n\u0131n bir sonucuydu ve devlet y\u00f6netimindeki herkes bundan do\u011frudan sorumludur. Kimse bunu gizleyip 50 bin ki\u015fi katledemez. Kim sorumluydu, de\u011fildi tart\u0131\u015fmas\u0131 ger\u00e7e\u011fi kapatmak ve gizlemekle ilgili&#8221; dedi.<\/p>\n<p style=\"text-align: justify;\">K\u0131\u015fanak, konuyla ilgili Genelkurmay ve gizli ar\u015fivlerin a\u00e7\u0131lmas\u0131n\u0131 istediklerini belirterek, &#8220;T\u00fcm ar\u015fivler a\u00e7\u0131klans\u0131n sonra Ba\u015fbakan \u00f6z\u00fcr dilesin. Kim \u00f6z\u00fcr dileyecek? Devlette devaml\u0131l\u0131k esas de\u011fil mi? Hitler&#8217;in katliamlar\u0131 kar\u015f\u0131s\u0131nda \u00f6z\u00fcr dileyen Hitler&#8217;in kendisi miydi?&#8221; diye sordu.<\/p>\n<p style=\"text-align: justify;\">G\u00fcltan K\u0131\u015fanak, Fransa eski Cumhurba\u015fkanlar\u0131ndan Francois Mitterand&#8217;\u0131n e\u015fi Danielle Mitterand&#8217;\u0131n ya\u015fam\u0131n\u0131 yitirdi\u011fini belirterek, Allah&#8217;tan rahmet diledi.<\/p>\n<p style=\"text-align: justify;\"><a href=\"http:\/\/www.cnnturk.com\/2011\/turkiye\/11\/22\/bdpden.bedelli.yorumu\/637664.0\/index.html\" target=\"_blank\">Kaynak : CNN T\u00dcRK<\/a><\/p>\n","protected":false},"excerpt":{"rendered":"<p style=\"text-align: center;\">\n<p style=\"text-align: justify;\">BDP Genel Ba\u015fkan Yard\u0131mc\u0131s\u0131 G\u00fcltan K\u0131\u015fanak, bedelli askerli\u011fin &#8220;devlete para toplama yasas\u0131&#8221; oldu\u011funu savundu. K\u0131\u015fanak, partisinin grup toplant\u0131s\u0131nda yapt\u0131\u011f\u0131 konu\u015fmada, bug\u00fcn 16 ilde y\u00fcr\u00fct\u00fclen g\u00f6zalt\u0131 operasyonlar\u0131 sonucunda 60&#8217;\u0131 a\u015fk\u0131n ki\u015finin g\u00f6zalt\u0131na al\u0131nd\u0131\u011f\u0131n\u0131 ifade etti. <\/p>\n","protected":false},"author":1,"featured_media":0,"comment_status":"open","ping_status":"open","sticky":false,"template":"","format":"standard","meta":{"footnotes":""},"categories":[105],"tags":[],"class_list":["post-43126","post","type-post","status-publish","format-standard","hentry","category-gundem","odd"],"_links":{"self":[{"href":"http:\/\/www.korhanyilmaz.com\/index.php?rest_route=\/wp\/v2\/posts\/43126","targetHints":{"allow":["GET"]}}],"collection":[{"href":"http:\/\/www.korhanyilmaz.com\/index.php?rest_route=\/wp\/v2\/posts"}],"about":[{"href":"http:\/\/www.korhanyilmaz.com\/index.php?rest_route=\/wp\/v2\/types\/post"}],"author":[{"embeddable":true,"href":"http:\/\/www.korhanyilmaz.com\/index.php?rest_route=\/wp\/v2\/users\/1"}],"replies":[{"embeddable":true,"href":"http:\/\/www.korhanyilmaz.com\/index.php?rest_route=%2Fwp%2Fv2%2Fcomments&post=43126"}],"version-history":[{"count":0,"href":"http:\/\/www.korhanyilmaz.com\/index.php?rest_route=\/wp\/v2\/posts\/43126\/revisions"}],"wp:attachment":[{"href":"http:\/\/www.korhanyilmaz.com\/index.php?rest_route=%2Fwp%2Fv2%2Fmedia&parent=43126"}],"wp:term":[{"taxonomy":"category","embeddable":true,"href":"http:\/\/www.korhanyilmaz.com\/index.php?rest_route=%2Fwp%2Fv2%2Fcategories&post=43126"},{"taxonomy":"post_tag","embeddable":true,"href":"http:\/\/www.korhanyilmaz.com\/index.php?rest_route=%2Fwp%2Fv2%2Ftags&post=43126"}],"curies":[{"name":"wp","href":"https:\/\/api.w.org\/{rel}","templated":true}]}}