{"id":43119,"date":"2011-11-22T13:35:31","date_gmt":"2011-11-22T11:35:31","guid":{"rendered":"http:\/\/www.korhanyilmaz.com\/?p=43119"},"modified":"2011-11-22T13:55:33","modified_gmt":"2011-11-22T11:55:33","slug":"bedelli-sartlarini-acikladi","status":"publish","type":"post","link":"http:\/\/www.korhanyilmaz.com\/?p=43119","title":{"rendered":"Bedelli \u015fartlar\u0131n\u0131 a\u00e7\u0131klad\u0131"},"content":{"rendered":"<p style=\"text-align: center;\"><a href=\"http:\/\/www.korhanyilmaz.com\/wp-content\/uploads\/2011\/11\/7301.jpg\"  class=\"lightview\"><img loading=\"lazy\" decoding=\"async\" class=\"aligncenter  wp-image-43120\" src=\"http:\/\/www.korhanyilmaz.com\/wp-content\/uploads\/2011\/11\/7301.jpg\" alt=\"\" width=\"307\" height=\"236\" \/><\/a><\/p>\n<p style=\"text-align: justify;\">Ba\u015fbakan Recep Tayyip Erdo\u011fan bedelli askerli\u011fin ko\u015fullar\u0131n\u0131 a\u00e7\u0131klad\u0131. Buna g\u00f6re bedelli askerlikte ya\u015f s\u0131n\u0131r\u0131 30 olacak. Hizmetten yararlanacaklar 6 ay i\u00e7inde 30 bin TL \u00f6deyecek ve temel askerlik e\u011fitimi de almayacak.<!--more--><\/p>\n<p style=\"text-align: justify;\">Ba\u015fbakan Recep Tayyip Erdo\u011fan, &#8220;Bedelli askerlik i\u00e7in \u00f6n g\u00f6rd\u00fc\u011f\u00fcm\u00fcz ya\u015f s\u0131n\u0131r\u0131 ile askerlik ve g\u00fcvenlik hizmetlerinin aksamas\u0131na, ter\u00f6rle m\u00fccadelede zaafa asla izin vermiyoruz. TSK&#8217;n\u0131n erba\u015f ve er say\u0131s\u0131n\u0131 dikkate al\u0131yor buna g\u00f6re yap\u0131yoruz.&#8221; diyerek \u015fartlar\u0131 \u015f\u00f6yle a\u00e7\u0131klad\u0131:<\/p>\n<p style=\"text-align: justify;\"><strong>D\u00f6vizle askerlik\u00a0<\/strong><\/p>\n<p style=\"text-align: justify;\">&#8211; Oturma izniyle bir meslek ya da sanat\u0131 icra edenlerden yurt d\u0131\u015f\u0131nda 3 y\u0131l s\u00fcreyle bulunanlar, ya\u015f s\u0131n\u0131r\u0131 g\u00f6zetilmeksizin 10 bin Euro bedelle askerlik hizmetini yapm\u0131\u015f say\u0131lacak. 21 g\u00fcnl\u00fck temel e\u011fitimi de tamamen kald\u0131r\u0131yoruz.<\/p>\n<p style=\"text-align: justify;\"><strong>Bedelli askerlik\u00a0<\/strong><\/p>\n<p style=\"text-align: justify;\">&#8211; Her ne sebeple olursa olsun hen\u00fcz fiili askerlik hizmetine ba\u015flamam\u0131\u015f, 30 ya\u015f\u0131ndan g\u00fcn alm\u0131\u015f olanlar, bu kanunun y\u00fcr\u00fcrl\u00fc\u011fe girdi\u011fi tarihten itibaren hak kazanm\u0131\u015f olacaklar. Bedelli askerlik i\u00e7in 30 bin liray\u0131, yar\u0131s\u0131n\u0131 ba\u015fvuru s\u0131ras\u0131nda yar\u0131s\u0131n\u0131 da ba\u015fvuru tarihinden itibaren 6 ay i\u00e7inde \u00f6deyerek askerlik hizmetini yapm\u0131\u015f say\u0131lacaklar. Bu haktan yararlananlar da temel askerlik e\u011fitimi yapmayacaklar.<\/p>\n<p style=\"text-align: justify;\">TBMM grubunda a\u00e7\u0131klamada bulunan Ba\u015fbakan Erdo\u011fan, bedelli askerlik 9 y\u0131l boyunca AK Parti olarak bizim g\u00fcndemimizde oldu. Bu konuda \u015fartlar\u0131n olu\u015fmas\u0131, \u00f6zellikle de ter\u00f6rle m\u00fccadelede zaafa yol a\u00e7mamas\u0131 i\u00e7in uygun \u015fartlar\u0131n olu\u015fmas\u0131n\u0131 bekledik. Bunun i\u00e7in Genelkurmay Ba\u015fkanl\u0131\u011f\u0131 ile isti\u015fare halinde olduk. Asker say\u0131m\u0131z\u0131, potansiyelimizi dikkate ald\u0131k. Bu \u00e7al\u0131\u015fmay\u0131 haz\u0131rlamam\u0131z uzun bir \u00e7al\u0131\u015fman\u0131n neticesinde oldu. Anketler, kamuoyu yoklamas\u0131 bedelli i\u00e7in uygun \u015fartlar\u0131n olu\u015ftu\u011funu g\u00f6sterdi. Biz de bununla ilgili ad\u0131mlar\u0131 bug\u00fcn att\u0131k.<\/p>\n<p style=\"text-align: justify;\">Askerli\u011fin ilgili kanunlara g\u00f6re, bedelli veya d\u00f6vizle askerlik hizmeti \u015feklinde olabilece\u011fini hat\u0131rlatan Erdo\u011fan, ge\u00e7mi\u015fte \u00e7\u0131kart\u0131lan bedelli askerlik kanunlar\u0131n\u0131 s\u0131ralad\u0131. Erdo\u011fan, 1999&#8217;daki bedelli askerlik d\u00fczenlemesinin Marmara Depreminin zararlar\u0131n\u0131n giderilmesine katk\u0131 i\u00e7in \u00e7\u0131kart\u0131ld\u0131\u011f\u0131n\u0131 an\u0131msatarak, &#8220;Biz ise iki \u00f6nemli hedef g\u00f6zetiyoruz: Bizimki sadece bakaya kalanlar\u0131n say\u0131s\u0131n\u0131n ciddi oranlarda artt\u0131\u011f\u0131n\u0131 g\u00f6r\u00fcyoruz; bedelli askerlik yoluyla bu birikimin azalt\u0131lmas\u0131n\u0131 g\u00f6r\u00fcyoruz. \u0130kincisi ise bedelli askerlik yoluyla \u00e7ok \u00f6nemli baz\u0131 sosyal hizmetleri ger\u00e7ekle\u015ftirmeyi d\u00fc\u015f\u00fcn\u00fcyoruz. Tasar\u0131ya koydu\u011fumuz bir maddeyle bedelli askerlik hizmetinden elde edilecek geliri \u015fehit yak\u0131nlar\u0131, gazilere, \u00f6z\u00fcrl\u00fcl\u00fclere, muhta\u00e7 ailelere, jandarma, sahil g\u00fcvenlik ve emniyet hizmetleri s\u0131n\u0131f\u0131na dahil malullar\u0131n sosyal hizmet ve finansman\u0131na ay\u0131r\u0131yoruz&#8221; diye konu\u015ftu.<\/p>\n<p style=\"text-align: justify;\"><strong>\u00a0&#8220;Vicdani ret hi\u00e7 g\u00fcndemimizde olmad\u0131&#8221;\u00a0<\/strong><\/p>\n<p style=\"text-align: justify;\">Erdo\u011fan, vicdani ret d\u00fczenlemesinin de hi\u00e7bir zaman h\u00fck\u00fcmetlerinin g\u00fcndeminde olmad\u0131\u011f\u0131n\u0131 s\u00f6yledi.<\/p>\n<p style=\"text-align: justify;\"><strong>&#8220;TSK&#8217;n\u0131n ihtiyac\u0131nda bo\u015fluk olmayacak&#8221;\u00a0<\/strong><\/p>\n<p style=\"text-align: justify;\">Bedelli d\u00fczenlemesinin ter\u00f6rle m\u00fccadelede zaafiyete neden olmayaca\u011f\u0131n\u0131 belirten Erdo\u011fan, &#8220;TSK&#8217;n\u0131n asker ihtiyac\u0131nda bir bo\u015fluk do\u011fmayacakt\u0131r&#8221; dedi.<\/p>\n<p style=\"text-align: justify;\">Erdo\u011fan, de\u011fi\u015ftirilen k\u0131\u015fla isimlerine de de\u011findi. Erdo\u011fan, \u015funlar\u0131 s\u00f6yledi:<\/p>\n<p style=\"text-align: justify;\">&#8220;Bu konuda en ba\u015fta 33 vatanda\u015f\u0131m\u0131z\u0131n katledilmesinden sorumlu olan ve bu su\u00e7tan mahkum olan Mustafa Mu\u011flal\u0131 geliyor. Mu\u011flal\u0131 ismi Van&#8217;daki k\u0131\u015fladan kald\u0131r\u0131ld\u0131 ve milletimizi rencide eden bu uygulamaya son verildi. 15 Kas\u0131m&#8217;dan itibaren Kara Kuvvetleri Komutanl\u0131\u011f\u0131&#8217;nda 34, Jandarma Genel Komutanl\u0131\u011f\u0131&#8217;nda da 31 k\u0131\u015flan\u0131n ad\u0131 de\u011fi\u015fti. Yeni d\u00fczenlemeyle tabur ve daha alt seviyedeki birliklere \u015fehitlerimizin ya da orada hizmette bulunmu\u015f TSK mensuplar\u0131n\u0131n ismi verilecek. Bu yeni uygulamada hizmeti ge\u00e7en ba\u015fta Genelkurmay Ba\u015fkan\u0131 olmak \u00fczere \u015fahs\u0131m, milletim ve demokrasi ad\u0131na te\u015fekk\u00fcr ediyorum.&#8221;<\/p>\n<p style=\"text-align: justify;\"><a href=\"http:\/\/www.cnnturk.com\/2011\/turkiye\/11\/22\/bedelli.sartlarini.acikladi\/637638.0\/index.html\" target=\"_blank\">Kaynak : CNN T\u00dcRK<\/a><\/p>\n","protected":false},"excerpt":{"rendered":"<p style=\"text-align: center;\">\n<p style=\"text-align: justify;\">Ba\u015fbakan Recep Tayyip Erdo\u011fan bedelli askerli\u011fin ko\u015fullar\u0131n\u0131 a\u00e7\u0131klad\u0131. Buna g\u00f6re bedelli askerlikte ya\u015f s\u0131n\u0131r\u0131 30 olacak. Hizmetten yararlanacaklar 6 ay i\u00e7inde 30 bin TL \u00f6deyecek ve temel askerlik e\u011fitimi de almayacak.<\/p>\n","protected":false},"author":1,"featured_media":0,"comment_status":"open","ping_status":"open","sticky":false,"template":"","format":"standard","meta":{"footnotes":""},"categories":[105],"tags":[],"class_list":["post-43119","post","type-post","status-publish","format-standard","hentry","category-gundem","odd"],"_links":{"self":[{"href":"http:\/\/www.korhanyilmaz.com\/index.php?rest_route=\/wp\/v2\/posts\/43119","targetHints":{"allow":["GET"]}}],"collection":[{"href":"http:\/\/www.korhanyilmaz.com\/index.php?rest_route=\/wp\/v2\/posts"}],"about":[{"href":"http:\/\/www.korhanyilmaz.com\/index.php?rest_route=\/wp\/v2\/types\/post"}],"author":[{"embeddable":true,"href":"http:\/\/www.korhanyilmaz.com\/index.php?rest_route=\/wp\/v2\/users\/1"}],"replies":[{"embeddable":true,"href":"http:\/\/www.korhanyilmaz.com\/index.php?rest_route=%2Fwp%2Fv2%2Fcomments&post=43119"}],"version-history":[{"count":0,"href":"http:\/\/www.korhanyilmaz.com\/index.php?rest_route=\/wp\/v2\/posts\/43119\/revisions"}],"wp:attachment":[{"href":"http:\/\/www.korhanyilmaz.com\/index.php?rest_route=%2Fwp%2Fv2%2Fmedia&parent=43119"}],"wp:term":[{"taxonomy":"category","embeddable":true,"href":"http:\/\/www.korhanyilmaz.com\/index.php?rest_route=%2Fwp%2Fv2%2Fcategories&post=43119"},{"taxonomy":"post_tag","embeddable":true,"href":"http:\/\/www.korhanyilmaz.com\/index.php?rest_route=%2Fwp%2Fv2%2Ftags&post=43119"}],"curies":[{"name":"wp","href":"https:\/\/api.w.org\/{rel}","templated":true}]}}