{"id":43113,"date":"2011-11-22T13:32:56","date_gmt":"2011-11-22T11:32:56","guid":{"rendered":"http:\/\/www.korhanyilmaz.com\/?p=43113"},"modified":"2011-11-22T13:50:49","modified_gmt":"2011-11-22T11:50:49","slug":"kilicdarogluna-seslendi-inanc-sistemini-soyle","status":"publish","type":"post","link":"http:\/\/www.korhanyilmaz.com\/?p=43113","title":{"rendered":"K\u0131l\u0131\u00e7daro\u011flu&#8217;na seslendi: &#8220;\u0130nan\u00e7 sistemini s\u00f6yle!&#8221;"},"content":{"rendered":"<p style=\"text-align: center;\"><a href=\"http:\/\/www.korhanyilmaz.com\/wp-content\/uploads\/2011\/11\/7300.jpg\"  class=\"lightview\"><img loading=\"lazy\" decoding=\"async\" class=\"aligncenter  wp-image-43114\" src=\"http:\/\/www.korhanyilmaz.com\/wp-content\/uploads\/2011\/11\/7300.jpg\" alt=\"\" width=\"307\" height=\"236\" \/><\/a><\/p>\n<p style=\"text-align: justify;\">Ba\u015fbakan Erdo\u011fan CHP lideri Kemal K\u0131l\u0131\u00e7daro\u011flu&#8217;na &#8220;Dersim&#8221; tart\u0131\u015fmalar\u0131 \u00fczerinden y\u00fcklendi. Erdo\u011fan K\u0131l\u0131\u00e7daro\u011flu&#8217;na; &#8220;CHP&#8217;nin \u015fu an ba\u015f\u0131nda Tuncelili birinin olmas\u0131 ka\u00e7\u0131r\u0131lmaz f\u0131rsatt\u0131r. Tuncelili de\u011fil misin sen niye sakl\u0131yorsun? A\u015firetini, mensubu oldu\u011fu inan\u00e7 sistemini s\u00f6yle. Niye ka\u00e7\u0131n\u0131yorsun?&#8221; diye sordu. Erdo\u011fan, Dersim konusunda \u00f6z\u00fcr dilemesi gerekenin K\u0131l\u0131\u00e7daro\u011flu oldu\u011funu da savundu.<!--more--><\/p>\n<p style=\"text-align: justify;\">\u00a0Partisinin grup toplant\u0131s\u0131nda konu\u015fan Erdo\u011fan&#8217;\u0131n g\u00fcndeminde Dersim tart\u0131\u015fmalar\u0131 ve Suriye&#8217;deki gerilim vard\u0131.<\/p>\n<p style=\"text-align: justify;\"><span style=\"text-decoration: underline;\">Dersim tart\u0131\u015fmas\u0131:\u00a0<\/span><\/p>\n<p style=\"text-align: justify;\">Erdo\u011fan Dersim tart\u0131\u015fmalar\u0131 \u00fczerinden CHP&#8217;ye ve Genel Ba\u015fkan Kemal K\u0131l\u0131\u00e7daro\u011flu&#8217;na a\u011f\u0131r ele\u015ftiriler y\u00f6neltti.<\/p>\n<p style=\"text-align: justify;\">&#8211; Dersim facias\u0131yla y\u00fczle\u015fmek ad\u0131na CHP i\u00e7in e\u015fsiz bir imkan. Bunu se\u00e7imde s\u00f6yledi\u011fimde rahats\u0131z oldu\u011fu beyefendi. Niye? Tuncelilisin i\u015fte bunu s\u00f6yle. Niye ka\u00e7\u0131n\u0131yorsun? A\u015firetini, mensubu oldu\u011fu inan\u00e7 sistemini s\u00f6yle. Niye ka\u00e7\u0131n\u0131yorsun?<\/p>\n<p style=\"text-align: justify;\">&#8211; \u015eunu da ifade etmek durumunday\u0131m. Hemen bunu ayr\u0131mc\u0131l\u0131k olarak ifade etti. Sevsinler senin gibi birle\u015ftiriciyi. Hepsi ortada.<\/p>\n<p style=\"text-align: justify;\">&#8211; \u015eimdi ne diyor? Dersim konusunda Ba\u015fbakan \u00f6z\u00fcr dilesin diyor. Yahu Dersim konusunda \u00f6z\u00fcr dileyecek biri varsa o sensin. Niye? \u00c7\u00fcnk\u00fc senin temsil etti\u011fin partinin \u00f6detti\u011fi faturad\u0131r Dersim faturas\u0131. Sen \u00f6z\u00fcr dileyecek. Sadece CHP var, ba\u015fka parti de yok.<\/p>\n<p style=\"text-align: justify;\"><span style=\"text-decoration: underline;\">Suriye lideri Esad&#8217;a ele\u015ftiriler:<\/span><\/p>\n<p style=\"text-align: justify;\">Ba\u015fbakan&#8217;\u0131n ele\u015ftiri oklar\u0131n\u0131n hedefinde son g\u00fcnlerde tansiyonunun y\u00fcksek oldu\u011fu Suriye&#8217;nin lideri Be\u015far Esad da vard\u0131. Esad&#8217;\u0131n istifa etmeyece\u011fine y\u00f6nelik a\u00e7\u0131klamalara Erdo\u011fan&#8217;dan sert tepki geldi.<\/p>\n<p style=\"text-align: justify;\">&#8211; Be\u015far Esad; kendi halk\u0131na kar\u015f\u0131 \u00f6lene kadar sava\u015fmak korkakl\u0131kt\u0131r. \u0130nsana sorarlar \u0130srail&#8217;in i\u015fgal etti\u011fi Golan Tepeleri i\u00e7in neden \u00f6lene kadar sava\u015fmad\u0131n? Kahramanl\u0131\u011f\u0131n\u0131 neden orada g\u00f6stermedin, neden g\u00f6steremiyorsun?<\/p>\n<p style=\"text-align: justify;\">&#8211; Hi\u00e7bir \u00fclkenin i\u00e7i\u015flerine kar\u0131\u015fma hakk\u0131m\u0131z yok. Ama kom\u015fumuzdaki \u015fiddet ve zulm\u00fc ele\u015ftirmek, diktat\u00f6rlerinin yapt\u0131\u011f\u0131 zulm\u00fc ele\u015ftirmek m\u00fcdahale de\u011fildir.<\/p>\n<p style=\"text-align: justify;\">&#8211; Esad&#8217;a burdan birkez daha sesleniyorum. Ge\u00e7ti\u011fimiz g\u00fcnlerde T\u00fcrk el\u00e7ili\u011fine sald\u0131ranlar\u0131 bul ve yarg\u0131ya teslim et. Halk\u0131n\u0131n, b\u00f6lgenin selameti ad\u0131na art\u0131k o koltuktan \u00e7ekil.<\/p>\n<p style=\"text-align: justify;\"><a href=\"http:\/\/www.cnnturk.com\/2011\/turkiye\/11\/22\/kilicdarogluna.seslendi.inanc.sistemini.soyle\/637637.0\/index.html\" target=\"_blank\">Kaynak : CNN T\u00dcRK<\/a><\/p>\n","protected":false},"excerpt":{"rendered":"<p style=\"text-align: center;\">\n<p style=\"text-align: justify;\">Ba\u015fbakan Erdo\u011fan CHP lideri Kemal K\u0131l\u0131\u00e7daro\u011flu&#8217;na &#8220;Dersim&#8221; tart\u0131\u015fmalar\u0131 \u00fczerinden y\u00fcklendi. Erdo\u011fan K\u0131l\u0131\u00e7daro\u011flu&#8217;na; &#8220;CHP&#8217;nin \u015fu an ba\u015f\u0131nda Tuncelili birinin olmas\u0131 ka\u00e7\u0131r\u0131lmaz f\u0131rsatt\u0131r. Tuncelili de\u011fil misin sen niye sakl\u0131yorsun? A\u015firetini, mensubu oldu\u011fu inan\u00e7 sistemini s\u00f6yle. Niye ka\u00e7\u0131n\u0131yorsun?&#8221; diye sordu. Erdo\u011fan, Dersim konusunda \u00f6z\u00fcr dilemesi gerekenin K\u0131l\u0131\u00e7daro\u011flu oldu\u011funu da savundu.<\/p>\n","protected":false},"author":1,"featured_media":0,"comment_status":"open","ping_status":"open","sticky":false,"template":"","format":"standard","meta":{"footnotes":""},"categories":[105],"tags":[],"class_list":["post-43113","post","type-post","status-publish","format-standard","hentry","category-gundem","odd"],"_links":{"self":[{"href":"http:\/\/www.korhanyilmaz.com\/index.php?rest_route=\/wp\/v2\/posts\/43113","targetHints":{"allow":["GET"]}}],"collection":[{"href":"http:\/\/www.korhanyilmaz.com\/index.php?rest_route=\/wp\/v2\/posts"}],"about":[{"href":"http:\/\/www.korhanyilmaz.com\/index.php?rest_route=\/wp\/v2\/types\/post"}],"author":[{"embeddable":true,"href":"http:\/\/www.korhanyilmaz.com\/index.php?rest_route=\/wp\/v2\/users\/1"}],"replies":[{"embeddable":true,"href":"http:\/\/www.korhanyilmaz.com\/index.php?rest_route=%2Fwp%2Fv2%2Fcomments&post=43113"}],"version-history":[{"count":0,"href":"http:\/\/www.korhanyilmaz.com\/index.php?rest_route=\/wp\/v2\/posts\/43113\/revisions"}],"wp:attachment":[{"href":"http:\/\/www.korhanyilmaz.com\/index.php?rest_route=%2Fwp%2Fv2%2Fmedia&parent=43113"}],"wp:term":[{"taxonomy":"category","embeddable":true,"href":"http:\/\/www.korhanyilmaz.com\/index.php?rest_route=%2Fwp%2Fv2%2Fcategories&post=43113"},{"taxonomy":"post_tag","embeddable":true,"href":"http:\/\/www.korhanyilmaz.com\/index.php?rest_route=%2Fwp%2Fv2%2Ftags&post=43113"}],"curies":[{"name":"wp","href":"https:\/\/api.w.org\/{rel}","templated":true}]}}