{"id":43102,"date":"2011-11-22T08:54:33","date_gmt":"2011-11-22T06:54:33","guid":{"rendered":"http:\/\/www.korhanyilmaz.com\/?p=43102"},"modified":"2011-11-22T11:23:03","modified_gmt":"2011-11-22T09:23:03","slug":"kckda-avukat-dalgasi","status":"publish","type":"post","link":"http:\/\/www.korhanyilmaz.com\/?p=43102","title":{"rendered":"KCK&#8217;da avukat dalgas\u0131"},"content":{"rendered":"<p style=\"text-align: center;\"><a href=\"http:\/\/www.korhanyilmaz.com\/wp-content\/uploads\/2011\/11\/7224.jpg\"  class=\"lightview\"><img loading=\"lazy\" decoding=\"async\" class=\"aligncenter  wp-image-43103\" src=\"http:\/\/www.korhanyilmaz.com\/wp-content\/uploads\/2011\/11\/7224.jpg\" alt=\"\" width=\"396\" height=\"180\" \/><\/a><\/p>\n<p style=\"text-align: justify;\"><strong>E\u015f zamanl\u0131 operasyonlarda 48&#8217;i avukat, 51 ki\u015fi g\u00f6zalt\u0131na al\u0131nd\u0131.<\/strong><\/p>\n<p style=\"text-align: justify;\">\u0130STANBUL- Bir \u00e7ok ilde d\u00fczenlenen PKK&#8217;n\u0131n \u015fehir yap\u0131lanmas\u0131 KCK&#8217;ya y\u00f6nelik operasyonda \u00e7ok say\u0131da ki\u015fi g\u00f6zalt\u0131na al\u0131nd\u0131. Ter\u00f6r \u00f6rg\u00fct\u00fc PKK\u2019n\u0131n gizli \u015fehir yap\u0131lanmas\u0131 olan KCK&#8217;ya y\u00f6nelik bu sabah Diyarbak\u0131r ve 16 ilde yap\u0131lan operasyon yap\u0131ld\u0131.<!--more--><\/p>\n<p style=\"text-align: justify;\">Diyarbak\u0131r\u2019da bug\u00fcn kadar 6\u2019nc\u0131s\u0131 yap\u0131lan operasyonda 35 ki\u015fi g\u00f6zalt\u0131na al\u0131n\u0131rken, \u0130stanbul, Bursa, ve \u0130zmir\u2019de g\u00f6zalt\u0131na al\u0131nanlarla birlikte bu say\u0131 51&#8217;e ula\u015ft\u0131. Polisin operasyonlar\u0131n\u0131n devam etti\u011fi belirtildi.<\/p>\n<p style=\"text-align: justify;\"><strong>D\u0130YARBAKIR<\/strong><\/p>\n<p style=\"text-align: justify;\">Diyarbak\u0131r&#8217;da yap\u0131lan operasyonlarda BDP \u0130l E\u015fba\u015fkan\u0131 \u00d6mer \u00d6nen, Ba\u011flar Belediye Ba\u015fkan Yard\u0131mc\u0131s\u0131 Derya Tamri\u015f, Ba\u011flar BDP \u0130l\u00e7e Ba\u015fkan\u0131 Ali Y\u00fcce, Belediye Meclis \u00dcyesi Kadri G\u00f6kdemir, \u0130l Meclis \u00dcyeleri Fatma K\u0131z\u0131lkan ve \u015eafi Hayme ile Baran Pamuk, Fuat Co\u015facak, Nuri \u00c7elik, Osman \u00c7elik, Mehmet Nuri Deniz&#8217;in de aralar\u0131nda bulundu\u011fu 7 avukat g\u00f6zalt\u0131na al\u0131nd\u0131.<\/p>\n<p style=\"text-align: justify;\"><strong>\u0130STANBUL\u2019DA 24 G\u00d6ZALTI<\/strong><\/p>\n<p style=\"text-align: justify;\">\u0130stanbul&#8217;da Asr\u0131n Hukuk B\u00fcrosu&#8217;na yap\u0131lan bask\u0131n\u0131n s\u00fcrd\u00fc\u011f\u00fc ve binada aramalar\u0131n yap\u0131ld\u0131\u011f\u0131 \u00f6\u011frenilirken, bir\u00e7ok avukat\u0131n b\u00fcrosunda da aramalar s\u00fcr\u00fcyor. Sadece \u0130stanbul\u2019daki operasyonlarda en az 24 ki\u015finin g\u00f6zalt\u0131na al\u0131nd\u0131\u011f\u0131 \u00f6\u011frenildi. G\u00fcltepe Mahallesi&#8217;nde bulunan evine yap\u0131lan bask\u0131nla gazeteci Cengiz Kapmaz da g\u00f6zalt\u0131na al\u0131nanlar aras\u0131nda.<\/p>\n<p style=\"text-align: justify;\"><strong>KARS<\/strong><\/p>\n<p style=\"text-align: justify;\">Eski milletvekili avukat Mahmut Al\u0131nak&#8217;\u0131n Kars&#8217;taki evine de bask\u0131n d\u00fczenlendi. Evde arama yap\u0131l\u0131rken, Al\u0131nak&#8217;\u0131n il d\u0131\u015f\u0131nda oldu\u011fu belirtildi.<\/p>\n<p style=\"text-align: justify;\"><strong>HAKKAR\u0130<\/strong><\/p>\n<p style=\"text-align: justify;\">Hakkari&#8217;nin Y\u00fcksekova il\u00e7esinde yap\u0131lan ev bask\u0131nlar\u0131nda ise 4 avukat\u0131n g\u00f6zalt\u0131na al\u0131nd\u0131\u011f\u0131 bildirildi.<\/p>\n<p style=\"text-align: justify;\"><strong>BURSA<\/strong><\/p>\n<p style=\"text-align: justify;\">Bursa da yap\u0131lan bask\u0131nda ise \u00d6calan&#8217;\u0131n avukatlar\u0131ndan Ay\u015fe Batumlu g\u00f6zalt\u0131na al\u0131nd\u0131.<\/p>\n<p style=\"text-align: justify;\"><strong>BATMAN<\/strong><\/p>\n<p style=\"text-align: justify;\">BDP Batman \u0130l Ba\u015fkan\u0131 Av. Mehdi \u00d6zt\u00fcz\u00fcn&#8217;\u00fcn evine ve b\u00fcrosuna sabah saatlerinde bask\u0131n d\u00fczenlendi. Bask\u0131n\u0131n \u0130stanbul&#8217;da ba\u015flat\u0131lan operasyon kapsam\u0131nda yap\u0131ld\u0131\u011f\u0131 \u00f6\u011frenildi. Evde ve b\u00fcroda arama devam ediyor.<\/p>\n<p style=\"text-align: justify;\"><strong>VAN<\/strong><\/p>\n<p style=\"text-align: justify;\">\u00d6calan&#8217;\u0131n avukatl\u0131\u011f\u0131n\u0131 yapan ve Van Barosu&#8217;na ba\u011fl\u0131 Avukat Sabahattin Kaya&#8217;n\u0131n Kald\u0131\u011f\u0131 Edremit \u0130l\u00e7esi&#8217;ndeki evine polisler, sabah saatlerinden bask\u0131n d\u00fczenledi. Evde yap\u0131lan araman\u0131n ard\u0131ndan Kaya, g\u00f6zalt\u0131na al\u0131nd\u0131. Kaya, Van Emniyet M\u00fcd\u00fcrl\u00fc\u011f\u00fc&#8217;ne g\u00f6t\u00fcr\u00fcld\u00fc.<\/p>\n<p style=\"text-align: justify;\"><strong>MERS\u0130N<\/strong><\/p>\n<p style=\"text-align: justify;\">Mersin\u2019de ayn\u0131 operasyon kapsam\u0131nda Asr\u0131n Hukuk B\u00fcrosu avukatlar\u0131ndan Bedri Kuran evinde g\u00f6zalt\u0131na al\u0131nd\u0131. Evinde aramalar s\u00fcr\u00fcyor.<\/p>\n<p style=\"text-align: justify;\"><strong>KOCAEL\u0130<\/strong><\/p>\n<p style=\"text-align: justify;\">Kocaeli&#8217;nde aralar\u0131nda \u00fcniversite \u00f6\u011frencilerinin de bulundu\u011fu 15 ki\u015fi g\u00f6zalt\u0131na al\u0131nd\u0131.<\/p>\n<p style=\"text-align: justify;\"><strong>\u0130\u015eARET\u0130 BA\u015eBAKAN VERM\u0130\u015eT\u0130<\/strong><\/p>\n<p style=\"text-align: justify;\">Bug\u00fcn d\u00fczenlenen operasyonlarda, \u00d6calan&#8217;\u0131n avukatlar\u0131n\u0131n da ba\u011fl\u0131 bulundu\u011fu Asr\u0131n Hukuk B\u00fcrosu da bas\u0131ld\u0131.<\/p>\n<p style=\"text-align: justify;\">Erdo\u011fan, ge\u00e7ti\u011fimiz ay Asr\u0131n Hukuk B\u00fcrosu&#8217;na ili\u015fkin olarak, \u201c<span style=\"text-decoration: underline;\"><em>Asr\u0131n Hukuk B\u00fcrosu diye bir yer var. \u0130mral\u0131\u2019n\u0131n avukatlar\u0131 bu b\u00fcroya ba\u011fl\u0131. S\u00fcrekli avukat de\u011fi\u015ftiriyorlar. \u0130mral\u0131\u2019ya tek avukat gitmiyor. \u0130mral\u0131\u2019ya giden avukatlar bir \u015fekilde Kandil ile \u0130mral\u0131 aras\u0131nda kontak kuruyor. Son zamanlarda bu g\u00f6r\u00fc\u015fmeler olmuyor. Bir ka\u00e7 ayd\u0131r ileti\u015fimin kopuk olma sebebi bu<\/em><\/span>\u201d demi\u015fti.<\/p>\n<p style=\"text-align: justify;\"><a href=\"http:\/\/www.gazeteport.com.tr\/haber\/64174\/kckda_avukat_dalgasi\" target=\"_blank\">Kaynak : GAZETEPORT<\/a><\/p>\n","protected":false},"excerpt":{"rendered":"<p style=\"text-align: center;\">\n<p style=\"text-align: justify;\">E\u015f zamanl\u0131 operasyonlarda 48&#8217;i avukat, 51 ki\u015fi g\u00f6zalt\u0131na al\u0131nd\u0131.<\/p>\n<p style=\"text-align: justify;\">\u0130STANBUL- Bir \u00e7ok ilde d\u00fczenlenen PKK&#8217;n\u0131n \u015fehir yap\u0131lanmas\u0131 KCK&#8217;ya y\u00f6nelik operasyonda \u00e7ok say\u0131da ki\u015fi g\u00f6zalt\u0131na al\u0131nd\u0131. Ter\u00f6r \u00f6rg\u00fct\u00fc PKK\u2019n\u0131n gizli \u015fehir yap\u0131lanmas\u0131 olan KCK&#8217;ya y\u00f6nelik bu sabah Diyarbak\u0131r ve 16 ilde yap\u0131lan operasyon yap\u0131ld\u0131.<\/p>\n","protected":false},"author":1,"featured_media":0,"comment_status":"open","ping_status":"open","sticky":false,"template":"","format":"standard","meta":{"footnotes":""},"categories":[105],"tags":[],"class_list":["post-43102","post","type-post","status-publish","format-standard","hentry","category-gundem","odd"],"_links":{"self":[{"href":"http:\/\/www.korhanyilmaz.com\/index.php?rest_route=\/wp\/v2\/posts\/43102","targetHints":{"allow":["GET"]}}],"collection":[{"href":"http:\/\/www.korhanyilmaz.com\/index.php?rest_route=\/wp\/v2\/posts"}],"about":[{"href":"http:\/\/www.korhanyilmaz.com\/index.php?rest_route=\/wp\/v2\/types\/post"}],"author":[{"embeddable":true,"href":"http:\/\/www.korhanyilmaz.com\/index.php?rest_route=\/wp\/v2\/users\/1"}],"replies":[{"embeddable":true,"href":"http:\/\/www.korhanyilmaz.com\/index.php?rest_route=%2Fwp%2Fv2%2Fcomments&post=43102"}],"version-history":[{"count":0,"href":"http:\/\/www.korhanyilmaz.com\/index.php?rest_route=\/wp\/v2\/posts\/43102\/revisions"}],"wp:attachment":[{"href":"http:\/\/www.korhanyilmaz.com\/index.php?rest_route=%2Fwp%2Fv2%2Fmedia&parent=43102"}],"wp:term":[{"taxonomy":"category","embeddable":true,"href":"http:\/\/www.korhanyilmaz.com\/index.php?rest_route=%2Fwp%2Fv2%2Fcategories&post=43102"},{"taxonomy":"post_tag","embeddable":true,"href":"http:\/\/www.korhanyilmaz.com\/index.php?rest_route=%2Fwp%2Fv2%2Ftags&post=43102"}],"curies":[{"name":"wp","href":"https:\/\/api.w.org\/{rel}","templated":true}]}}