{"id":43099,"date":"2011-11-22T09:15:19","date_gmt":"2011-11-22T07:15:19","guid":{"rendered":"http:\/\/www.korhanyilmaz.com\/?p=43099"},"modified":"2011-11-22T11:23:45","modified_gmt":"2011-11-22T09:23:45","slug":"izmir-belediyesine-baskin","status":"publish","type":"post","link":"http:\/\/www.korhanyilmaz.com\/?p=43099","title":{"rendered":"\u0130zmir Belediyesi&#8217;ne bask\u0131n"},"content":{"rendered":"<p style=\"text-align: center;\"><a href=\"http:\/\/www.korhanyilmaz.com\/wp-content\/uploads\/2011\/11\/7223.jpg\"  class=\"lightview\"><img loading=\"lazy\" decoding=\"async\" class=\"aligncenter  wp-image-43100\" src=\"http:\/\/www.korhanyilmaz.com\/wp-content\/uploads\/2011\/11\/7223.jpg\" alt=\"\" width=\"320\" height=\"214\" \/><\/a><\/p>\n<p style=\"text-align: justify;\"><strong>\u0130zmir B\u00fcy\u00fck\u015fehir Belediyesi&#8217;ne y\u00f6nelik d\u00fczenlenen operasyonda 42 ki\u015fi g\u00f6zalt\u0131na al\u0131nd\u0131.<\/strong><\/p>\n<p style=\"text-align: justify;\">May\u0131s ay\u0131nda savc\u0131l\u0131k karar\u0131yla yap\u0131lan operasyonlarda el konulan ihale ve al\u0131mlara ait dosyalarla ilgili haz\u0131rlanan bilirki\u015fi raporlar\u0131 kapsam\u0131nda, \u0130zmir Emniyet M\u00fcd\u00fcrl\u00fc\u011f\u00fc Mali B\u00fcro Amirli\u011fi ekiplerince, \u0130zmir merkez, \u0130stanbul, Ordu ve Hatay&#8217;da e\u015f zamanl\u0131 yap\u0131lan operasyonlar yap\u0131ld\u0131.<!--more--><\/p>\n<p style=\"text-align: justify;\">42 ki\u015finin g\u00f6zalt\u0131na al\u0131nd\u0131\u011f\u0131 operasyonun, ihaleye fesat kar\u0131\u015ft\u0131rma, edimin ifas\u0131na fesat kar\u0131\u015ft\u0131rma, g\u00f6revi k\u00f6t\u00fcye kullanma, zimmet, r\u00fc\u015fvet, nitelikli doland\u0131r\u0131c\u0131l\u0131k, zincirleme olarak sahtecilik, emniyeti suistimal suretiyle g\u00fcveni k\u00f6t\u00fcye kullanma su\u00e7lar\u0131n\u0131n i\u015flendi\u011fi y\u00f6n\u00fcnde verilen raporlara istinaden yap\u0131ld\u0131\u011f\u0131 belirtildi. \u0130lk operasyonda 44 ki\u015fi g\u00f6zalt\u0131na al\u0131nm\u0131\u015f, bunlardan 17&#8217;si tutuklanm\u0131\u015ft\u0131.<\/p>\n<p style=\"text-align: justify;\">Bu arada operasyon nedeniyle \u0130zmir B\u00fcy\u00fck\u015fehir Belediye Ba\u015fkan\u0131 Aziz Kocao\u011flu&#8217;nun Paris&#8217;teki EXPO 2020 adayl\u0131\u011f\u0131na ili\u015fkin program\u0131 yar\u0131da keserek \u0130zmir&#8217;e d\u00f6nme karar\u0131 ald\u0131\u011f\u0131 bildirildi. \u0130zmir B\u00fcy\u00fck\u015fehir Belediye Ba\u015fkan Vekili S\u0131rr\u0131 Aydo\u011fan, Organize Su\u00e7larla M\u00fccadele \u015eube M\u00fcd\u00fcrl\u00fc\u011f\u00fcne giderek, g\u00f6zalt\u0131na bulunanlar\u0131n yak\u0131nlar\u0131yla g\u00f6r\u00fc\u015ft\u00fc.<\/p>\n<p style=\"text-align: justify;\">Aydo\u011fan, gazetecilere yapt\u0131\u011f\u0131 a\u00e7\u0131klamada, \u201cBekledi\u011fimiz bu de\u011fildi. Bekledi\u011fimiz i\u00e7eride olan birka\u00e7 arkada\u015f\u0131m\u0131z\u0131n d\u0131\u015far\u0131 \u00e7\u0131kmas\u0131yd\u0131. Ama her zaman s\u00f6yl\u00fcyorum, g\u00f6nl\u00fcm\u00fcz rahat. Bunlardan bir \u015fey olmaz. Neticeyi bekliyoruz. Adalet var, hukuk var, mahkemeler var. Bunun neticesini hep beraber g\u00f6rece\u011fiz. Ba\u015fkan Aziz Kocao\u011flu ile telefonla g\u00f6r\u00fc\u015ft\u00fcm, Paris&#8217;teki program\u0131n\u0131 yar\u0131da keserek bug\u00fcn \u0130zmir&#8217;e d\u00f6necek.\u201d<\/p>\n<p style=\"text-align: justify;\">G\u00f6zalt\u0131na al\u0131nanlar\u0131n sa\u011fl\u0131k durumuyla ilgili soru \u00fczerine, Aydo\u011fan, \u201cKimin sa\u011fl\u0131k problemi varsa bununla polisin ilgilenmesi laz\u0131m. Beni i\u00e7eri b\u0131rak\u0131yorlar m\u0131? Kendileri bakacaklar. Biz bir devletiz, a\u015firet de\u011fil ki buras\u0131. Sa\u011fl\u0131k sorunu olan varsa bununla ilgileneceklerinden eminim\u201d dedi.<\/p>\n<p style=\"text-align: justify;\"><a href=\"http:\/\/www.radikal.com.tr\/Radikal.aspx?aType=RadikalDetayV3&amp;ArticleID=1070272&amp;Date=22.11.2011&amp;CategoryID=77\" target=\"_blank\">Kaynak : Radikal.com.tr<\/a><\/p>\n","protected":false},"excerpt":{"rendered":"<p style=\"text-align: center;\">\n<p style=\"text-align: justify;\">\u0130zmir B\u00fcy\u00fck\u015fehir Belediyesi&#8217;ne y\u00f6nelik d\u00fczenlenen operasyonda 42 ki\u015fi g\u00f6zalt\u0131na al\u0131nd\u0131.<\/p>\n<p style=\"text-align: justify;\">May\u0131s ay\u0131nda savc\u0131l\u0131k karar\u0131yla yap\u0131lan operasyonlarda el konulan ihale ve al\u0131mlara ait dosyalarla ilgili haz\u0131rlanan bilirki\u015fi raporlar\u0131 kapsam\u0131nda, \u0130zmir Emniyet M\u00fcd\u00fcrl\u00fc\u011f\u00fc Mali B\u00fcro Amirli\u011fi ekiplerince, \u0130zmir merkez, \u0130stanbul, Ordu ve Hatay&#8217;da e\u015f zamanl\u0131 yap\u0131lan operasyonlar yap\u0131ld\u0131.<\/p>\n","protected":false},"author":1,"featured_media":0,"comment_status":"open","ping_status":"open","sticky":false,"template":"","format":"standard","meta":{"footnotes":""},"categories":[105],"tags":[],"class_list":["post-43099","post","type-post","status-publish","format-standard","hentry","category-gundem","odd"],"_links":{"self":[{"href":"http:\/\/www.korhanyilmaz.com\/index.php?rest_route=\/wp\/v2\/posts\/43099","targetHints":{"allow":["GET"]}}],"collection":[{"href":"http:\/\/www.korhanyilmaz.com\/index.php?rest_route=\/wp\/v2\/posts"}],"about":[{"href":"http:\/\/www.korhanyilmaz.com\/index.php?rest_route=\/wp\/v2\/types\/post"}],"author":[{"embeddable":true,"href":"http:\/\/www.korhanyilmaz.com\/index.php?rest_route=\/wp\/v2\/users\/1"}],"replies":[{"embeddable":true,"href":"http:\/\/www.korhanyilmaz.com\/index.php?rest_route=%2Fwp%2Fv2%2Fcomments&post=43099"}],"version-history":[{"count":0,"href":"http:\/\/www.korhanyilmaz.com\/index.php?rest_route=\/wp\/v2\/posts\/43099\/revisions"}],"wp:attachment":[{"href":"http:\/\/www.korhanyilmaz.com\/index.php?rest_route=%2Fwp%2Fv2%2Fmedia&parent=43099"}],"wp:term":[{"taxonomy":"category","embeddable":true,"href":"http:\/\/www.korhanyilmaz.com\/index.php?rest_route=%2Fwp%2Fv2%2Fcategories&post=43099"},{"taxonomy":"post_tag","embeddable":true,"href":"http:\/\/www.korhanyilmaz.com\/index.php?rest_route=%2Fwp%2Fv2%2Ftags&post=43099"}],"curies":[{"name":"wp","href":"https:\/\/api.w.org\/{rel}","templated":true}]}}