{"id":43094,"date":"2011-11-21T13:28:18","date_gmt":"2011-11-21T11:28:18","guid":{"rendered":"http:\/\/www.korhanyilmaz.com\/?p=43094"},"modified":"2011-11-22T07:01:25","modified_gmt":"2011-11-22T05:01:25","slug":"time-dergisini-umursamak-ahmakca","status":"publish","type":"post","link":"http:\/\/www.korhanyilmaz.com\/?p=43094","title":{"rendered":"TIME dergisini umursamak ahmak\u00e7a!"},"content":{"rendered":"<p style=\"text-align: center;\"><a href=\"http:\/\/www.korhanyilmaz.com\/wp-content\/uploads\/2011\/11\/7222.jpg\"  class=\"lightview\"><img loading=\"lazy\" decoding=\"async\" class=\"aligncenter  wp-image-43095\" src=\"http:\/\/www.korhanyilmaz.com\/wp-content\/uploads\/2011\/11\/7222.jpg\" alt=\"\" width=\"300\" height=\"225\" \/><\/a><\/p>\n<p style=\"text-align: justify;\"><strong>Giri\u015f:<\/strong> D\u00fcnyan\u0131n en \u00e7ok \u00f6d\u00fcl alan gazetecilerinden, Britanyal\u0131 Independent\u2019\u0131n ortado\u011fu temsilcisi Robert Fisk, son kitab\u0131 B\u00fcy\u00fck Medeniyet Sava\u015f\u0131 \u2013 Ortado\u011fu\u2019nun Fethi\u2019nin tan\u0131t\u0131m\u0131 i\u00e7in \u0130stanbul\u2019dayd\u0131. 30 y\u0131ldan daha uzun bir s\u00fcredir Beyrut\u2019ta bulunan ve b\u00f6lgeyi \u00e7ok yak\u0131ndan takip eden Ortado\u011fu uzman\u0131 Robert Fisk\u2019i bu vesileyle \u0130stanbul\u2019da yakalad\u0131k ve sorduk:<\/p>\n<p style=\"text-align: justify;\"><strong>&#8211; \u015eu anda Suriye\u2019de bir i\u00e7 kar\u0131\u015f\u0131kl\u0131k var ve bu azalaca\u011fa benzemiyor. Sizce \u00f6n\u00fcm\u00fczdeki s\u00fcre\u00e7 bize ne getirecek?<\/strong><\/p>\n<p style=\"text-align: justify;\">Suriye\u2019deki olaylar d\u0131\u015far\u0131da \u00e7ok farkl\u0131 yans\u0131t\u0131l\u0131yor. Katar, Suriye ve T\u00fcrkiye\u2019de bulundu\u011fumda g\u00f6rd\u00fcm ki, 3 \u00fclkede de insanlar olaylar hakk\u0131nda bamba\u015fka \u015feyler d\u00fc\u015f\u00fcn\u00fcyor.\u00a0<!--more--><\/p>\n<p style=\"text-align: justify;\">Esad\u2019\u0131n yak\u0131n zamanda ayr\u0131laca\u011f\u0131n\u0131 d\u00fc\u015f\u00fcnm\u00fcyorum. Oysa Suriye d\u0131\u015f\u0131ndaki insanlar Esad\u2019\u0131n u\u00e7urumun kenar\u0131nda oldu\u011funu, her an ayr\u0131lmak zorunda kalabilece\u011fini d\u00fc\u015f\u00fcn\u00fcyor. Bence Esad\u2019\u0131n \u00f6n\u00fcndeki zaman daral\u0131yor. Ama bunun \u00f6tesi de\u011fil.<\/p>\n<p style=\"text-align: justify;\">Bir yerde de\u011filseniz, orada olan bitenle ilgili fikirleriniz \u00e7ok rahat bir \u015fekilde bozulabiliyor. Baas Partisi, bir g\u00fcvenlik ayg\u0131t\u0131 olarak askerler ve Esad g\u00fc\u00e7s\u00fcz de\u011fil. Bu olaylar kar\u015f\u0131s\u0131nda g\u00f6revi b\u0131rak\u0131p ka\u00e7mazlar.<\/p>\n<p style=\"text-align: justify;\">Esad kar\u015f\u0131tlar\u0131 kendi i\u00e7inde tutars\u0131z. Bir yandan \u201cSuriye patlamak \u00fczere\u201d diyorlar, \u00f6b\u00fcr yandan da \u201cAma bu 6 ay alabilir\u201d diyorlar.<\/p>\n<p style=\"text-align: justify;\">Bence Suriye \u00e7\u00f6kerse, onu \u00e7\u00f6kertecek \u015fey ekonomik nedenler olacak. Suriye, g\u00fc\u00e7l\u00fc bir ekonomisi olmadan i\u00e7 \u00e7at\u0131\u015fma ortam\u0131nda uygulad\u0131\u011f\u0131 bask\u0131y\u0131 uzun s\u00fcre devam ettiremez.<\/p>\n<p style=\"text-align: justify;\"><strong>&#8211; T\u00fcrkiye\u2019nin Suriye\u2019deki hamlelerini ve rol\u00fcn\u00fc nas\u0131l de\u011ferlendiriyorsunuz?<\/strong><\/p>\n<p style=\"text-align: justify;\">Suriye\u2019deki olaylar\u0131 kontrol eden g\u00fc\u00e7 T\u00fcrkiye de\u011fil, Katar\u2019d\u0131r. T\u00fcrkler kendi rollerinin \u00e7ok b\u00fcy\u00fck oldu\u011funu d\u00fc\u015f\u00fcn\u00fcyorlar, ama \u00f6yle de\u011fil. Arap Birli\u011fi\u2019ni y\u00f6netmekte olan Katar\u2019\u0131n Suriye\u2019ye kar\u015f\u0131 ald\u0131rd\u0131\u011f\u0131 kararlard\u0131r esas etkili olan.<\/p>\n<p style=\"text-align: justify;\">Suriye i\u00e7in T\u00fcrkiye ile olan ili\u015fkisi \u00e7ok \u00f6nemliydi. Buraya vizesiz gelebilmeleri, ortak pazara sahip olmalar\u0131. Hatta Suriye\u2019deki tan\u0131d\u0131klar\u0131ma soruyorum, \u201cdostunuz olan T\u00fcrkiye gibi \u00fclkeleri nas\u0131l d\u00fc\u015fman\u0131n\u0131z yapmay\u0131 ba\u015fard\u0131n\u0131z\u201d diye. Asl\u0131nda bunun nedeni, Arap Uyan\u0131\u015f\u0131 ile birlikte b\u00f6lgedeki geli\u015fmelerin bir de\u011fi\u015fim talebi do\u011furmas\u0131. Esad da bunun fark\u0131nda, \u201cde\u011fi\u015fim gelecek\u201d diyor. Burada esas soru, neden daha h\u0131zl\u0131 bir \u015fekilde de\u011fi\u015femiyor oldu\u011fu. Se\u00e7im ve reform s\u00f6zlerini duyuyoruz, ancak bir \u015fey g\u00f6remiyoruz.<\/p>\n<p style=\"text-align: justify;\"><strong>ORDU G\u0130RERSE \u0130\u015eLER DE\u011e\u0130\u015e\u0130R<\/strong><\/p>\n<p style=\"text-align: justify;\">T\u00fcrkiye\u2019nin \u015fu an Suriye\u2019de \u00e7ok bir rol\u00fc yok, olaylar\u0131 kontrol etmiyor, ancak T\u00fcrkiye ordusu Suriye s\u0131n\u0131r\u0131n\u0131 ge\u00e7erse o zaman i\u015fler de\u011fi\u015fir. Hele ki \u00d6zg\u00fcr Suriye Ordusu\u2019nu da beraberlerinde getirirlerse i\u015fler de\u011fi\u015fir.<\/p>\n<p style=\"text-align: justify;\"><strong>&#8211; Sizce bu m\u00fcmk\u00fcn m\u00fc?<\/strong><\/p>\n<p style=\"text-align: justify;\">Evet, kesinlikle. T\u00fcrkiye ordusuna bir bak\u0131n. S\u0131n\u0131r ge\u00e7meye \u00e7ok al\u0131\u015fk\u0131n. Irak\u2019a her hafta giriyorlar.<\/p>\n<p style=\"text-align: justify;\"><strong>&#8211; T\u00fcrkiye\u2019nin Suriye\u2019deki olaylar\u0131 kontrol etti\u011fine dair bir imaj yaratt\u0131\u011f\u0131n\u0131 ve bunun ger\u00e7ek olmad\u0131\u011f\u0131n\u0131 s\u00f6yl\u00fcyorsunuz. Bu imaj\u0131n yarat\u0131lmas\u0131n\u0131n AKP\u2019nin neo-Osmanl\u0131 politikalar\u0131yla bir ili\u015fkisi oldu\u011funu d\u00fc\u015f\u00fcn\u00fcyor musunuz?<\/strong><\/p>\n<p style=\"text-align: justify;\">Arap d\u00fcnyas\u0131ndakiler buraya bakt\u0131klar\u0131nda AKP\u2019yi de\u011fil T\u00fcrkiye\u2019yi g\u00f6r\u00fcyorlar. Erdo\u011fan\u2019\u0131n i\u00e7 politikalar i\u00e7in kulland\u0131\u011f\u0131 neo-Osmanl\u0131 Araplar\u0131n umurunda de\u011fil. Devrimi onlar ya\u015f\u0131yor, sizler de\u011fil. Erdo\u011fan ise onlar\u0131n duymak istedi\u011fi \u015feyler s\u00f6yleyerek onlar\u0131 mutlu ediyor. Araplar\u0131n g\u00f6z\u00fcnde Erdo\u011fan\u2019\u0131n s\u00f6zleri T\u00fcrkiye\u2019nin s\u00f6zleri olarak alg\u0131lan\u0131yor. Muhalefette bile olsa, Araplar ondan etkilenmeye devam edecektir.<\/p>\n<p style=\"text-align: justify;\">Ayr\u0131ca Erdo\u011fan rol\u00fcn\u00fc \u00e7ok iyi oynad\u0131. Olanlar\u0131 biliyordu, ABD ve \u0130srail daha sessizken isyanc\u0131lar\u0131\/protestocular\u0131 destekleyen ilk ki\u015fi oldu. Kendine ve T\u00fcrkiye\u2019ye b\u00f6lgede itibar kazand\u0131.<\/p>\n<p style=\"text-align: justify;\"><strong>&#8211; Ve sonunda Time\u2019a kapak oldu. T\u00fcrkiye\u2019de birka\u00e7 g\u00fc\u00e7d\u00fcr bu konu\u015fuluyor.<\/strong><\/p>\n<p style=\"text-align: justify;\">Ben Time okumam. Erdo\u011fan\u2019\u0131n da Time okudu\u011funu sanm\u0131yorum. Bence Time yalanc\u0131 bir dergi. Onlar\u0131 niye umursuyorsunuz ki?<\/p>\n<p style=\"text-align: justify;\"><strong>ABD MEDYASINI \u00d6NEMSEMEY\u0130N<\/strong><\/p>\n<p style=\"text-align: justify;\">T\u00fcrkiye, eskiden Araplar\u0131n yapt\u0131\u011f\u0131n\u0131 yap\u0131yor. \u201cABD bizim hakk\u0131m\u0131zda ne dedi? Time ne yazd\u0131?\u201d diye soruyorsunuz. Oysa Araplar art\u0131k Time dergisinde yazanlar\u0131 umursamaz bile. Oysa T\u00fcrkiye h\u00e2l\u00e2 umursuyor. H\u00e2l\u00e2 ABD bas\u0131n\u0131na inanmay\u0131 ba\u015far\u0131yorsunuz, ve bu \u00e7ok ahmak\u00e7a.<\/p>\n<p style=\"text-align: justify;\"><strong>&#8211; Peki Erdo\u011fan ile ABD h\u00fck\u00fcmeti aras\u0131ndaki ili\u015fki hakk\u0131nda ne d\u00fc\u015f\u00fcn\u00fcyorsunuz?<\/strong><\/p>\n<p style=\"text-align: justify;\">Bilmiyorum. Asl\u0131nda bilmek isterdim. Aralar\u0131 yak\u0131n olsa gerek. F\u00fcze kalkan\u0131 olay\u0131 ilgi \u00e7ekici. Ama esas ilgi \u00e7eken \u015fey NATO \u00fczerinden y\u00fcr\u00fcyen ili\u015fki. T\u00fcrkiye NATO\u2019ya \u00fcye oldu\u011fu i\u00e7in ABD bug\u00fcn Ermeni Soyk\u0131r\u0131m\u0131\u2019n\u0131 bir soyk\u0131r\u0131m olarak tan\u0131yam\u0131yor. Ermeniler bir tasar\u0131 haz\u0131rlay\u0131p Kongre\u2019ye g\u00f6t\u00fcrd\u00fckleri zaman T\u00fcrkiye\u2019den generaller \u2013 siyaset\u00e7iler de\u011fil generaller ABD\u2019ye gittiler ve \u00f6nce Bush\u2019a, sonra da Obama\u2019ya sordular: \u201c\u00dclkemizdeki askeri \u00fcslerinizi kullanmaya devam etmek istiyor musunuz? Ortado\u011fu\u2019ya Batman\u2019daki \u00fcss\u00fcn\u00fczden mi u\u00e7mak istersiniz, yoksa Kazakistan\u2019dakinden mi?\u201d<\/p>\n<p style=\"text-align: justify;\"><strong>&#8211; ABD\u2019de Cumhuriyet\u00e7ilerin Obama\u2019ya kar\u015f\u0131 tutumlar\u0131 de\u011fi\u015fiyor. Yak\u0131n gelecekteki rolleri ne olacak?<\/strong><\/p>\n<p style=\"text-align: justify;\">Cumhuriyet\u00e7iler, Obama\u2019y\u0131 d\u00f6vmek i\u00e7in \u0130srail\u2019i bir k\u0131rba\u00e7 olarak kullan\u0131yorlar. Se\u00e7im \u00e7al\u0131\u015fmalar\u0131n\u0131n b\u00fcy\u00fck bir k\u0131sm\u0131 \u201cObama \u0130srail\u2019i y\u00fcz \u00fcst\u00fc b\u0131rakt\u0131\u201d demekle ge\u00e7iyor. \u201cObama \u0130srail\u2019in istedi\u011fi her \u015feyi yapmal\u0131yd\u0131\u201d diyorlar.<\/p>\n<p style=\"text-align: justify;\"><strong>&#8211; Arap Uyan\u0131\u015f\u0131\u2019na bakt\u0131\u011f\u0131m\u0131zda \u015eiiler ile S\u00fcnniler aras\u0131nda bir gerilim oldu\u011funu, ba\u015far\u0131ya ula\u015fan devrimlerin hep S\u00fcnni devrimler oldu\u011funu, Bahreyn ve Yemen gibi yerlerdeki \u015eii isyanc\u0131lar\u0131n bast\u0131r\u0131ld\u0131\u011f\u0131n\u0131 veya desteklenmedi\u011fini g\u00f6r\u00fcyoruz. Bu konuda ne d\u00fc\u015f\u00fcn\u00fcyorsunuz?<\/strong><\/p>\n<p style=\"text-align: justify;\">Bu co\u011frafyadaki \u00fclkelerin hepsinin farkl\u0131 \u00f6zellikleri var, bunlar\u0131 birbiriyle kar\u015f\u0131la\u015ft\u0131rmak do\u011fru olmaz. Ancak ilgin\u00e7 olan \u015fey b\u00fct\u00fcn bu devrimlerde Araplar\u0131n, b\u00fct\u00fcn bu devrimlerde biz koloniyel bat\u0131n\u0131n onlara verdi\u011fi s\u0131n\u0131rlar\u0131 korumalar\u0131 oldu. Halen \u00e7\u0131k\u0131p \u201cbiz bir Arap ulusuyuz\u201d diyemiyorlar. Tunus\u2019tan \u00fc\u00e7 be\u015f eylemci d\u0131\u015f\u0131nda kimse \u00e7\u0131k\u0131p M\u0131s\u0131r\u2019daki veya Libya\u2019daki m\u00fccadeleye destek vermedi.<\/p>\n<p style=\"text-align: justify;\"><strong>K\u00dcRD\u0130STAN&#8217;IN KURULMAMASI TRAJED\u0130<\/strong><\/p>\n<p style=\"text-align: justify;\"><strong>&#8211; B\u00f6lgedeki dengelerin de\u011fi\u015fmesi K\u00fcrt halk\u0131n\u0131 nas\u0131l etkileyebilir?<\/strong><\/p>\n<p style=\"text-align: justify;\">Bu co\u011frafyada K\u00fcrdistan diye bir \u00fclke olmas\u0131 gerekiyordu Versay anla\u015fmas\u0131 ile. Ancak bu ger\u00e7ekle\u015fmedi. Bunun ger\u00e7ekle\u015fmemesi b\u00fcy\u00fck bir trajedidir. Ayn\u0131 \u015fekilde daha geni\u015f s\u0131n\u0131rlara sahip bir Ermeni devleti de olacakt\u0131, o da olmad\u0131. Bunun sorumlusu, ABD\u2019nin izolasyon politikalar\u0131, Ba\u015fkan Wilson ve Sykes-Picot anla\u015fmas\u0131d\u0131r.<\/p>\n<p style=\"text-align: justify;\"><strong>&#8211; ABD\u2019nin \u0130ran \u00fczerinde kurdu\u011fu bask\u0131, iktidardakiler Demokrat da olsa Cumhuriyet\u00e7i de olsa art\u0131yor. Bu bask\u0131 artmaya devam edip bir patlamaya yol a\u00e7acak m<\/strong>\u0131?<\/p>\n<p style=\"text-align: justify;\">\u0130srail aptalca bir \u015fey yapmad\u0131k\u00e7a bir sava\u015f olmayacakt\u0131r.<\/p>\n<p style=\"text-align: justify;\"><strong>\u0130SRA\u0130L VEYA ABD \u0130RAN\u2019LA SAVA\u015eAMAZ\u00a0<\/strong><\/p>\n<p style=\"text-align: justify;\"><strong>&#8211; \u0130srail\u2019in b\u00f6yle bir \u015fey yapmas\u0131 m\u00fcmk\u00fcn m\u00fc?<\/strong><\/p>\n<p style=\"text-align: justify;\">Bence de\u011fil. \u00c7\u00fcnk\u00fc \u0130ran ile tek ba\u015flar\u0131na sava\u015famazlar ve ABD de \u0130ran ile sava\u015fmayacakt\u0131r. Irak ve Afganistan\u2019da ba\u015flar\u0131na gelenden sonra \u0130ran gibi bir bata\u011fa saplanmayacaklard\u0131r.<\/p>\n<p style=\"text-align: justify;\"><strong>&#8211; \u0130ran\u2019\u0131n n\u00fckleer silahlara sahip olma ihtimali bu durumu etkiler mi?<\/strong><\/p>\n<p style=\"text-align: justify;\">Er ya da ge\u00e7 d\u00fcnyadaki b\u00fct\u00fcn \u00fclkeler n\u00fckleer g\u00fcce sahip olacak. \u0130stesek de, istemesek de. Ve bu g\u00fcce sahip \u00fclkeler isterlerse n\u00fckleer silah da yapabilirler. \u00d6nemli olan bununla ne yapacaklar\u0131, bunu niye istedikleri. \u0130srail\u2019in elinde 240 sava\u015f ba\u015fl\u0131\u011f\u0131 varken bunlardan bir tanesini Filistin\u2019e atarak b\u00fct\u00fcn Filistinlileri \u00f6ld\u00fcrecek mi? \u00c7ok sa\u00e7ma.<\/p>\n<p style=\"text-align: justify;\">\u0130ran tehditi ise \u0130srail taraf\u0131ndan y\u0131llard\u0131r kullan\u0131lan bir kart. \u201cBize yard\u0131m edin\u201d diyerek ABD\u2019yi etkiliyorlar. Netanyahu\u2019nun 1999 y\u0131l\u0131nda \u201c\u00f6n\u00fcm\u00fczdeki y\u0131l \u0130ran n\u00fckleer silahlara kavu\u015facak\u201d dedi\u011fini hat\u0131rl\u0131yorum. 11 y\u0131l ge\u00e7ti ve h\u00e2l\u00e2 ortada silah yok. Ehud Barak\u2019\u0131n \u201c\u0130ran\u2019\u0131n yerinde ben olsayd\u0131m ben de n\u00fckleer bomba isterdim\u201d dedi de hat\u0131r\u0131mda.<\/p>\n<p style=\"text-align: justify;\"><strong>&#8211; Peki \u0130srail ABD\u2019nin b\u00f6lgedeki politikalar\u0131n\u0131 daha ne kadar b\u00f6yle etkileyebilir?<\/strong><\/p>\n<p style=\"text-align: justify;\">ABD\u2019de k\u00f6kten dinci Hristiyanlar oldu\u011fu s\u00fcrece etkiler.\u0130srail\u2019in ABD\u2019deki lobisi \u00e7ok g\u00fc\u00e7l\u00fc. Kongre \u00fcyelerinin hangilerinin \u0130srail kar\u015f\u0131t\u0131 oy verdi\u011fi veya \u0130srail yarar\u0131na olan tekliflerde oy vermedi\u011finin \u00e7etelesini tutuyorlar, sonra bu \u00fcyeler \u00fczerinde yo\u011fun bask\u0131 olu\u015fturuyorlar. Onlara boyun e\u011fmedikleri i\u00e7in i\u015fini kaybeden bir \u00e7ok politikac\u0131 oldu.<\/p>\n<p style=\"text-align: justify;\"><strong>&#8211; Arap Uyan\u0131\u015f\u0131 ile d\u00fcnya \u00e7ap\u0131nda ger\u00e7ekle\u015fen anti-kapitalist isyanlar\/protestolar\/i\u015fgaller hakk\u0131nda nas\u0131l bir ili\u015fki var?<\/strong><\/p>\n<p style=\"text-align: justify;\">Bir ba\u011flant\u0131 var kesinlikle. Arap \u00fclkelerinde diktat\u00f6rler \u00fclkeyi babalar\u0131n\u0131n mal\u0131 gibi kullan\u0131yordu ve halk buna kar\u015f\u0131 \u00e7\u0131kt\u0131. Diktat\u00f6rler \u00fclkelerini o\u011fullar\u0131na miras b\u0131rak\u0131p \u201cBu \u00fclke benim mal\u0131m, ben \u00f6l\u00fcnce de sana ge\u00e7ecek\u201d diyorlard\u0131. Halka \u201cistediklerimi yap\u0131n\u201d diyorlard\u0131. Ancak Araplar \u00e7\u0131kt\u0131lar ve \u201cHay\u0131r, bu \u00fclke bize ait!\u201d dediler.<\/p>\n<p style=\"text-align: justify;\"><strong>ORTADO\u011eUDA D\u0130KTAT\u00d6RLER=BATIDA BANKALAR\u00a0<\/strong><\/p>\n<p style=\"text-align: justify;\">Bat\u0131da ise insanlar bir demokraside ya\u015fad\u0131klar\u0131na inand\u0131r\u0131ld\u0131lar. Gidip oy kullan\u0131yorlar, ancak oy kulland\u0131klar\u0131 insanlar \u00fclkeyi bankalar\u0131n eline teslim ediyor. B\u00f6ylece \u00fclkeler bankalar\u0131n mal\u0131 oluyor. Ve \u0130talya\u2019da, \u0130spanya\u2019da, Yunanistan\u2019da insanlar buna isyan ediyor. Ortado\u011fuda Bin Ali ve M\u00fcbarek\u2019in oynad\u0131\u011f\u0131 rol\u00fc bat\u0131da bankalar oynuyor. Bu \u00e7ok \u00f6nemli bir paralellik, ama ayn\u0131 zamanda varolan tek paralellik de bu.<\/p>\n<p style=\"text-align: justify;\"><strong>&#8211; Peki sizce bat\u0131daki bankalar, ortado\u011fudaki M\u00fcbarek gibi \u00e7\u00f6kecek mi?<\/strong><\/p>\n<p style=\"text-align: justify;\">Hay\u0131r. Bu m\u00fcmk\u00fcn de\u011fil.<\/p>\n<p style=\"text-align: justify;\"><strong>&#8211; Arap Uyan\u0131\u015f\u0131 sizce bir orta s\u0131n\u0131f hareketi mi?<\/strong><\/p>\n<p style=\"text-align: justify;\">Hay\u0131r. Libya\u2019da zaten orta s\u0131n\u0131f yok. Yemen ve Suriye\u2019de ise isyan edenler orta s\u0131n\u0131f de\u011fil. M\u0131s\u0131r\u2019da ise isyan eden b\u00fct\u00fcn halkt\u0131. M\u0131s\u0131r\u2019daki devrim, oldu\u011fu anda anlamas\u0131 en kolay devrimdi, ancak \u015fimdi orada da i\u015fler kar\u0131\u015ft\u0131.<\/p>\n<p style=\"text-align: justify;\"><strong>&#8211; Amerikan dolar\u0131n\u0131n d\u00fcnya genelinde b\u00fcy\u00fck bir dominasyonu var. Bunun bitti\u011fi g\u00fcn\u00fc g\u00f6recek miyiz?<\/strong><\/p>\n<p style=\"text-align: justify;\">Arap d\u00fcnyas\u0131nda ve \u00c7in\u2019de petrol\u00fc \u201cdolars\u0131zla\u015ft\u0131rmak\u201d i\u00e7in b\u00fcy\u00fck bir giri\u015fim var. Avro, yen, yuan gibi para birimlerinin kullan\u0131lmas\u0131 g\u00fcndemde.<\/p>\n<p style=\"text-align: justify;\">\u00c7in \u201cart\u0131k yeni s\u00fcper g\u00fc\u00e7 benim. Ancak bu ekonomik g\u00fcc\u00fcmle e\u015f de\u011ferde bir siyasal d\u00fcce sahip de\u011filim\u201d diyor. \u00c7in\u2019in sorunu rezervlerinin b\u00fcy\u00fck bir k\u0131sm\u0131n\u0131n dolar olmas\u0131. E\u011fer dolar\u0131n de\u011ferini d\u00fc\u015f\u00fcr\u00fcrlerse kendi rezervleri de de\u011fersizle\u015fecek.<\/p>\n<p style=\"text-align: justify;\">\u00c7in ayn\u0131 zamanda ortado\u011fu ile de ilgileniyor. Ancak b\u00f6lgeye adalet ve bar\u0131\u015f getirmek i\u00e7in de\u011fil, ABD \u00fczerinde bask\u0131 yaratmak i\u00e7in. Bu Araplar\u2019\u0131n da T\u00fcrkler\u2019in de i\u015fine gelmeyecek.<\/p>\n<p style=\"text-align: justify;\"><strong>&#8211; \u201cDolars\u0131zla\u015ft\u0131rma\u201d ABD ekonomisini nas\u0131l etkiler?<\/strong><\/p>\n<p style=\"text-align: justify;\">ABD\u2019nin d\u00fcnya ekonomisini y\u00f6netti\u011fine inan\u0131p inanmamakla alakal\u0131 bu sorunun cevab\u0131. Ben bir s\u00fcre avro b\u00f6lgesinin bu g\u00fcce sahip oldu\u011funa inan\u0131yordum, ama art\u0131k bu d\u00fc\u015f\u00fcncem de y\u0131k\u0131ld\u0131. Art\u0131k d\u00fcnya ekonomisi k\u00fcreselle\u015fti ve kur politikalar\u0131 zorla\u015ft\u0131.<\/p>\n<p style=\"text-align: justify;\">Avro b\u00f6lgesinin sorunu \u00e7ok b\u00fcy\u00fck ve k\u00f6t\u00fc y\u00f6netilen bir b\u00f6lge olmas\u0131. Avrupa, \u201cYunanistan medeniyetin be\u015fi\u011fi, Sofokles, Aristoteles, Plato!\u201d diye d\u00fc\u015f\u00fcn\u00fcyordu. Ancak Yunanistan b\u00fcy\u00fck \u00e7at\u0131\u015fmalar\u0131n, diktat\u00f6rl\u00fcklerin \u00fclkesi. G\u00fcvenilecek bir yap\u0131ya sahip de\u011fil. Yunanistan gibi bir \u00fclkeyi AB\u2019ye almalar\u0131 b\u00fcy\u00fck bir hatayd\u0131. Yunanistan ABD \u00fclkeleriyle rekabet edemeyecek bir yap\u0131da.<\/p>\n<p style=\"text-align: justify;\">ABD\u2019nin d\u00fcnyadaki rol\u00fc y\u00fcz\u00fcnden bir \u00e7ok insan ABD\u2019yi a\u015fa\u011f\u0131lamak, ona zarar vermek istiyor. Ancak dolara zarar vermek, onunla ili\u015fkide olan para birimlerini, yani neredeyse b\u00fct\u00fcn para birimlerini \u00e7ok k\u00f6t\u00fc etkileyecektir.<\/p>\n<p style=\"text-align: justify;\"><strong>F\u0130L\u0130ST\u0130N OLMADAN BARI\u015e YOK\u00a0<\/strong><\/p>\n<p style=\"text-align: justify;\"><strong>&#8211; Son sorum, ortado\u011fuda bir g\u00fcn kal\u0131c\u0131 bar\u0131\u015f olaca\u011f\u0131na dair umudunuz var m\u0131?<\/strong><\/p>\n<p style=\"text-align: justify;\">Ah, kalbime inecekti az kals\u0131n! A\u00e7\u0131k konu\u015fmak gerekirse, adalet olmadan bar\u0131\u015f olmaz. Adalet olmas\u0131 i\u00e7in ise Filistinliler\u2019in bir \u00e7e\u015fit \u00fclkeye sahip olmas\u0131 laz\u0131m. Ancak bunun i\u00e7in b\u00f6lgede yeterli toprak kalmad\u0131. \u0130srail \u00e7ok h\u0131zl\u0131 bir \u015fekilde geni\u015fledi.<\/p>\n<p style=\"text-align: justify;\"><a href=\"http:\/\/www.birgun.net\/worlds_index.php?news_code=1321869246&amp;year=2011&amp;month=11&amp;day=21\" target=\"_blank\">Kaynak :\u00a0Onur Erem &#8211; Ali \u015eim\u015fek \/ B\u0130RG\u00dcN<\/a><\/p>\n","protected":false},"excerpt":{"rendered":"<p style=\"text-align: center;\">\n<p style=\"text-align: justify;\">Giri\u015f: D\u00fcnyan\u0131n en \u00e7ok \u00f6d\u00fcl alan gazetecilerinden, Britanyal\u0131 Independent\u2019\u0131n ortado\u011fu temsilcisi Robert Fisk, son kitab\u0131 B\u00fcy\u00fck Medeniyet Sava\u015f\u0131 \u2013 Ortado\u011fu\u2019nun Fethi\u2019nin tan\u0131t\u0131m\u0131 i\u00e7in \u0130stanbul\u2019dayd\u0131. 30 y\u0131ldan daha uzun bir s\u00fcredir Beyrut\u2019ta bulunan ve b\u00f6lgeyi \u00e7ok yak\u0131ndan takip eden Ortado\u011fu uzman\u0131 Robert Fisk\u2019i bu vesileyle \u0130stanbul\u2019da yakalad\u0131k ve sorduk:<\/p>\n<p style=\"text-align:  \n\n","protected":false},"author":1,"featured_media":0,"comment_status":"open","ping_status":"open","sticky":false,"template":"","format":"standard","meta":{"footnotes":""},"categories":[105],"tags":[],"class_list":["post-43094","post","type-post","status-publish","format-standard","hentry","category-gundem","odd"],"_links":{"self":[{"href":"http:\/\/www.korhanyilmaz.com\/index.php?rest_route=\/wp\/v2\/posts\/43094","targetHints":{"allow":["GET"]}}],"collection":[{"href":"http:\/\/www.korhanyilmaz.com\/index.php?rest_route=\/wp\/v2\/posts"}],"about":[{"href":"http:\/\/www.korhanyilmaz.com\/index.php?rest_route=\/wp\/v2\/types\/post"}],"author":[{"embeddable":true,"href":"http:\/\/www.korhanyilmaz.com\/index.php?rest_route=\/wp\/v2\/users\/1"}],"replies":[{"embeddable":true,"href":"http:\/\/www.korhanyilmaz.com\/index.php?rest_route=%2Fwp%2Fv2%2Fcomments&post=43094"}],"version-history":[{"count":0,"href":"http:\/\/www.korhanyilmaz.com\/index.php?rest_route=\/wp\/v2\/posts\/43094\/revisions"}],"wp:attachment":[{"href":"http:\/\/www.korhanyilmaz.com\/index.php?rest_route=%2Fwp%2Fv2%2Fmedia&parent=43094"}],"wp:term":[{"taxonomy":"category","embeddable":true,"href":"http:\/\/www.korhanyilmaz.com\/index.php?rest_route=%2Fwp%2Fv2%2Fcategories&post=43094"},{"taxonomy":"post_tag","embeddable":true,"href":"http:\/\/www.korhanyilmaz.com\/index.php?rest_route=%2Fwp%2Fv2%2Ftags&post=43094"}],"curies":[{"name":"wp","href":"https:\/\/api.w.org\/{rel}","templated":true}]}}