{"id":43085,"date":"2011-11-22T06:01:23","date_gmt":"2011-11-22T04:01:23","guid":{"rendered":"http:\/\/www.korhanyilmaz.com\/?p=43085"},"modified":"2011-11-22T06:02:40","modified_gmt":"2011-11-22T04:02:40","slug":"guvenli-internet-donemi-basladi","status":"publish","type":"post","link":"http:\/\/www.korhanyilmaz.com\/?p=43085","title":{"rendered":"G\u00fcvenli internet d\u00f6nemi ba\u015flad\u0131"},"content":{"rendered":"<p style=\"text-align: center;\"><a href=\"http:\/\/www.korhanyilmaz.com\/wp-content\/uploads\/2011\/11\/7220.jpg\"  class=\"lightview\"><img loading=\"lazy\" decoding=\"async\" class=\"aligncenter  wp-image-43086\" src=\"http:\/\/www.korhanyilmaz.com\/wp-content\/uploads\/2011\/11\/7220.jpg\" alt=\"\" width=\"280\" height=\"179\" \/><\/a><\/p>\n<p style=\"text-align: justify;\">Ve b\u00fcy\u00fck g\u00fcn geldi. Bilgi Teknolojileri ve \u0130leti\u015fim Kurumu (BTK), g\u00fcvenli internet hizmetini bug\u00fcn itibariyle devreye soktu.<\/p>\n<p style=\"text-align: justify;\">Daha \u00f6nce 22 A\u011fustos\u2019ta devreye girmesi beklenen g\u00fcvenli internete servis sa\u011flay\u0131c\u0131lar\u0131 da dahil taraflar haz\u0131r olmad\u0131\u011f\u0131 i\u00e7in sistem ask\u0131ya al\u0131nm\u0131\u015f ve tarih 3 ay ertelenerek 22 Kas\u0131m\u2019a, yani bug\u00fcne ertelenmi\u015fti.\u00a0<!--more--><\/p>\n<p style=\"text-align: justify;\"><strong>BUG\u00dcNDEN SONRA NE DE\u011e\u0130\u015eECEK\u00a0<\/strong><\/p>\n<p style=\"text-align: justify;\">G\u00fcvenli internet konusunda yap\u0131lan d\u00fczenleme 28 Temmuz 2010 tarihinde yay\u0131mlanan t\u00fcketici haklar\u0131 y\u00f6netmeli\u011finde yer alan bir maddeye dayan\u0131yor. Buna g\u00f6re ki\u015fi e\u011fer isterse g\u00fcvenli internet kullanma hakk\u0131na \u00fccretsiz sahip olabilecek.<\/p>\n<p style=\"text-align: justify;\"><strong>HANG\u0130 TAR\u0130FELER VAR\u00a0<\/strong><\/p>\n<p style=\"text-align: justify;\">Kullan\u0131c\u0131lar \u00c7ocuk Profili ve Aile Profili olmak \u00fczere iki farkl\u0131 profil aras\u0131ndan se\u00e7im yapacak.<\/p>\n<p style=\"text-align: justify;\">\u00c7ocuk Profili\u2019ni se\u00e7en kullan\u0131c\u0131lar, BTK\u2019n\u0131n belirledi\u011fi ve servis sa\u011flay\u0131c\u0131lar\u0131na g\u00f6nderdi\u011fi alan ad\u0131, alt alan ad\u0131, IP adresi ve portlara girebilecek. Bunun d\u0131\u015f\u0131ndaki hi\u00e7bir adrese eri\u015fim s\u00f6z konusu olmayacak. TTNET\u2019in G\u00fcvenli \u0130nternet Servisi sayfas\u0131na g\u00f6re \u00c7ocuk Profili ile e\u011fitim, \u00f6dev, bankac\u0131l\u0131k uygulamalar\u0131, al\u0131\u015fveri\u015f, m\u00fczik, oyun, haber, e-posta, kamu siteleri, \u00f6zel \u015firketler, e\u011fitim kurumlar\u0131 ve e-devlet gibi farkl\u0131 sitelere eri\u015fim m\u00fcmk\u00fcn olacak.<\/p>\n<p style=\"text-align: justify;\">Bir di\u011fer profil de Aile Profili\u2026 Bu profili tercih eden kullan\u0131c\u0131lar kumar, uyu\u015fturucu, fuhu\u015f, m\u00fcstehcenlik, \u015fiddet, ter\u00f6r, doland\u0131r\u0131c\u0131l\u0131k, zararl\u0131 yaz\u0131l\u0131m gibi kategorilerdeki sitelere eri\u015femeyecek. Bu profilin \u00c7ocuk Profili\u2019nden fark\u0131 ise kullan\u0131c\u0131lar\u0131n ki\u015fisel sitelere, forum ve payla\u015f\u0131m sitelerine eri\u015fmesinin m\u00fcmk\u00fcn olmas\u0131. Yani \u00c7ocuk Profili\u2019ne g\u00f6re Aile Profili\u2019nin s\u0131n\u0131rlar\u0131 biraz daha geni\u015f tutulmu\u015f.<\/p>\n<p style=\"text-align: justify;\">Bu profillerden herhangi birini tercih etmeyen kullan\u0131c\u0131lar ise Standart Profil\u2019den i\u015flem g\u00f6recek. Yani mevcut sistemini de\u011fi\u015ftirmek istemeyen ve g\u00fcvenli internet hizmetini gerekli g\u00f6rmeyen kullan\u0131c\u0131lar, profil tercihi yapmad\u0131klar\u0131 taktirde Standart Profil\u2019de yer alacak.<\/p>\n<p style=\"text-align: justify;\"><strong>TELEFON OPERAT\u00d6RLER\u0130 DE G\u00dcVENL\u0130 \u0130NTERNETE GE\u00c7\u0130YOR\u00a0<\/strong><\/p>\n<p style=\"text-align: justify;\">Tarifeleri servis sa\u011flay\u0131c\u0131lar\u0131 ve cep telefonu operat\u00f6rleri uygulayacak. Kullan\u0131c\u0131lar, talep ettikleri taktirde yine bu profillerden birini se\u00e7erek operat\u00f6rlerinden ald\u0131klar\u0131 internet ba\u011flant\u0131s\u0131n\u0131 de\u011fi\u015ftirebilecek veya herhangi bir talepte bulunmayarak mevcut d\u00fczenlerinde devam etmeyi s\u00fcrd\u00fcrebilecek. Operat\u00f6rler veya servis sa\u011flay\u0131c\u0131lar\u0131 \u00fczerinden profil tercihi yapmak isteyen kullan\u0131c\u0131lar ilgili operat\u00f6r\u00fcn m\u00fc\u015fteri hizmetlerini arayacak veya kendisine en yak\u0131n \u015fubeye ba\u015fvurabilecek.<\/p>\n<p style=\"text-align: justify;\"><strong>\u201cNUMARA TA\u015eIMAKTAN FARKI YOK\u201d\u00a0<\/strong><\/p>\n<p style=\"text-align: justify;\">BTK Ba\u015fkan\u0131 Tayfun Acarer, bug\u00fcn y\u00fcr\u00fcrl\u00fc\u011fe giren g\u00fcvenli internet sistemiyle ilgili yapt\u0131\u011f\u0131 son a\u00e7\u0131klamas\u0131nda filtreli internet kullan\u0131m\u0131 konusunda \u015fubat ay\u0131nda karar al\u0131nd\u0131\u011f\u0131n\u0131 ve bug\u00fcn bu karar\u0131n uygulamaya ge\u00e7ti\u011fini belirterek s\u00f6zlerini \u015f\u00f6yle s\u00fcrd\u00fcrd\u00fc: \u201cNumara ta\u015f\u0131maktan bir fark\u0131 yok. \u0130steyen g\u00fcvenli interneti kullan\u0131r, istemeyen aynen devam eder.\u201d<\/p>\n<p style=\"text-align: justify;\"><a href=\"http:\/\/www.hurriyet.com.tr\/teknoloji\/19297031.asp\" target=\"_blank\">Kaynak : H\u00fcrriyet.com.tr<\/a><\/p>\n","protected":false},"excerpt":{"rendered":"<p style=\"text-align: center;\">\n<p style=\"text-align: justify;\">Ve b\u00fcy\u00fck g\u00fcn geldi. Bilgi Teknolojileri ve \u0130leti\u015fim Kurumu (BTK), g\u00fcvenli internet hizmetini bug\u00fcn itibariyle devreye soktu.<\/p>\n<p style=\"text-align: justify;\">Daha \u00f6nce 22 A\u011fustos\u2019ta devreye girmesi beklenen g\u00fcvenli internete servis sa\u011flay\u0131c\u0131lar\u0131 da dahil taraflar haz\u0131r olmad\u0131\u011f\u0131 i\u00e7in sistem ask\u0131ya al\u0131nm\u0131\u015f ve tarih 3 ay ertelenerek 22 Kas\u0131m\u2019a, yani bug\u00fcne ertelenmi\u015fti. <\/p>\n","protected":false},"author":1,"featured_media":0,"comment_status":"open","ping_status":"open","sticky":false,"template":"","format":"standard","meta":{"footnotes":""},"categories":[105],"tags":[],"class_list":["post-43085","post","type-post","status-publish","format-standard","hentry","category-gundem","odd"],"_links":{"self":[{"href":"http:\/\/www.korhanyilmaz.com\/index.php?rest_route=\/wp\/v2\/posts\/43085","targetHints":{"allow":["GET"]}}],"collection":[{"href":"http:\/\/www.korhanyilmaz.com\/index.php?rest_route=\/wp\/v2\/posts"}],"about":[{"href":"http:\/\/www.korhanyilmaz.com\/index.php?rest_route=\/wp\/v2\/types\/post"}],"author":[{"embeddable":true,"href":"http:\/\/www.korhanyilmaz.com\/index.php?rest_route=\/wp\/v2\/users\/1"}],"replies":[{"embeddable":true,"href":"http:\/\/www.korhanyilmaz.com\/index.php?rest_route=%2Fwp%2Fv2%2Fcomments&post=43085"}],"version-history":[{"count":0,"href":"http:\/\/www.korhanyilmaz.com\/index.php?rest_route=\/wp\/v2\/posts\/43085\/revisions"}],"wp:attachment":[{"href":"http:\/\/www.korhanyilmaz.com\/index.php?rest_route=%2Fwp%2Fv2%2Fmedia&parent=43085"}],"wp:term":[{"taxonomy":"category","embeddable":true,"href":"http:\/\/www.korhanyilmaz.com\/index.php?rest_route=%2Fwp%2Fv2%2Fcategories&post=43085"},{"taxonomy":"post_tag","embeddable":true,"href":"http:\/\/www.korhanyilmaz.com\/index.php?rest_route=%2Fwp%2Fv2%2Ftags&post=43085"}],"curies":[{"name":"wp","href":"https:\/\/api.w.org\/{rel}","templated":true}]}}