{"id":43078,"date":"2011-11-21T20:58:00","date_gmt":"2011-11-21T18:58:00","guid":{"rendered":"http:\/\/www.korhanyilmaz.com\/?p=43078"},"modified":"2011-11-21T23:36:01","modified_gmt":"2011-11-21T21:36:01","slug":"ben-hukumeti-yikmak-istiyorum","status":"publish","type":"post","link":"http:\/\/www.korhanyilmaz.com\/?p=43078","title":{"rendered":"&#8220;Ben h\u00fck\u00fcmeti y\u0131kmak istiyorum&#8221;"},"content":{"rendered":"<p style=\"text-align: center;\"><a href=\"http:\/\/www.korhanyilmaz.com\/wp-content\/uploads\/2011\/11\/7218.jpg\"  class=\"lightview\"><img loading=\"lazy\" decoding=\"async\" class=\"aligncenter  wp-image-43079\" src=\"http:\/\/www.korhanyilmaz.com\/wp-content\/uploads\/2011\/11\/7218.jpg\" alt=\"\" width=\"276\" height=\"207\" \/><\/a><\/p>\n<p style=\"text-align: justify;\">CHP Grup Ba\u015fkanvekili Muharrem \u0130nce, Oda TV iddianamesini haz\u0131rlayan savc\u0131lar\u0131 sert bir dille ele\u015ftirerek, &#8220;O savc\u0131ya sesleniyorum; Yanl\u0131\u015f yazma do\u011fru yaz. Ben h\u00fck\u00fcmeti y\u0131pratmak istemiyorum, ben h\u00fck\u00fcmeti y\u0131kmak istiyorum. \u0130ddianameyi adam gibi yaz. O iddianameleri Meclis k\u00fcrs\u00fcs\u00fcnde y\u0131rt\u0131p ataca\u011f\u0131m. Bunu herkes bu hafta g\u00f6recek&#8221; dedi.<!--more--><\/p>\n<p style=\"text-align: justify;\">\u0130stanbul- CHP Bolu \u0130l Ba\u015fkanl\u0131\u011f\u0131\u2019n\u0131 ziyaret eden \u0130nce, parti y\u00f6neticileri ile bir araya geldi.<\/p>\n<p style=\"text-align: justify;\">CHP Bolu Milletvekili Tanju \u00d6zcan\u2019\u0131n da haz\u0131r bulundu\u011fu ziyarette bas\u0131n toplant\u0131s\u0131 d\u00fczenleyen \u0130nce, T\u00fcrkiye\u2019nin fa\u015fizme do\u011fru gitti\u011fini belirterek, &#8220;Art\u0131k AKP, T\u00fcrkiye\u2019si oldu. Yar\u0131n Oda TV\u2019nin duru\u015fmas\u0131 var. O iddianame de benim de ad\u0131m var. O \u0130ddianemede ad\u0131m nas\u0131l ge\u00e7iyor biliyormusunuz? Y\u00fcz karas\u0131 bir durum. Muharrem \u0130nce \u2019H\u00fck\u00fcmeti y\u0131prat\u0131c\u0131 davran\u0131\u015flarda bulunuyor\u2019 diyor. Bir harita yay\u0131nlam\u0131\u015ft\u0131m daha \u00f6nce. O haritada \u00f6zelle\u015ftirmeyle T\u00fcrkiye\u2019nin sat\u0131lan de\u011ferlerini g\u00f6stermi\u015ftim. O haritay\u0131 g\u00f6stermek h\u00fck\u00fcmeti y\u0131pratmaya y\u00f6nelik bir giri\u015fimmi\u015f ve savc\u0131 beni iddianemeye koyuyor. \u015eimdi o savc\u0131ya sesleniyorum; Yanl\u0131\u015f yazma do\u011fru yaz. Ben h\u00fck\u00fcmeti y\u0131pratmak istemiyorum, ben h\u00fck\u00fcmeti y\u0131kmak istiyorum. Ne y\u0131pratmas\u0131 ben y\u0131kmak istiyorum. \u0130ddianameyi adam gibi yaz. O iddianameleri Meclis k\u00fcrs\u00fcs\u00fcnde y\u0131rt\u0131p ataca\u011f\u0131m. Bunu herkes bu hafta g\u00f6recek&#8221; diye konu\u015ftu.<\/p>\n<p style=\"text-align: justify;\"><strong>Bunlarda ne hukuk, ne ahlak kald\u0131\u00a0<\/strong><\/p>\n<p style=\"text-align: justify;\">Sakarya\u2019da konu\u015fma yapmas\u0131 nedeniyle hakk\u0131nda a\u00e7\u0131lan soru\u015fturmaya da de\u011finen \u0130nce, &#8220;Se\u00e7im \u00f6ncesi Sakarya\u2019ya gitmi\u015ftim ve Pamukova\u2019ya u\u011frad\u0131m. Bir pazarda durdum, insanlar vard\u0131. Ses d\u00fczeni olan bir ara\u00e7ta vard\u0131, seslenmemi istediler. Bende seslendim insanlara ve 15 dakika konu\u015ftum. O 15 dakikal\u0131k konu\u015fmayla ilgili de dokunulmazl\u0131\u011f\u0131m kald\u0131r\u0131lmas\u0131 talebiyle bir fezleke geldi. Diyor ki orada \u2019Minib\u00fcs trafi\u011fini aksatt\u0131 ve h\u00fck\u00fcmeti ele\u015ftirdi\u2019. Savc\u0131ya bak\u0131n savc\u0131ya. H\u00fck\u00fcmeti ele\u015ftirmi\u015fim ben ve benim dokunulmazl\u0131\u011f\u0131m\u0131n kald\u0131r\u0131lmas\u0131 i\u00e7in fezleke geldi. Bunlar da ne terbiye, ne hukuk, ne ahlak kald\u0131. Fa\u015fizme bak\u0131n fa\u015fizme.<\/p>\n<p style=\"text-align: justify;\">CHP\u2019nin grup ba\u015fkanvekili h\u00fck\u00fcmeti ele\u015ftirdi diye hakk\u0131nda fezleke d\u00fczenleniyor. O fezlekeyi bu hafta nas\u0131l y\u0131rtaca\u011f\u0131m\u0131 y\u00fcre\u011fi varsa, cesareti varsa, dokunulmazl\u0131\u011f\u0131m\u0131n kald\u0131r\u0131lmas\u0131n\u0131 isteyece\u011fim. Bana dokunulmazl\u0131k laz\u0131m de\u011fil. O fezlekeden utan\u0131yorum. Bilet kalpazanlar\u0131n\u0131n da dokunulmazl\u0131\u011f\u0131n\u0131n kald\u0131r\u0131lmas\u0131 isteniyor, benim de isteniyor. R\u00fc\u015fvete, suistimale, evrakta sahtecili\u011fe bula\u015fm\u0131\u015f, onlardan san\u0131k olmu\u015f insanlar\u0131n da dokunulmazl\u0131\u011f\u0131n\u0131n kald\u0131r\u0131lmas\u0131 isteniyor, Muharrem \u0130nce\u2019nin de isteniyor. Bu utan\u00e7tan kurtulmak istiyorum. \u00d6n\u00fcm\u00fczdeki hafta dokunulmazl\u0131\u011f\u0131m\u0131n kald\u0131r\u0131lmas\u0131n\u0131 isteyece\u011fim. Recep Erdo\u011fan\u2019\u0131n savc\u0131lar\u0131 bunlar. B\u00f6yle savc\u0131l\u0131k, mahkeme, adalet olur mu?&#8221; diye konu\u015ftu.<\/p>\n<p style=\"text-align: justify;\"><strong>K\u0131l\u0131\u00e7daro\u011flu&#8217;na ihanet etmem\u00a0<\/strong><\/p>\n<p style=\"text-align: justify;\">\u0130nce, &#8220;Genel ba\u015fkan olmay\u0131 d\u00fc\u015f\u00fcn\u00fcyor musunuz?&#8221; sorusunu ise &#8220;Her yo\u011furdun bir yi\u011fit yiyi\u015fi vard\u0131r. Her yi\u011fidin bir yo\u011furt yiyi\u015fi vard\u0131r demedim. Ben o yo\u011furda kendimi yedirtmem. Ben 9 g\u00fcnl\u00fck milletvekili de\u011filim, 9 y\u0131ll\u0131k milletvekiliyim. Ben partinin grup ba\u015fkanvekiliyim. Ben siyaseti hi\u00e7 ihanet odakl\u0131 yapmad\u0131m. Ben genel ba\u015fkan\u0131n vekiliyim ve hayat\u0131mda siyasette kimseye ihanet etmedim, say\u0131n K\u0131l\u0131\u00e7daro\u011flu\u2019na da etmem. Onun vekilli\u011fi kalkar ortadan o zaman konu\u015fursun. Vekil olan birisi benim g\u00f6nl\u00fcmden \u015f\u00f6yle ge\u00e7iyor diyebilir mi. Dememesi laz\u0131m. Siyaseten do\u011fru olmaz. O vekillik ortadan kalkarsa o zaman bakar\u0131z&#8221; diye cevaplad\u0131.<\/p>\n<p style=\"text-align: justify;\"><strong>&#8220;O kafan\u0131n derdi Sabiha G\u00f6k\u00e7en de\u011fil&#8221;\u00a0<\/strong><\/p>\n<p style=\"text-align: justify;\">\u0130nce, AKP Milletvekili Mehmet Metiner\u2019in, Sabiha G\u00f6k\u00e7en Havaliman\u0131\u2019n\u0131n ad\u0131n\u0131n de\u011fi\u015ftirilmesini istedi\u011finin hat\u0131rlat\u0131lmas\u0131 \u00fczerine, \u015f\u00f6yle konu\u015ftu:<\/p>\n<p style=\"text-align: justify;\">&#8220;Onun derdi Sabiha G\u00f6k\u00e7en Havaalan\u0131 de\u011fil, onun derdi Ye\u015filk\u00f6y\u2019de ki Atat\u00fcrk Havaalan\u0131. Onun de\u011fi\u015ftirmek istedi\u011fi o. Sabiha G\u00f6k\u00e7en ile ba\u015flayacak iki y\u0131l sonra Atat\u00fcrk Havaalan\u0131 ile devam edecek. O kafa, o cahiliye kafa eminim ki Atat\u00fcrk\u2019\u00fc yak\u0131nda sava\u015f su\u00e7lusu ilan eder. O kafan\u0131n as\u0131l derdi Sabiha G\u00f6k\u00e7en de\u011fildir. Yava\u015f yava\u015f geliyor. Zannediyor musunuz s\u00fcrekli \u0130smet \u0130n\u00f6n\u00fc\u2019ye hakaret ediyorlar. Dertlerinin \u0130smet \u0130n\u00f6n\u00fc oldu\u011funu mu d\u00fc\u015f\u00fcn\u00fcyorsunuz. As\u0131l dertleri Atat\u00fcrk\u2019t\u00fcr. \u015eimdilik Atat\u00fcrk\u2019e sata\u015fm\u0131yorlar. Sabiha G\u00f6k\u00e7en ile ba\u015flad\u0131ysa o kafa, Atat\u00fcrk Havaalan\u0131\u2019na da gelecektir. T\u00fcrk milleti buna haz\u0131rl\u0131kl\u0131 olsun. CHP buna haz\u0131r.&#8221;<\/p>\n<p style=\"text-align: justify;\"><a href=\"http:\/\/www.cumhuriyet.com.tr\/?hn=294688&amp;kw=%22Ben+h%FCk%FCmeti+y%FDkmak+istiyorum%22\" target=\"_blank\">Kaynak : Cumhuriyet Haber Portal\u0131<\/a><\/p>\n","protected":false},"excerpt":{"rendered":"<p style=\"text-align: center;\">\n<p style=\"text-align: justify;\">CHP Grup Ba\u015fkanvekili Muharrem \u0130nce, Oda TV iddianamesini haz\u0131rlayan savc\u0131lar\u0131 sert bir dille ele\u015ftirerek, &#8220;O savc\u0131ya sesleniyorum; Yanl\u0131\u015f yazma do\u011fru yaz. Ben h\u00fck\u00fcmeti y\u0131pratmak istemiyorum, ben h\u00fck\u00fcmeti y\u0131kmak istiyorum. \u0130ddianameyi adam gibi yaz. O iddianameleri Meclis k\u00fcrs\u00fcs\u00fcnde y\u0131rt\u0131p ataca\u011f\u0131m. Bunu herkes bu hafta g\u00f6recek&#8221; dedi.<\/p>\n","protected":false},"author":1,"featured_media":0,"comment_status":"open","ping_status":"open","sticky":false,"template":"","format":"standard","meta":{"footnotes":""},"categories":[105],"tags":[],"class_list":["post-43078","post","type-post","status-publish","format-standard","hentry","category-gundem","odd"],"_links":{"self":[{"href":"http:\/\/www.korhanyilmaz.com\/index.php?rest_route=\/wp\/v2\/posts\/43078","targetHints":{"allow":["GET"]}}],"collection":[{"href":"http:\/\/www.korhanyilmaz.com\/index.php?rest_route=\/wp\/v2\/posts"}],"about":[{"href":"http:\/\/www.korhanyilmaz.com\/index.php?rest_route=\/wp\/v2\/types\/post"}],"author":[{"embeddable":true,"href":"http:\/\/www.korhanyilmaz.com\/index.php?rest_route=\/wp\/v2\/users\/1"}],"replies":[{"embeddable":true,"href":"http:\/\/www.korhanyilmaz.com\/index.php?rest_route=%2Fwp%2Fv2%2Fcomments&post=43078"}],"version-history":[{"count":0,"href":"http:\/\/www.korhanyilmaz.com\/index.php?rest_route=\/wp\/v2\/posts\/43078\/revisions"}],"wp:attachment":[{"href":"http:\/\/www.korhanyilmaz.com\/index.php?rest_route=%2Fwp%2Fv2%2Fmedia&parent=43078"}],"wp:term":[{"taxonomy":"category","embeddable":true,"href":"http:\/\/www.korhanyilmaz.com\/index.php?rest_route=%2Fwp%2Fv2%2Fcategories&post=43078"},{"taxonomy":"post_tag","embeddable":true,"href":"http:\/\/www.korhanyilmaz.com\/index.php?rest_route=%2Fwp%2Fv2%2Ftags&post=43078"}],"curies":[{"name":"wp","href":"https:\/\/api.w.org\/{rel}","templated":true}]}}