{"id":4307,"date":"2009-03-01T12:19:03","date_gmt":"2009-03-01T10:19:03","guid":{"rendered":"http:\/\/www.korhanyilmaz.com\/?p=4307"},"modified":"2009-03-01T12:19:03","modified_gmt":"2009-03-01T10:19:03","slug":"cumhuriyetten-beyaz-protesto","status":"publish","type":"post","link":"http:\/\/www.korhanyilmaz.com\/?p=4307","title":{"rendered":"Cumhuriyet&#039;ten beyaz protesto"},"content":{"rendered":"<p><img loading=\"lazy\" decoding=\"async\" class=\"size-full wp-image-4308 alignleft\" style=\"margin-left: 10px; margin-right: 10px;\" title=\"Cumhuriyet'ten beyaz protesto\" src=\"http:\/\/www.korhanyilmaz.com\/wp-content\/uploads\/2009\/03\/fft5_mf128526.jpeg\" alt=\"Cumhuriyet'ten beyaz protesto\" width=\"192\" height=\"281\" \/><\/p>\n<p style=\"text-align: justify;\"><strong>Cumhuriyet gazetesi h\u00fck\u00fcmetin bas\u0131na kar\u015f\u0131 olan tutumunu protesto etmek i\u00e7in bo\u015f sayfayla \u00e7\u0131kt\u0131<\/strong><\/p>\n<p style=\"text-align: justify;\">Cumhuriyet Gazetesi h\u00fck\u00fcmetin\u00a0sans\u00fcr giri\u015fimlerine ilgin\u00e7 bir tepki g\u00f6sterdi. Bembeyaz bir kapakla \u00e7\u0131kan gazete &#8216;iktidar\u0131n medyay\u0131 boykot \u00e7a\u011fr\u0131lar\u0131 ge\u00e7mi\u015f d\u00f6nemlerin dikta \u00f6zlemlerini hat\u0131rlat\u0131yor&#8217; \u00fcst ba\u015fl\u0131\u011f\u0131n\u0131 kulland\u0131. Gazete, kapakta ise sadece &#8216;Biz susarsak kim konu\u015facak?&#8217; ba\u015fl\u0131kl\u0131 tek s\u00fctun bir yaz\u0131ya yer verdi.<\/p>\n<p style=\"text-align: justify;\">&#8216;Gazetemizin bug\u00fcnk\u00fc beyazl\u0131\u011f\u0131 \u00e7o\u011fu ki\u015fiyi \u015fa\u015f\u0131rtacakt\u0131r&#8221; diye ba\u015flayan yaz\u0131da T\u00fcrkiye tarihinde bas\u0131na sald\u0131r\u0131 kampanyalar\u0131 an\u0131msat\u0131larak, Demokrat Parti d\u00f6neminde artan sans\u00fcr nedeniyle gazetelerin belli b\u00f6l\u00fcmlerinin ve sayfalar\u0131n\u0131n kimi zaman okurun kar\u015f\u0131s\u0131na bembayaz \u00e7\u0131kt\u0131\u011f\u0131 hat\u0131rlat\u0131ld\u0131. <!--more--><\/p>\n<p style=\"text-align: justify;\">Yaz\u0131da; &#8220;Bu gidi\u015f gidi\u015f de\u011fildir. \u00d6zg\u00fcr medyaya kar\u015f\u0131 harp s\u00fcreci \u00f6yle bir a\u015famaya ula\u015fm\u0131\u015ft\u0131r ki Cumhuriyet bu vahim ger\u00e7e\u011fin alt\u0131n\u0131 tarihsel bir uyar\u0131yla \u00e7izmeyi yaln\u0131z gazetemiz ad\u0131na de\u011fil, t\u00fcm T\u00fcrkiye&#8217;nin varolu\u015fu a\u00e7\u0131s\u0131ndan ka\u00e7\u0131n\u0131lmaz g\u00f6r\u00fcyor&#8221; deniliyor.<\/p>\n<p style=\"text-align: justify;\">Yaz\u0131da ayr\u0131ca,\u015fu ifadelere yer veriliyor: &#8220;AKP elindeki devlet olanaklar\u0131n\u0131 pervas\u0131zca kullan\u0131yor, kendinden yana medya olu\u015fturmak i\u00e7in gazete, televizyon sat\u0131n al\u0131yor, kendinden yana olmayan medyaya vergi cezalar\u0131 uygulamaya y\u00f6neliyor, kar\u015f\u0131t belledi\u011fi yazar ve gazetecilere as\u0131ls\u0131z su\u00e7lamalarla soru\u015fturmalar a\u00e7t\u0131rarak bas\u0131ndaki muhalefeti sindirmeye \u00e7al\u0131\u015f\u0131yor; bu yolda bir geni\u015f sald\u0131r\u0131 cephesi olu\u015fturmu\u015f durumdad\u0131r. T\u00fcm kamuoyunu uyarmak i\u00e7in herkese soruyoruz: Biz susarsak&#8230;Kim konu\u015facak?&#8230;&#8221;<\/p>\n<p style=\"text-align: justify;\"><span style=\"color: #888888;\">Kaynak : Radikal Gazetesi<\/span><\/p>\n","protected":false},"excerpt":{"rendered":"<\/p>\n<p style=\"text-align: justify;\">Cumhuriyet gazetesi h\u00fck\u00fcmetin bas\u0131na kar\u015f\u0131 olan tutumunu protesto etmek i\u00e7in bo\u015f sayfayla \u00e7\u0131kt\u0131<\/p>\n<p style=\"text-align: justify;\">Cumhuriyet Gazetesi h\u00fck\u00fcmetin sans\u00fcr giri\u015fimlerine ilgin\u00e7 bir tepki g\u00f6sterdi. Bembeyaz bir kapakla \u00e7\u0131kan gazete &#8216;iktidar\u0131n medyay\u0131 boykot \u00e7a\u011fr\u0131lar\u0131 ge\u00e7mi\u015f d\u00f6nemlerin dikta \u00f6zlemlerini hat\u0131rlat\u0131yor&#8217; \u00fcst ba\u015fl\u0131\u011f\u0131n\u0131 kulland\u0131. Gazete, kapakta ise sadece &#8216;Biz susarsak kim konu\u015facak?&#8217; ba\u015fl\u0131kl\u0131 tek s\u00fctun <\/p>\n","protected":false},"author":1,"featured_media":0,"comment_status":"open","ping_status":"closed","sticky":false,"template":"","format":"standard","meta":{"footnotes":""},"categories":[105],"tags":[],"class_list":["post-4307","post","type-post","status-publish","format-standard","hentry","category-gundem","odd"],"_links":{"self":[{"href":"http:\/\/www.korhanyilmaz.com\/index.php?rest_route=\/wp\/v2\/posts\/4307","targetHints":{"allow":["GET"]}}],"collection":[{"href":"http:\/\/www.korhanyilmaz.com\/index.php?rest_route=\/wp\/v2\/posts"}],"about":[{"href":"http:\/\/www.korhanyilmaz.com\/index.php?rest_route=\/wp\/v2\/types\/post"}],"author":[{"embeddable":true,"href":"http:\/\/www.korhanyilmaz.com\/index.php?rest_route=\/wp\/v2\/users\/1"}],"replies":[{"embeddable":true,"href":"http:\/\/www.korhanyilmaz.com\/index.php?rest_route=%2Fwp%2Fv2%2Fcomments&post=4307"}],"version-history":[{"count":0,"href":"http:\/\/www.korhanyilmaz.com\/index.php?rest_route=\/wp\/v2\/posts\/4307\/revisions"}],"wp:attachment":[{"href":"http:\/\/www.korhanyilmaz.com\/index.php?rest_route=%2Fwp%2Fv2%2Fmedia&parent=4307"}],"wp:term":[{"taxonomy":"category","embeddable":true,"href":"http:\/\/www.korhanyilmaz.com\/index.php?rest_route=%2Fwp%2Fv2%2Fcategories&post=4307"},{"taxonomy":"post_tag","embeddable":true,"href":"http:\/\/www.korhanyilmaz.com\/index.php?rest_route=%2Fwp%2Fv2%2Ftags&post=4307"}],"curies":[{"name":"wp","href":"https:\/\/api.w.org\/{rel}","templated":true}]}}